{"id":3417,"date":"2015-11-26T11:12:14","date_gmt":"2015-11-26T10:12:14","guid":{"rendered":"http:\/\/www.satg.pl\/wordpress\/?p=3417"},"modified":"2016-03-12T16:11:36","modified_gmt":"2016-03-12T15:11:36","slug":"gielda-mineralow-kielce","status":"publish","type":"post","link":"https:\/\/satg.pl\/geolog\/archiwa\/gielda-mineralow-kielce\/","title":{"rendered":"Gie\u0142da Minera\u0142\u00f3w &#8211; Kielce"},"content":{"rendered":"<p><img data-recalc-dims=\"1\" loading=\"lazy\" decoding=\"async\" data-attachment-id=\"18254\" data-permalink=\"https:\/\/satg.pl\/geolog\/archiwa\/gielda-mineralow-kielce\/lvii-gielda\/\" data-orig-file=\"https:\/\/i0.wp.com\/satg.pl\/geolog\/wp-content\/uploads\/2015\/11\/LVII-gie%C5%82da.jpg?fit=707%2C960&amp;ssl=1\" data-orig-size=\"707,960\" data-comments-opened=\"1\" data-image-meta=\"{&quot;aperture&quot;:&quot;0&quot;,&quot;credit&quot;:&quot;&quot;,&quot;camera&quot;:&quot;&quot;,&quot;caption&quot;:&quot;&quot;,&quot;created_timestamp&quot;:&quot;0&quot;,&quot;copyright&quot;:&quot;&quot;,&quot;focal_length&quot;:&quot;0&quot;,&quot;iso&quot;:&quot;0&quot;,&quot;shutter_speed&quot;:&quot;0&quot;,&quot;title&quot;:&quot;&quot;,&quot;orientation&quot;:&quot;0&quot;}\" data-image-title=\"LVII gie\u0142da\" data-image-description=\"\" data-image-caption=\"\" data-large-file=\"https:\/\/i0.wp.com\/satg.pl\/geolog\/wp-content\/uploads\/2015\/11\/LVII-gie%C5%82da.jpg?fit=707%2C960&amp;ssl=1\" class=\"alignnone size-full wp-image-18254\" src=\"https:\/\/i0.wp.com\/satg.pl\/geolog\/wp-content\/uploads\/2015\/11\/LVII-gie%C5%82da.jpg?resize=707%2C960&#038;ssl=1\" alt=\"LVII gie\u0142da\" width=\"707\" height=\"960\" srcset=\"https:\/\/i0.wp.com\/satg.pl\/geolog\/wp-content\/uploads\/2015\/11\/LVII-gie%C5%82da.jpg?w=707&amp;ssl=1 707w, https:\/\/i0.wp.com\/satg.pl\/geolog\/wp-content\/uploads\/2015\/11\/LVII-gie%C5%82da.jpg?resize=221%2C300&amp;ssl=1 221w, https:\/\/i0.wp.com\/satg.pl\/geolog\/wp-content\/uploads\/2015\/11\/LVII-gie%C5%82da.jpg?resize=110%2C150&amp;ssl=1 110w\" sizes=\"auto, (max-width: 707px) 100vw, 707px\" \/><\/p>\n","protected":false},"excerpt":{"rendered":"<p class=\"continue-reading-button\"> <a class=\"continue-reading-link\" href=\"https:\/\/satg.pl\/geolog\/archiwa\/gielda-mineralow-kielce\/\">Czytaj dalej<i class=\"crycon-right-dir\"><\/i><\/a><\/p>\n","protected":false},"author":1,"featured_media":18254,"comment_status":"open","ping_status":"open","sticky":false,"template":"","format":"standard","meta":{"ngg_post_thumbnail":0,"jetpack_post_was_ever_published":false,"_jetpack_newsletter_access":"","_jetpack_dont_email_post_to_subs":false,"_jetpack_newsletter_tier_id":0,"_jetpack_memberships_contains_paywalled_content":false,"_jetpack_memberships_contains_paid_content":false,"footnotes":"","jetpack_publicize_message":"","jetpack_publicize_feature_enabled":true,"jetpack_social_post_already_shared":true,"jetpack_social_options":{"image_generator_settings":{"template":"highway","default_image_id":0,"font":"","enabled":false},"version":2}},"categories":[5,9,10],"tags":[],"class_list":["post-3417","post","type-post","status-publish","format-standard","has-post-thumbnail","hentry","category-kielce","category-swietogory","category-swietokrzyskie"],"jetpack_publicize_connections":[],"jetpack_featured_media_url":"https:\/\/i0.wp.com\/satg.pl\/geolog\/wp-content\/uploads\/2015\/11\/LVII-gie%C5%82da.jpg?fit=707%2C960&ssl=1","jetpack_sharing_enabled":true,"jetpack_shortlink":"https:\/\/wp.me\/p7jPbe-T7","jetpack-related-posts":[{"id":2832,"url":"https:\/\/satg.pl\/geolog\/archiwa\/gielda-mineralow-w-kielcach\/","url_meta":{"origin":3417,"position":0},"title":"Gie\u0142da Minera\u0142\u00f3w w Kielcach","author":"Garapozales","date":"2014-11-27","format":false,"excerpt":"","rel":"","context":"W \u201eBez kategorii&quot;","block_context":{"text":"Bez kategorii","link":"https:\/\/satg.pl\/geolog\/archiwa\/category\/bez-kategorii\/"},"img":{"alt_text":"","src":"https:\/\/i0.wp.com\/satg.pl\/geolog\/wp-content\/uploads\/2014\/11\/Gie%C5%82da-XII2014.jpg?fit=706%2C960&ssl=1&resize=350%2C200","width":350,"height":200,"srcset":"https:\/\/i0.wp.com\/satg.pl\/geolog\/wp-content\/uploads\/2014\/11\/Gie%C5%82da-XII2014.jpg?fit=706%2C960&ssl=1&resize=350%2C200 1x, https:\/\/i0.wp.com\/satg.pl\/geolog\/wp-content\/uploads\/2014\/11\/Gie%C5%82da-XII2014.jpg?fit=706%2C960&ssl=1&resize=525%2C300 1.5x, https:\/\/i0.wp.com\/satg.pl\/geolog\/wp-content\/uploads\/2014\/11\/Gie%C5%82da-XII2014.jpg?fit=706%2C960&ssl=1&resize=700%2C400 2x"},"classes":[]},{"id":20290,"url":"https:\/\/satg.pl\/geolog\/archiwa\/lxii-gielda-mineralow\/","url_meta":{"origin":3417,"position":1},"title":"LXII Gie\u0142da Minera\u0142\u00f3w","author":"Garapozales","date":"2018-02-02","format":false,"excerpt":"\u015awi\u0119tokrzyskie Towarzystwo Przyjaci\u00f3\u0142 Nauk Geologicznych zaprasza na 62 Gie\u0142d\u0119 Minera\u0142\u00f3w, kt\u00f3ra odb\u0119dzie si\u0119\u00a0 w Kieleckim Centrum Kultury 24 i 25 lutego 2018.","rel":"","context":"W \u201eKielce&quot;","block_context":{"text":"Kielce","link":"https:\/\/satg.pl\/geolog\/archiwa\/category\/kielce\/"},"img":{"alt_text":"","src":"https:\/\/i0.wp.com\/satg.pl\/geolog\/wp-content\/uploads\/2018\/02\/PLAKAT.jpg?fit=868%2C1200&ssl=1&resize=350%2C200","width":350,"height":200,"srcset":"https:\/\/i0.wp.com\/satg.pl\/geolog\/wp-content\/uploads\/2018\/02\/PLAKAT.jpg?fit=868%2C1200&ssl=1&resize=350%2C200 1x, https:\/\/i0.wp.com\/satg.pl\/geolog\/wp-content\/uploads\/2018\/02\/PLAKAT.jpg?fit=868%2C1200&ssl=1&resize=525%2C300 1.5x, https:\/\/i0.wp.com\/satg.pl\/geolog\/wp-content\/uploads\/2018\/02\/PLAKAT.jpg?fit=868%2C1200&ssl=1&resize=700%2C400 2x"},"classes":[]},{"id":12179,"url":"https:\/\/satg.pl\/geolog\/archiwa\/lviii-gielda-mineralow\/","url_meta":{"origin":3417,"position":2},"title":"LVIII Gie\u0142da Minera\u0142\u00f3w","author":"Garapozales","date":"2016-02-14","format":false,"excerpt":"LVIII Gielda Mineralow \u015awi\u0119tokrzyskie Towarzystwo Przyjaci\u00f3\u0142 Nauk Geologicznych zaprasza na 58 Gie\u0142d\u0119 Minera\u0142\u00f3w, kt\u00f3ra odb\u0119dzie si\u0119 w dniach 27-28 lutego 2016 roku w Centrum Kultury (Plac Moniuszki 2b).","rel":"","context":"W \u201eBez kategorii&quot;","block_context":{"text":"Bez kategorii","link":"https:\/\/satg.pl\/geolog\/archiwa\/category\/bez-kategorii\/"},"img":{"alt_text":"","src":"https:\/\/i0.wp.com\/satg.pl\/geolog\/wp-content\/uploads\/2016\/02\/2016-58-Gie-da-minera-%CB%87w-Kielce.jpg?fit=846%2C1200&ssl=1&resize=350%2C200","width":350,"height":200,"srcset":"https:\/\/i0.wp.com\/satg.pl\/geolog\/wp-content\/uploads\/2016\/02\/2016-58-Gie-da-minera-%CB%87w-Kielce.jpg?fit=846%2C1200&ssl=1&resize=350%2C200 1x, https:\/\/i0.wp.com\/satg.pl\/geolog\/wp-content\/uploads\/2016\/02\/2016-58-Gie-da-minera-%CB%87w-Kielce.jpg?fit=846%2C1200&ssl=1&resize=525%2C300 1.5x, https:\/\/i0.wp.com\/satg.pl\/geolog\/wp-content\/uploads\/2016\/02\/2016-58-Gie-da-minera-%CB%87w-Kielce.jpg?fit=846%2C1200&ssl=1&resize=700%2C400 2x"},"classes":[]},{"id":12204,"url":"https:\/\/satg.pl\/geolog\/archiwa\/12204\/","url_meta":{"origin":3417,"position":3},"title":"Gie\u0142da Minera\u0142\u00f3w &#8211; to ju\u017c dzi\u015b","author":"Garapozales","date":"2016-02-27","format":false,"excerpt":"Od dzi\u015b do jutra w Centrum Kultury w Kielcach (Plac Moniuszki 2b) trwa 58 Gie\u0142da Minera\u0142\u00f3w zorganizowana przez \u015awi\u0119tokrzyskie Towarzystwo Przyjaci\u00f3\u0142 Nauk Geologicznych. Opr\u00f3cz pi\u0119kna z ca\u0142ego \u015bwiata zamkni\u0119tego w twardych ska\u0142ach i minera\u0142ach mo\u017cna podziwia\u0107 wyroby jubilerskie. A jest na co popatrze\u0107. My te\u017c zapraszamy. Poni\u017cej kilka uj\u0119\u0107 z\u2026","rel":"","context":"W \u201eBez kategorii&quot;","block_context":{"text":"Bez kategorii","link":"https:\/\/satg.pl\/geolog\/archiwa\/category\/bez-kategorii\/"},"img":{"alt_text":"","src":"https:\/\/i0.wp.com\/satg.pl\/geolog\/wp-content\/uploads\/2016\/02\/09_GieldaMineralow_2016_MBD.jpg?fit=1066%2C810&ssl=1&resize=350%2C200","width":350,"height":200,"srcset":"https:\/\/i0.wp.com\/satg.pl\/geolog\/wp-content\/uploads\/2016\/02\/09_GieldaMineralow_2016_MBD.jpg?fit=1066%2C810&ssl=1&resize=350%2C200 1x, https:\/\/i0.wp.com\/satg.pl\/geolog\/wp-content\/uploads\/2016\/02\/09_GieldaMineralow_2016_MBD.jpg?fit=1066%2C810&ssl=1&resize=525%2C300 1.5x, https:\/\/i0.wp.com\/satg.pl\/geolog\/wp-content\/uploads\/2016\/02\/09_GieldaMineralow_2016_MBD.jpg?fit=1066%2C810&ssl=1&resize=700%2C400 2x, https:\/\/i0.wp.com\/satg.pl\/geolog\/wp-content\/uploads\/2016\/02\/09_GieldaMineralow_2016_MBD.jpg?fit=1066%2C810&ssl=1&resize=1050%2C600 3x"},"classes":[]},{"id":19544,"url":"https:\/\/satg.pl\/geolog\/archiwa\/gielda-mineralow\/","url_meta":{"origin":3417,"position":4},"title":"Gie\u0142da Minera\u0142\u00f3w","author":"Garapozales","date":"2016-11-22","format":false,"excerpt":"\u015awi\u0119tokrzyskie Towarzystwo Przyjaci\u00f3\u0142 Nauk Geologicznych zaprasza na LIX Gie\u0142d\u0119 minera\u0142\u00f3w, skamienia\u0142o\u015bci i wyrob\u00f3w jubilerskich.","rel":"","context":"W \u201eBez kategorii&quot;","block_context":{"text":"Bez kategorii","link":"https:\/\/satg.pl\/geolog\/archiwa\/category\/bez-kategorii\/"},"img":{"alt_text":"","src":"https:\/\/i0.wp.com\/satg.pl\/geolog\/wp-content\/uploads\/2016\/11\/59-Gie%C5%82da-minera%C5%82%C3%B3w-Kielce.jpg?fit=854%2C1200&ssl=1&resize=350%2C200","width":350,"height":200,"srcset":"https:\/\/i0.wp.com\/satg.pl\/geolog\/wp-content\/uploads\/2016\/11\/59-Gie%C5%82da-minera%C5%82%C3%B3w-Kielce.jpg?fit=854%2C1200&ssl=1&resize=350%2C200 1x, https:\/\/i0.wp.com\/satg.pl\/geolog\/wp-content\/uploads\/2016\/11\/59-Gie%C5%82da-minera%C5%82%C3%B3w-Kielce.jpg?fit=854%2C1200&ssl=1&resize=525%2C300 1.5x, https:\/\/i0.wp.com\/satg.pl\/geolog\/wp-content\/uploads\/2016\/11\/59-Gie%C5%82da-minera%C5%82%C3%B3w-Kielce.jpg?fit=854%2C1200&ssl=1&resize=700%2C400 2x"},"classes":[]},{"id":3412,"url":"https:\/\/satg.pl\/geolog\/archiwa\/biesiada-barborkowa-2015\/","url_meta":{"origin":3417,"position":5},"title":"Biesiada Barb\u00f3rkowa 2015","author":"Garapozales","date":"2015-11-18","format":false,"excerpt":"Bardzo prosimy zdecydowanych o nie czekanie na wp\u0142at\u0119 za Biesiad\u0119 Barb\u00f3rkow\u0105 do ostatnich chwil. Bardzo u\u0142atwi to nam prac\u0119. Biesiada Barb\u00f3rkowa","rel":"","context":"W \u201eBarb\u00f3rka&quot;","block_context":{"text":"Barb\u00f3rka","link":"https:\/\/satg.pl\/geolog\/archiwa\/category\/barborka\/"},"img":{"alt_text":"","src":"","width":0,"height":0},"classes":[]}],"jetpack_likes_enabled":true,"_links":{"self":[{"href":"https:\/\/satg.pl\/geolog\/wp-json\/wp\/v2\/posts\/3417","targetHints":{"allow":["GET"]}}],"collection":[{"href":"https:\/\/satg.pl\/geolog\/wp-json\/wp\/v2\/posts"}],"about":[{"href":"https:\/\/satg.pl\/geolog\/wp-json\/wp\/v2\/types\/post"}],"author":[{"embeddable":true,"href":"https:\/\/satg.pl\/geolog\/wp-json\/wp\/v2\/users\/1"}],"replies":[{"embeddable":true,"href":"https:\/\/satg.pl\/geolog\/wp-json\/wp\/v2\/comments?post=3417"}],"version-history":[{"count":3,"href":"https:\/\/satg.pl\/geolog\/wp-json\/wp\/v2\/posts\/3417\/revisions"}],"predecessor-version":[{"id":18267,"href":"https:\/\/satg.pl\/geolog\/wp-json\/wp\/v2\/posts\/3417\/revisions\/18267"}],"wp:featuredmedia":[{"embeddable":true,"href":"https:\/\/satg.pl\/geolog\/wp-json\/wp\/v2\/media\/18254"}],"wp:attachment":[{"href":"https:\/\/satg.pl\/geolog\/wp-json\/wp\/v2\/media?parent=3417"}],"wp:term":[{"taxonomy":"category","embeddable":true,"href":"https:\/\/satg.pl\/geolog\/wp-json\/wp\/v2\/categories?post=3417"},{"taxonomy":"post_tag","embeddable":true,"href":"https:\/\/satg.pl\/geolog\/wp-json\/wp\/v2\/tags?post=3417"}],"curies":[{"name":"wp","href":"https:\/\/api.w.org\/{rel}","templated":true}]}}