{"id":3412,"date":"2015-11-18T07:26:18","date_gmt":"2015-11-18T06:26:18","guid":{"rendered":"http:\/\/www.satg.pl\/wordpress\/?p=3412"},"modified":"2016-03-12T15:21:57","modified_gmt":"2016-03-12T14:21:57","slug":"biesiada-barborkowa-2015","status":"publish","type":"post","link":"https:\/\/satg.pl\/geolog\/archiwa\/biesiada-barborkowa-2015\/","title":{"rendered":"Biesiada Barb\u00f3rkowa 2015"},"content":{"rendered":"<p>Bardzo prosimy zdecydowanych o nie czekanie na wp\u0142at\u0119 za Biesiad\u0119 Barb\u00f3rkow\u0105 do ostatnich chwil. Bardzo u\u0142atwi to nam prac\u0119.<\/p>\n<p><a href=\"https:\/\/satg.pl\/geolog\/wp-content\/uploads\/2016\/03\/komunikat-SATG.pdf\">Biesiada Barb\u00f3rkowa<\/a><\/p>\n","protected":false},"excerpt":{"rendered":"<p>Bardzo prosimy zdecydowanych o nie czekanie na wp\u0142at\u0119 za Biesiad\u0119 Barb\u00f3rkow\u0105 do ostatnich chwil. Bardzo u\u0142atwi to nam prac\u0119. Biesiada Barb\u00f3rkowa<\/p>\n<p class=\"continue-reading-button\"> <a class=\"continue-reading-link\" href=\"https:\/\/satg.pl\/geolog\/archiwa\/biesiada-barborkowa-2015\/\">Czytaj dalej<i class=\"crycon-right-dir\"><\/i><\/a><\/p>\n","protected":false},"author":1,"featured_media":0,"comment_status":"open","ping_status":"open","sticky":false,"template":"","format":"standard","meta":{"ngg_post_thumbnail":0,"jetpack_post_was_ever_published":false,"_jetpack_newsletter_access":"","_jetpack_dont_email_post_to_subs":false,"_jetpack_newsletter_tier_id":0,"_jetpack_memberships_contains_paywalled_content":false,"_jetpack_memberships_contains_paid_content":false,"footnotes":"","jetpack_publicize_message":"","jetpack_publicize_feature_enabled":true,"jetpack_social_post_already_shared":true,"jetpack_social_options":{"image_generator_settings":{"template":"highway","default_image_id":0,"font":"","enabled":false},"version":2}},"categories":[2,1,5,9,10],"tags":[],"class_list":["post-3412","post","type-post","status-publish","format-standard","hentry","category-barborka","category-bez-kategorii","category-kielce","category-swietogory","category-swietokrzyskie"],"jetpack_publicize_connections":[],"jetpack_featured_media_url":"","jetpack_sharing_enabled":true,"jetpack_shortlink":"https:\/\/wp.me\/p7jPbe-T2","jetpack-related-posts":[{"id":1705,"url":"https:\/\/satg.pl\/geolog\/archiwa\/biesiada-barborkowa\/","url_meta":{"origin":3412,"position":0},"title":"Biesiada Barb\u00f3rkowa","author":"Garapozales","date":"2013-11-15","format":false,"excerpt":"\"Cena za nocleg dla uczestnik\u00f3w Biesiady w Hotelu Kameralnym wynosi 100 z\u0142. od osoby\". Cena obejmuje nocleg oraz \u015bniadanie.","rel":"","context":"W \u201eBez kategorii&quot;","block_context":{"text":"Bez kategorii","link":"https:\/\/satg.pl\/geolog\/archiwa\/category\/bez-kategorii\/"},"img":{"alt_text":"","src":"","width":0,"height":0},"classes":[]},{"id":2804,"url":"https:\/\/satg.pl\/geolog\/archiwa\/barborka-a-raczej-biesiada-barborkowa-relacja-fotograficzna\/","url_meta":{"origin":3412,"position":1},"title":"Barb\u00f3rka, a raczej Biesiada Barb\u00f3rkowa &#8211; relacja fotograficzna","author":"Garapozales","date":"2014-11-25","format":false,"excerpt":"Tekst w opracowaniu, jeszcze nie dotar\u0142. Relacja fotograficzna. Fotografowa\u0142a Marzena Bakalarz-Doropowicz oraz Regina G\u00f3recka i Jan Kowalski. \u00a0 \u00a0","rel":"","context":"W \u201eBarb\u00f3rka&quot;","block_context":{"text":"Barb\u00f3rka","link":"https:\/\/satg.pl\/geolog\/archiwa\/category\/barborka\/"},"img":{"alt_text":"","src":"https:\/\/i0.wp.com\/satg.pl\/geolog\/wp-content\/uploads\/ngg_featured\/027-P1050116.jpg?fit=1084%2C770&ssl=1&resize=350%2C200","width":350,"height":200,"srcset":"https:\/\/i0.wp.com\/satg.pl\/geolog\/wp-content\/uploads\/ngg_featured\/027-P1050116.jpg?fit=1084%2C770&ssl=1&resize=350%2C200 1x, https:\/\/i0.wp.com\/satg.pl\/geolog\/wp-content\/uploads\/ngg_featured\/027-P1050116.jpg?fit=1084%2C770&ssl=1&resize=525%2C300 1.5x, https:\/\/i0.wp.com\/satg.pl\/geolog\/wp-content\/uploads\/ngg_featured\/027-P1050116.jpg?fit=1084%2C770&ssl=1&resize=700%2C400 2x, https:\/\/i0.wp.com\/satg.pl\/geolog\/wp-content\/uploads\/ngg_featured\/027-P1050116.jpg?fit=1084%2C770&ssl=1&resize=1050%2C600 3x"},"classes":[]},{"id":2406,"url":"https:\/\/satg.pl\/geolog\/archiwa\/biesiada-barborkowa-2\/","url_meta":{"origin":3412,"position":2},"title":"Biesiada Barb\u00f3rkowa","author":"Garapozales","date":"2014-11-04","format":false,"excerpt":"Przypominamy o Biesiadzie Barb\u00f3rkowej\u00a0. Znane s\u0105 ju\u017c ceny za nocleg. Pok\u00f3j jednoosobowy 150 z\u0142, dwuosobowy 200 z\u0142. W cen\u0119 wliczone jest \u015bniadanie. Warto te\u017c b\u0119dzie, przed przyjazdem na Barb\u00f3rk\u0119, zapozna\u0107 si\u0119 z piosenk\u0105 Wiertacz. \u00a0","rel":"","context":"W \u201eBarb\u00f3rka&quot;","block_context":{"text":"Barb\u00f3rka","link":"https:\/\/satg.pl\/geolog\/archiwa\/category\/barborka\/"},"img":{"alt_text":"","src":"https:\/\/i0.wp.com\/satg.pl\/geolog\/wp-content\/uploads\/2014\/11\/WIERTACZ_zm.jpg?fit=1024%2C721&ssl=1&resize=350%2C200","width":350,"height":200,"srcset":"https:\/\/i0.wp.com\/satg.pl\/geolog\/wp-content\/uploads\/2014\/11\/WIERTACZ_zm.jpg?fit=1024%2C721&ssl=1&resize=350%2C200 1x, https:\/\/i0.wp.com\/satg.pl\/geolog\/wp-content\/uploads\/2014\/11\/WIERTACZ_zm.jpg?fit=1024%2C721&ssl=1&resize=525%2C300 1.5x, https:\/\/i0.wp.com\/satg.pl\/geolog\/wp-content\/uploads\/2014\/11\/WIERTACZ_zm.jpg?fit=1024%2C721&ssl=1&resize=700%2C400 2x"},"classes":[]},{"id":19511,"url":"https:\/\/satg.pl\/geolog\/archiwa\/biesiada-barborkowa-2016\/","url_meta":{"origin":3412,"position":3},"title":"Biesiada Barb\u00f3rkowa 2016","author":"Garapozales","date":"2016-10-21","format":false,"excerpt":"STOWARZYSZENIE ABSOLWENT\u00d3W TECHNIKUM GEOLOGICZNEGO w Kielcach UPRZEJMIE ZAPRASZA NA XII \u201eBIESIAD\u0118 BARB\u00d3RKOW\u0104\u201d, kt\u00f3ra odb\u0119dzie si\u0119 dnia 10 GRUDNIA 2016 r.\u00a0 w Hotelu\u00a0 \u201eSTANGRET\u201d w Kielcach, przy ulicy Artylerzyst\u00f3w 2. Rozpocz\u0119cie \u201eBIESIADY\u201d w hotelu \u201eSTANGRET\u201d o godz. 18oo. O\u00a0 godz. 17oo \u00a0spotkanie uczestnik\u00f3w \u201eBIESIADY\u201d i absolwent\u00f3w Technikum Geologicznego przed budynkiem szko\u0142y\u2026","rel":"","context":"W \u201eBarb\u00f3rka&quot;","block_context":{"text":"Barb\u00f3rka","link":"https:\/\/satg.pl\/geolog\/archiwa\/category\/barborka\/"},"img":{"alt_text":"godlo-gornicze","src":"https:\/\/i0.wp.com\/satg.pl\/geolog\/wp-content\/uploads\/2016\/10\/godlo-gornicze-150x150.png?resize=350%2C200","width":350,"height":200},"classes":[]},{"id":19518,"url":"https:\/\/satg.pl\/geolog\/archiwa\/biesiada-barborkowa-2016-cenne-informacje\/","url_meta":{"origin":3412,"position":4},"title":"Biesiada Barb\u00f3rkowa 2016 &#8211; cenne informacje","author":"Garapozales","date":"2016-11-08","format":false,"excerpt":"Informujemy, \u017ce istnieje mo\u017cliwo\u015b\u0107 zarezerwowania miejsca noclegowego w Hotelu \u201eSTANGRET\u201d Hotel posiada 8 pokoi 2 osobowych. Cena noclegu ze \u015bniadaniem wynosi 100z\u0142. od osoby . Kontakt : Pani Teresa Poniewierska tel. 668 181 083. W pobli\u017cu znajduj\u0105 si\u0119 ponadto (inne standardy i ceny): Hotel 365; ul. Aleja na Stadion tel.\u2026","rel":"","context":"W \u201eBarb\u00f3rka&quot;","block_context":{"text":"Barb\u00f3rka","link":"https:\/\/satg.pl\/geolog\/archiwa\/category\/barborka\/"},"img":{"alt_text":"","src":"https:\/\/i0.wp.com\/satg.pl\/geolog\/wp-content\/uploads\/2016\/10\/godlo-gornicze.png?fit=220%2C220&ssl=1&resize=350%2C200","width":350,"height":200},"classes":[]},{"id":3611,"url":"https:\/\/satg.pl\/geolog\/archiwa\/po-barborce\/","url_meta":{"origin":3412,"position":5},"title":"Po Barb\u00f3rce","author":"Garapozales","date":"2015-12-18","format":false,"excerpt":"Pi\u0105tego dnia grudnia by\u0142 dniem wyj\u0105tkowym. Po za coroczn\u0105 biesiad\u0105 barb\u00f3rkow\u0105 by\u0142o uroczyste nadanie jednej z ulic kieleckich imienia Jana Kami\u0144skiego. Obchody rozpocz\u0119\u0142y si\u0119 msza \u015bwi\u0119t\u0105 na g\u00f3rze Karcz\u00f3wka. Potem przej\u015bcie do kamienia na samym pocz\u0105tku ulicy Naszego Dyrektora, odwiedziny na cmentarzu i barb\u00f3rkowa karczma. Zapraszamy do ogl\u0105dania galerii (zdj\u0119cia\u2026","rel":"","context":"W \u201eBez kategorii&quot;","block_context":{"text":"Bez kategorii","link":"https:\/\/satg.pl\/geolog\/archiwa\/category\/bez-kategorii\/"},"img":{"alt_text":"","src":"","width":0,"height":0},"classes":[]}],"jetpack_likes_enabled":true,"_links":{"self":[{"href":"https:\/\/satg.pl\/geolog\/wp-json\/wp\/v2\/posts\/3412","targetHints":{"allow":["GET"]}}],"collection":[{"href":"https:\/\/satg.pl\/geolog\/wp-json\/wp\/v2\/posts"}],"about":[{"href":"https:\/\/satg.pl\/geolog\/wp-json\/wp\/v2\/types\/post"}],"author":[{"embeddable":true,"href":"https:\/\/satg.pl\/geolog\/wp-json\/wp\/v2\/users\/1"}],"replies":[{"embeddable":true,"href":"https:\/\/satg.pl\/geolog\/wp-json\/wp\/v2\/comments?post=3412"}],"version-history":[{"count":1,"href":"https:\/\/satg.pl\/geolog\/wp-json\/wp\/v2\/posts\/3412\/revisions"}],"predecessor-version":[{"id":18257,"href":"https:\/\/satg.pl\/geolog\/wp-json\/wp\/v2\/posts\/3412\/revisions\/18257"}],"wp:attachment":[{"href":"https:\/\/satg.pl\/geolog\/wp-json\/wp\/v2\/media?parent=3412"}],"wp:term":[{"taxonomy":"category","embeddable":true,"href":"https:\/\/satg.pl\/geolog\/wp-json\/wp\/v2\/categories?post=3412"},{"taxonomy":"post_tag","embeddable":true,"href":"https:\/\/satg.pl\/geolog\/wp-json\/wp\/v2\/tags?post=3412"}],"curies":[{"name":"wp","href":"https:\/\/api.w.org\/{rel}","templated":true}]}}