{"id":3338,"date":"2015-10-25T06:51:09","date_gmt":"2015-10-25T05:51:09","guid":{"rendered":"http:\/\/www.satg.pl\/wordpress\/?p=3338"},"modified":"2016-03-12T16:07:22","modified_gmt":"2016-03-12T15:07:22","slug":"barborka-2015","status":"publish","type":"post","link":"https:\/\/satg.pl\/geolog\/archiwa\/barborka-2015\/","title":{"rendered":"Barb\u00f3rka 2015"},"content":{"rendered":"<h2>STOWARZYSZENIE ABSOLWENT\u00d3W TECHNIKUM GEOLOGICZNEGO w Kielcach UPRZEJMIE ZAPRASZA NA XI \u201eBIESIAD\u0118 BARB\u00d3RKOW\u0104\u201d, kt\u00f3ra odb\u0119dzie si\u0119 dnia 5 GRUDNIA 2015 r. w Hotelu \u201eKAMERALNY\u201d<\/h2>\n<h2><span style=\"color: #ff0000;\"><a style=\"color: #ff0000;\" href=\"https:\/\/satg.pl\/geolog\/wp-content\/uploads\/2016\/03\/komunikat-SATG.pdf\" target=\"_blank\"><img data-recalc-dims=\"1\" loading=\"lazy\" decoding=\"async\" data-attachment-id=\"12349\" data-permalink=\"https:\/\/satg.pl\/geolog\/archiwa\/osloniecie-bez-odsloniecia\/tg_tarcza\/\" data-orig-file=\"https:\/\/i0.wp.com\/satg.pl\/geolog\/wp-content\/uploads\/2010\/06\/tg_tarcza.jpg?fit=212%2C257&amp;ssl=1\" data-orig-size=\"212,257\" data-comments-opened=\"1\" data-image-meta=\"{&quot;aperture&quot;:&quot;0&quot;,&quot;credit&quot;:&quot;&quot;,&quot;camera&quot;:&quot;&quot;,&quot;caption&quot;:&quot;&quot;,&quot;created_timestamp&quot;:&quot;0&quot;,&quot;copyright&quot;:&quot;&quot;,&quot;focal_length&quot;:&quot;0&quot;,&quot;iso&quot;:&quot;0&quot;,&quot;shutter_speed&quot;:&quot;0&quot;,&quot;title&quot;:&quot;&quot;,&quot;orientation&quot;:&quot;1&quot;}\" data-image-title=\"tg_tarcza\" data-image-description=\"\" data-image-caption=\"\" data-large-file=\"https:\/\/i0.wp.com\/satg.pl\/geolog\/wp-content\/uploads\/2010\/06\/tg_tarcza.jpg?fit=212%2C257&amp;ssl=1\" class=\"alignnone size-full wp-image-12349\" src=\"https:\/\/i0.wp.com\/satg.pl\/geolog\/wp-content\/uploads\/2010\/06\/tg_tarcza.jpg?resize=212%2C257&#038;ssl=1\" alt=\"tg_tarcza\" width=\"212\" height=\"257\" srcset=\"https:\/\/i0.wp.com\/satg.pl\/geolog\/wp-content\/uploads\/2010\/06\/tg_tarcza.jpg?w=212&amp;ssl=1 212w, https:\/\/i0.wp.com\/satg.pl\/geolog\/wp-content\/uploads\/2010\/06\/tg_tarcza.jpg?resize=124%2C150&amp;ssl=1 124w\" sizes=\"auto, (max-width: 212px) 100vw, 212px\" \/><\/a><\/span><\/h2>\n<h2>szczeg\u00f3\u0142y w <span style=\"color: #ff0000;\"><a style=\"color: #ff0000;\" href=\"https:\/\/satg.pl\/geolog\/wp-content\/uploads\/2016\/03\/komunikat-SATG.pdf\" target=\"_blank\">komunikacie SATG<\/a><\/span><\/h2>\n<h3><\/h3>\n<p>&nbsp;<\/p>\n","protected":false},"excerpt":{"rendered":"<p>STOWARZYSZENIE ABSOLWENT\u00d3W TECHNIKUM GEOLOGICZNEGO w Kielcach UPRZEJMIE ZAPRASZA NA XI \u201eBIESIAD\u0118 BARB\u00d3RKOW\u0104\u201d, kt\u00f3ra odb\u0119dzie si\u0119 dnia 5 GRUDNIA 2015 r. w Hotelu \u201eKAMERALNY\u201d szczeg\u00f3\u0142y w komunikacie SATG &nbsp;<\/p>\n<p class=\"continue-reading-button\"> <a class=\"continue-reading-link\" href=\"https:\/\/satg.pl\/geolog\/archiwa\/barborka-2015\/\">Czytaj dalej<i class=\"crycon-right-dir\"><\/i><\/a><\/p>\n","protected":false},"author":1,"featured_media":0,"comment_status":"open","ping_status":"open","sticky":false,"template":"","format":"standard","meta":{"ngg_post_thumbnail":0,"jetpack_post_was_ever_published":false,"_jetpack_newsletter_access":"","_jetpack_dont_email_post_to_subs":false,"_jetpack_newsletter_tier_id":0,"_jetpack_memberships_contains_paywalled_content":false,"_jetpack_memberships_contains_paid_content":false,"footnotes":"","jetpack_publicize_message":"","jetpack_publicize_feature_enabled":true,"jetpack_social_post_already_shared":true,"jetpack_social_options":{"image_generator_settings":{"template":"highway","default_image_id":0,"font":"","enabled":false},"version":2}},"categories":[2,1,5,8],"tags":[],"class_list":["post-3338","post","type-post","status-publish","format-standard","hentry","category-barborka","category-bez-kategorii","category-kielce","category-spotkania"],"jetpack_publicize_connections":[],"jetpack_featured_media_url":"","jetpack_sharing_enabled":true,"jetpack_shortlink":"https:\/\/wp.me\/p7jPbe-RQ","jetpack-related-posts":[{"id":20096,"url":"https:\/\/satg.pl\/geolog\/archiwa\/barborka-2017\/","url_meta":{"origin":3338,"position":0},"title":"Barb\u00f3rka 2017","author":"Garapozales","date":"2017-07-21","format":false,"excerpt":"Poprzednio barb\u00f3rka odbywa\u0142a si\u0119 w restauracji Stangret, w latach wcze\u015bniejszych w hotelu Kameralnych. Gdzie w tym roku? http:\/\/restauracja.stangret-kielce.pl\/ http:\/\/hotelkameralny.com\/ \u00a0 \u00a0 \u00a0","rel":"","context":"W \u201eBarb\u00f3rka&quot;","block_context":{"text":"Barb\u00f3rka","link":"https:\/\/satg.pl\/geolog\/archiwa\/category\/barborka\/"},"img":{"alt_text":"","src":"https:\/\/i0.wp.com\/satg.pl\/geolog\/wp-content\/uploads\/2016\/10\/godlo-gornicze.png?fit=220%2C220&ssl=1&resize=350%2C200","width":350,"height":200},"classes":[]},{"id":324,"url":"https:\/\/satg.pl\/geolog\/archiwa\/barborka-2010\/","url_meta":{"origin":3338,"position":1},"title":"Barb\u00f3rka 2010 i ods\u0142oni\u0119cie tablicy","author":"Garapozales","date":"2010-11-21","format":false,"excerpt":"13 listopada odby\u0142a si\u0119 w restauracji hotelu Kameralnego w Kielcach kolejna \"szkolna\" Barb\u00f3rka. Zabawa, my\u015bl\u0119, \u017ce ka\u017cdy ma mi\u0142e wspomnienia, trwa\u0142a do bia\u0142ego rana. By\u0142y zabawy i ta\u0144ce i oczywi\u015bcie jak to przy karczmie piwo. W dziale Fotografie>Barb\u00f3rki s\u0105 do zobaczenia zdj\u0119cia. Przed Barb\u00f3rk\u0105 odby\u0142o si\u0119 uroczyste ods\u0142oni\u0119cie tablicy (pami\u0119ci\u2026","rel":"","context":"W \u201eBarb\u00f3rka&quot;","block_context":{"text":"Barb\u00f3rka","link":"https:\/\/satg.pl\/geolog\/archiwa\/category\/barborka\/"},"img":{"alt_text":"","src":"https:\/\/i0.wp.com\/satg.pl\/geolog\/wp-content\/uploads\/2010\/11\/barborka2010_023.jpg?fit=811%2C1200&ssl=1&resize=350%2C200","width":350,"height":200,"srcset":"https:\/\/i0.wp.com\/satg.pl\/geolog\/wp-content\/uploads\/2010\/11\/barborka2010_023.jpg?fit=811%2C1200&ssl=1&resize=350%2C200 1x, https:\/\/i0.wp.com\/satg.pl\/geolog\/wp-content\/uploads\/2010\/11\/barborka2010_023.jpg?fit=811%2C1200&ssl=1&resize=525%2C300 1.5x, https:\/\/i0.wp.com\/satg.pl\/geolog\/wp-content\/uploads\/2010\/11\/barborka2010_023.jpg?fit=811%2C1200&ssl=1&resize=700%2C400 2x"},"classes":[]},{"id":22235,"url":"https:\/\/satg.pl\/geolog\/archiwa\/barborka-2024\/","url_meta":{"origin":3338,"position":2},"title":"Barb\u00f3rka 2024","author":"Garapozales","date":"2024-10-22","format":false,"excerpt":"Barb\u00f3rka 2024 STOWARZYSZENIE ABSOLWENT\u00d3W TECHNIKUM GEOLOGICZNEGO w Kielcach UPRZEJMIE ZAPRASZA NA XVII \u201eBIESIAD\u0118 BARB\u00d3RKOW\u0104\u201d, kt\u00f3ra odb\u0119dzie si\u0119 dnia 7 GRUDNIA 2024 r.,(sobota) w Hotelu \u201eBI\u0143KOWSKI DWOREK\u201d w Kielcach, przy ulicy Szczepanika 42.","rel":"","context":"W \u201eBarb\u00f3rka&quot;","block_context":{"text":"Barb\u00f3rka","link":"https:\/\/satg.pl\/geolog\/archiwa\/category\/barborka\/"},"img":{"alt_text":"","src":"https:\/\/i0.wp.com\/satg.pl\/geolog\/wp-content\/uploads\/2024\/10\/Barborka-2024.png?resize=350%2C200&ssl=1","width":350,"height":200,"srcset":"https:\/\/i0.wp.com\/satg.pl\/geolog\/wp-content\/uploads\/2024\/10\/Barborka-2024.png?resize=350%2C200&ssl=1 1x, https:\/\/i0.wp.com\/satg.pl\/geolog\/wp-content\/uploads\/2024\/10\/Barborka-2024.png?resize=525%2C300&ssl=1 1.5x"},"classes":[]},{"id":842,"url":"https:\/\/satg.pl\/geolog\/archiwa\/barborka-2011-informacje-dodatkowe\/","url_meta":{"origin":3338,"position":3},"title":"Barb\u00f3rka 2011 &#8211; informacje dodatkowe","author":"Garapozales","date":"2011-11-09","format":false,"excerpt":"Dla os\u00f3b bior\u0105cych udzia\u0142 w Barb\u00f3rce 26.11.2011 cena noclegu w hotelu Kameralnym wynosi: - za pok\u00f3j 1 osobowy 150z\u0142. - za pok\u00f3j 2 osobowy do pojedynczego wykorzystania 150z\u0142. - za pok\u00f3j 2 osobowy - 2 osoby w pokoju 250z\u0142. W cen\u0119 wliczone jest \u015bniadanie 27.11.2009, parking i basen Rezerwacji mo\u017cna\u2026","rel":"","context":"W \u201eBarb\u00f3rka&quot;","block_context":{"text":"Barb\u00f3rka","link":"https:\/\/satg.pl\/geolog\/archiwa\/category\/barborka\/"},"img":{"alt_text":"","src":"","width":0,"height":0},"classes":[]},{"id":20106,"url":"https:\/\/satg.pl\/geolog\/archiwa\/barborka-2017-2\/","url_meta":{"origin":3338,"position":4},"title":"Barb\u00f3rka 2017","author":"Garapozales","date":"2017-09-07","format":false,"excerpt":"W tym roku Barb\u00f3rka odb\u0119dzie si\u0119 ponownie w zaje\u017adzie Stangret 2 grudnia. Szczeg\u00f3\u0142y wkr\u00f3tce.","rel":"","context":"W \u201eBez kategorii&quot;","block_context":{"text":"Bez kategorii","link":"https:\/\/satg.pl\/geolog\/archiwa\/category\/bez-kategorii\/"},"img":{"alt_text":"","src":"https:\/\/i0.wp.com\/satg.pl\/geolog\/wp-content\/uploads\/2016\/12\/Gornicze_prz.jpg?fit=1080%2C810&ssl=1&resize=350%2C200","width":350,"height":200,"srcset":"https:\/\/i0.wp.com\/satg.pl\/geolog\/wp-content\/uploads\/2016\/12\/Gornicze_prz.jpg?fit=1080%2C810&ssl=1&resize=350%2C200 1x, https:\/\/i0.wp.com\/satg.pl\/geolog\/wp-content\/uploads\/2016\/12\/Gornicze_prz.jpg?fit=1080%2C810&ssl=1&resize=525%2C300 1.5x, https:\/\/i0.wp.com\/satg.pl\/geolog\/wp-content\/uploads\/2016\/12\/Gornicze_prz.jpg?fit=1080%2C810&ssl=1&resize=700%2C400 2x, https:\/\/i0.wp.com\/satg.pl\/geolog\/wp-content\/uploads\/2016\/12\/Gornicze_prz.jpg?fit=1080%2C810&ssl=1&resize=1050%2C600 3x"},"classes":[]},{"id":1170,"url":"https:\/\/satg.pl\/geolog\/archiwa\/barborka-2012-2\/","url_meta":{"origin":3338,"position":5},"title":"Barb\u00f3rka 2012","author":"Garapozales","date":"2012-11-13","format":false,"excerpt":"Barb\u00f3rka tu\u017c, tu\u017c. Znana jest ju\u017c cena noclegu w Hotelu Kameralnym i wynosi ona 90 z\u0142 od osoby. Rezerwacji mo\u017cna dokona\u0107 pod numerem +48 41 348 25 30. W cen\u0119 wliczone jest \u015bniadanie 2 grudnia oraz parking. Szczeg\u00f3\u0142y we wcze\u015bniejszym wpisie o Barb\u00f3rce ZAPRAZSZAMY","rel":"","context":"W \u201eBarb\u00f3rka&quot;","block_context":{"text":"Barb\u00f3rka","link":"https:\/\/satg.pl\/geolog\/archiwa\/category\/barborka\/"},"img":{"alt_text":"","src":"https:\/\/i0.wp.com\/satg.pl\/geolog\/wp-content\/uploads\/2012\/10\/symbol_gorniczy.jpg?fit=640%2C640&ssl=1&resize=350%2C200","width":350,"height":200,"srcset":"https:\/\/i0.wp.com\/satg.pl\/geolog\/wp-content\/uploads\/2012\/10\/symbol_gorniczy.jpg?fit=640%2C640&ssl=1&resize=350%2C200 1x, https:\/\/i0.wp.com\/satg.pl\/geolog\/wp-content\/uploads\/2012\/10\/symbol_gorniczy.jpg?fit=640%2C640&ssl=1&resize=525%2C300 1.5x"},"classes":[]}],"jetpack_likes_enabled":true,"_links":{"self":[{"href":"https:\/\/satg.pl\/geolog\/wp-json\/wp\/v2\/posts\/3338","targetHints":{"allow":["GET"]}}],"collection":[{"href":"https:\/\/satg.pl\/geolog\/wp-json\/wp\/v2\/posts"}],"about":[{"href":"https:\/\/satg.pl\/geolog\/wp-json\/wp\/v2\/types\/post"}],"author":[{"embeddable":true,"href":"https:\/\/satg.pl\/geolog\/wp-json\/wp\/v2\/users\/1"}],"replies":[{"embeddable":true,"href":"https:\/\/satg.pl\/geolog\/wp-json\/wp\/v2\/comments?post=3338"}],"version-history":[{"count":1,"href":"https:\/\/satg.pl\/geolog\/wp-json\/wp\/v2\/posts\/3338\/revisions"}],"predecessor-version":[{"id":18265,"href":"https:\/\/satg.pl\/geolog\/wp-json\/wp\/v2\/posts\/3338\/revisions\/18265"}],"wp:attachment":[{"href":"https:\/\/satg.pl\/geolog\/wp-json\/wp\/v2\/media?parent=3338"}],"wp:term":[{"taxonomy":"category","embeddable":true,"href":"https:\/\/satg.pl\/geolog\/wp-json\/wp\/v2\/categories?post=3338"},{"taxonomy":"post_tag","embeddable":true,"href":"https:\/\/satg.pl\/geolog\/wp-json\/wp\/v2\/tags?post=3338"}],"curies":[{"name":"wp","href":"https:\/\/api.w.org\/{rel}","templated":true}]}}