{"id":3042,"date":"2015-01-09T09:02:19","date_gmt":"2015-01-09T08:02:19","guid":{"rendered":"http:\/\/www.satg.pl\/wordpress\/?p=3042"},"modified":"2016-03-26T23:59:39","modified_gmt":"2016-03-26T22:59:39","slug":"spotkanie-rozliczeniowo-noworoczne","status":"publish","type":"post","link":"https:\/\/satg.pl\/geolog\/archiwa\/spotkanie-rozliczeniowo-noworoczne\/","title":{"rendered":"Spotkanie rozliczeniowo-noworoczne"},"content":{"rendered":"<p>W dniu 16 stycznia o godzinie 14.30 odb\u0119dzie si\u0119 spotkanie rozliczeniowo-noworoczne stowarzyszenia w Centrum Geoedukacji na Wietrzni. Wszystkich ch\u0119tnych zapraszamy.<\/p>\n<p>Zarz\u0105d SATG<\/p>\n<p>&nbsp;<\/p>\n","protected":false},"excerpt":{"rendered":"<p>W dniu 16 stycznia o godzinie 14.30 odb\u0119dzie si\u0119 spotkanie rozliczeniowo-noworoczne stowarzyszenia w Centrum Geoedukacji na Wietrzni. Wszystkich ch\u0119tnych zapraszamy. Zarz\u0105d SATG &nbsp;<\/p>\n<p class=\"continue-reading-button\"> <a class=\"continue-reading-link\" href=\"https:\/\/satg.pl\/geolog\/archiwa\/spotkanie-rozliczeniowo-noworoczne\/\">Czytaj dalej<i class=\"crycon-right-dir\"><\/i><\/a><\/p>\n","protected":false},"author":1,"featured_media":0,"comment_status":"open","ping_status":"open","sticky":false,"template":"","format":"standard","meta":{"ngg_post_thumbnail":0,"jetpack_post_was_ever_published":false,"_jetpack_newsletter_access":"","_jetpack_dont_email_post_to_subs":false,"_jetpack_newsletter_tier_id":0,"_jetpack_memberships_contains_paywalled_content":false,"_jetpack_memberships_contains_paid_content":false,"footnotes":"","jetpack_publicize_message":"","jetpack_publicize_feature_enabled":true,"jetpack_social_post_already_shared":true,"jetpack_social_options":{"image_generator_settings":{"template":"highway","default_image_id":0,"font":"","enabled":false},"version":2}},"categories":[1,5,8,9,10],"tags":[],"class_list":["post-3042","post","type-post","status-publish","format-standard","hentry","category-bez-kategorii","category-kielce","category-spotkania","category-swietogory","category-swietokrzyskie"],"jetpack_publicize_connections":[],"jetpack_featured_media_url":"","jetpack_sharing_enabled":true,"jetpack_shortlink":"https:\/\/wp.me\/p7jPbe-N4","jetpack-related-posts":[{"id":20059,"url":"https:\/\/satg.pl\/geolog\/archiwa\/spotkanie-noworoczne\/","url_meta":{"origin":3042,"position":0},"title":"Spotkanie noworoczne","author":"Garapozales","date":"2017-01-05","format":false,"excerpt":"W dniu 9.01.2017 o godzinie 15:30 odb\u0119dzie si\u0119 spotkanie noworoczne Stowarzyszenia Absolwent\u00f3w Technikum Geologicznego w Centrum Geoedukacji na Wietrzni. Wszystkich zainteresowanych serdecznie zapraszamy. Zarz\u0105d SATG \u00a0","rel":"","context":"W \u201eBez kategorii&quot;","block_context":{"text":"Bez kategorii","link":"https:\/\/satg.pl\/geolog\/archiwa\/category\/bez-kategorii\/"},"img":{"alt_text":"","src":"","width":0,"height":0},"classes":[]},{"id":21624,"url":"https:\/\/satg.pl\/geolog\/archiwa\/spotkanie-noworoczne-fotoreporaz\/","url_meta":{"origin":3042,"position":1},"title":"Spotkanie Noworoczne &#8211; fotorepora\u017c","author":"Garapozales","date":"2022-02-01","format":false,"excerpt":"W styczniu odby\u0142o si\u0119 Spotkanie Noworoczne w bardzo okrojonym sk\u0142adzie, wiadomo covid to covid. By\u0142y \u017cyczenia. Mamy podstawowe jedno: oby\u015bmy mogli si\u0119 spotka\u0107 w szerszym gronie, ca\u0142kiem bezpiecznie i jeszcze bardziej u\u015bmiechni\u0119ci.","rel":"","context":"W \u201eBez kategorii&quot;","block_context":{"text":"Bez kategorii","link":"https:\/\/satg.pl\/geolog\/archiwa\/category\/bez-kategorii\/"},"img":{"alt_text":"","src":"https:\/\/i0.wp.com\/satg.pl\/geolog\/wp-content\/uploads\/2022\/01\/20220107_0803260.jpg?fit=1200%2C541&ssl=1&resize=350%2C200","width":350,"height":200,"srcset":"https:\/\/i0.wp.com\/satg.pl\/geolog\/wp-content\/uploads\/2022\/01\/20220107_0803260.jpg?fit=1200%2C541&ssl=1&resize=350%2C200 1x, https:\/\/i0.wp.com\/satg.pl\/geolog\/wp-content\/uploads\/2022\/01\/20220107_0803260.jpg?fit=1200%2C541&ssl=1&resize=525%2C300 1.5x, https:\/\/i0.wp.com\/satg.pl\/geolog\/wp-content\/uploads\/2022\/01\/20220107_0803260.jpg?fit=1200%2C541&ssl=1&resize=700%2C400 2x, https:\/\/i0.wp.com\/satg.pl\/geolog\/wp-content\/uploads\/2022\/01\/20220107_0803260.jpg?fit=1200%2C541&ssl=1&resize=1050%2C600 3x"},"classes":[]},{"id":21137,"url":"https:\/\/satg.pl\/geolog\/archiwa\/spotkanie-noworoczne-2\/","url_meta":{"origin":3042,"position":2},"title":"Spotkanie noworoczne","author":"Garapozales","date":"2019-01-08","format":false,"excerpt":"Zapraszamy Absolwent\u00f3w Technikum Geologicznego w Kielcach na spotkanie noworoczne, kt\u00f3re odb\u0119dzie si\u0119 w dniu 18.01.2019r. o godz. 16.00 w Geocentrum na Wietrzni. Mile widziane w\u0142asne produkty. Jednocze\u015bnie informujemy, \u017ce b\u0119dzie zbierana za ten rok sk\u0142adka cz\u0142onkowska w wysoko\u015bci 20 z\u0142. \u00a0\u00a0\u00a0\u00a0\u00a0\u00a0\u00a0\u00a0\u00a0\u00a0\u00a0\u00a0\u00a0\u00a0\u00a0\u00a0\u00a0\u00a0\u00a0\u00a0\u00a0\u00a0\u00a0\u00a0\u00a0\u00a0\u00a0\u00a0\u00a0\u00a0\u00a0\u00a0\u00a0\u00a0\u00a0\u00a0\u00a0\u00a0\u00a0\u00a0\u00a0\u00a0\u00a0\u00a0\u00a0\u00a0\u00a0\u00a0\u00a0\u00a0\u00a0\u00a0\u00a0\u00a0\u00a0\u00a0\u00a0\u00a0\u00a0\u00a0\u00a0\u00a0\u00a0\u00a0\u00a0\u00a0\u00a0\u00a0\u00a0\u00a0\u00a0\u00a0\u00a0\u00a0\u00a0\u00a0\u00a0\u00a0\u00a0\u00a0\u00a0\u00a0\u00a0\u00a0\u00a0\u00a0\u00a0\u00a0\u00a0\u00a0\u00a0\u00a0\u00a0\u00a0\u00a0\u00a0\u00a0\u00a0\u00a0\u00a0\u00a0\u00a0\u00a0\u00a0\u00a0\u00a0\u00a0\u00a0\u00a0\u00a0\u00a0\u00a0\u00a0\u00a0\u00a0\u00a0\u00a0\u00a0\u00a0 Za Zarz\u0105d: \u00a0\u00a0\u00a0\u00a0\u00a0\u00a0\u00a0\u00a0\u00a0\u00a0\u00a0\u00a0\u00a0\u00a0\u00a0\u00a0\u00a0\u00a0\u00a0\u00a0\u00a0\u00a0\u00a0\u00a0\u00a0\u00a0\u00a0\u00a0\u00a0\u00a0\u00a0\u00a0\u00a0\u00a0\u00a0\u00a0\u00a0\u00a0\u00a0\u00a0\u00a0\u00a0\u00a0\u00a0\u00a0\u00a0\u00a0\u00a0\u00a0\u00a0\u00a0\u00a0\u00a0\u00a0\u00a0\u00a0\u00a0\u00a0\u00a0\u00a0\u00a0\u00a0\u00a0\u00a0\u00a0\u00a0 \u00a0\u00a0\u00a0\u00a0\u00a0\u00a0\u00a0\u00a0\u00a0\u00a0\u00a0\u00a0\u00a0\u00a0\u00a0\u00a0\u00a0\u00a0\u00a0\u00a0\u00a0\u00a0\u00a0\u00a0\u00a0\u00a0\u00a0\u00a0\u00a0\u00a0\u00a0\u00a0\u00a0\u00a0\u00a0\u00a0\u00a0\u00a0\u00a0\u00a0\u00a0\u00a0\u00a0\u00a0\u00a0\u00a0\u00a0\u00a0\u00a0\u00a0\u00a0Marzena BD","rel":"","context":"W \u201eBez kategorii&quot;","block_context":{"text":"Bez kategorii","link":"https:\/\/satg.pl\/geolog\/archiwa\/category\/bez-kategorii\/"},"img":{"alt_text":"","src":"","width":0,"height":0},"classes":[]},{"id":22586,"url":"https:\/\/satg.pl\/geolog\/archiwa\/spotkanie-noworoczne-3\/","url_meta":{"origin":3042,"position":3},"title":"Spotkanie Noworoczne &#8211; zmiana daty","author":"Garapozales","date":"2025-12-09","format":false,"excerpt":"Zmiana daty wydarzenia. Data zostanie podana wkr\u00f3tce. Spotkanie noworoczne odb\u0119dzie si\u0119 w Geoparku 16 stycznia o godzinie 16.00.","rel":"","context":"W \u201eBez kategorii&quot;","block_context":{"text":"Bez kategorii","link":"https:\/\/satg.pl\/geolog\/archiwa\/category\/bez-kategorii\/"},"img":{"alt_text":"","src":"https:\/\/i0.wp.com\/satg.pl\/geolog\/wp-content\/uploads\/2022\/01\/20220107_0803260.jpg?fit=1200%2C541&ssl=1&resize=350%2C200","width":350,"height":200,"srcset":"https:\/\/i0.wp.com\/satg.pl\/geolog\/wp-content\/uploads\/2022\/01\/20220107_0803260.jpg?fit=1200%2C541&ssl=1&resize=350%2C200 1x, https:\/\/i0.wp.com\/satg.pl\/geolog\/wp-content\/uploads\/2022\/01\/20220107_0803260.jpg?fit=1200%2C541&ssl=1&resize=525%2C300 1.5x, https:\/\/i0.wp.com\/satg.pl\/geolog\/wp-content\/uploads\/2022\/01\/20220107_0803260.jpg?fit=1200%2C541&ssl=1&resize=700%2C400 2x, https:\/\/i0.wp.com\/satg.pl\/geolog\/wp-content\/uploads\/2022\/01\/20220107_0803260.jpg?fit=1200%2C541&ssl=1&resize=1050%2C600 3x"},"classes":[]},{"id":21997,"url":"https:\/\/satg.pl\/geolog\/archiwa\/spotkanie-oplatkowe-absolwentow-tg\/","url_meta":{"origin":3042,"position":4},"title":"Spotkanie op\u0142atkowe Absolwent\u00f3w TG","author":"Garapozales","date":"2023-12-10","format":false,"excerpt":"Coroczne spotkanie noworoczne (op\u0142atkowe) odb\u0119dzie si\u0119 12 stycznia 2024 o godzinie 15:30 w Geocentrum na Wietrzni. Zaopatrzenie imprezy we w\u0142asnym zakresie. \u00a0","rel":"","context":"W \u201espotkania&quot;","block_context":{"text":"spotkania","link":"https:\/\/satg.pl\/geolog\/archiwa\/category\/spotkania\/"},"img":{"alt_text":"","src":"https:\/\/i0.wp.com\/satg.pl\/geolog\/wp-content\/uploads\/2022\/01\/20220107_0803260.jpg?fit=1200%2C541&ssl=1&resize=350%2C200","width":350,"height":200,"srcset":"https:\/\/i0.wp.com\/satg.pl\/geolog\/wp-content\/uploads\/2022\/01\/20220107_0803260.jpg?fit=1200%2C541&ssl=1&resize=350%2C200 1x, https:\/\/i0.wp.com\/satg.pl\/geolog\/wp-content\/uploads\/2022\/01\/20220107_0803260.jpg?fit=1200%2C541&ssl=1&resize=525%2C300 1.5x, https:\/\/i0.wp.com\/satg.pl\/geolog\/wp-content\/uploads\/2022\/01\/20220107_0803260.jpg?fit=1200%2C541&ssl=1&resize=700%2C400 2x, https:\/\/i0.wp.com\/satg.pl\/geolog\/wp-content\/uploads\/2022\/01\/20220107_0803260.jpg?fit=1200%2C541&ssl=1&resize=1050%2C600 3x"},"classes":[]},{"id":8818,"url":"https:\/\/satg.pl\/geolog\/archiwa\/2016\/","url_meta":{"origin":3042,"position":5},"title":"2016","author":"Garapozales","date":"2016-01-04","format":false,"excerpt":"W dniu 08.01.2016r. o godz. 15.30 odb\u0119dzie si\u0119 spotkanie noworoczne Stowarzyszenia Absolwent\u00f3w Technikum Geologicznego w Centrum Geoedukacji na Wietrzni. Wszystkich ch\u0119tnych serdecznie zapraszamy. Zarz\u0105d SATG","rel":"","context":"W \u201eBez kategorii&quot;","block_context":{"text":"Bez kategorii","link":"https:\/\/satg.pl\/geolog\/archiwa\/category\/bez-kategorii\/"},"img":{"alt_text":"","src":"https:\/\/i0.wp.com\/satg.pl\/geolog\/wp-content\/uploads\/2016\/01\/2016_SATG.png?fit=1200%2C1200&ssl=1&resize=350%2C200","width":350,"height":200,"srcset":"https:\/\/i0.wp.com\/satg.pl\/geolog\/wp-content\/uploads\/2016\/01\/2016_SATG.png?fit=1200%2C1200&ssl=1&resize=350%2C200 1x, https:\/\/i0.wp.com\/satg.pl\/geolog\/wp-content\/uploads\/2016\/01\/2016_SATG.png?fit=1200%2C1200&ssl=1&resize=525%2C300 1.5x, https:\/\/i0.wp.com\/satg.pl\/geolog\/wp-content\/uploads\/2016\/01\/2016_SATG.png?fit=1200%2C1200&ssl=1&resize=700%2C400 2x, https:\/\/i0.wp.com\/satg.pl\/geolog\/wp-content\/uploads\/2016\/01\/2016_SATG.png?fit=1200%2C1200&ssl=1&resize=1050%2C600 3x"},"classes":[]}],"jetpack_likes_enabled":true,"_links":{"self":[{"href":"https:\/\/satg.pl\/geolog\/wp-json\/wp\/v2\/posts\/3042","targetHints":{"allow":["GET"]}}],"collection":[{"href":"https:\/\/satg.pl\/geolog\/wp-json\/wp\/v2\/posts"}],"about":[{"href":"https:\/\/satg.pl\/geolog\/wp-json\/wp\/v2\/types\/post"}],"author":[{"embeddable":true,"href":"https:\/\/satg.pl\/geolog\/wp-json\/wp\/v2\/users\/1"}],"replies":[{"embeddable":true,"href":"https:\/\/satg.pl\/geolog\/wp-json\/wp\/v2\/comments?post=3042"}],"version-history":[{"count":1,"href":"https:\/\/satg.pl\/geolog\/wp-json\/wp\/v2\/posts\/3042\/revisions"}],"predecessor-version":[{"id":18288,"href":"https:\/\/satg.pl\/geolog\/wp-json\/wp\/v2\/posts\/3042\/revisions\/18288"}],"wp:attachment":[{"href":"https:\/\/satg.pl\/geolog\/wp-json\/wp\/v2\/media?parent=3042"}],"wp:term":[{"taxonomy":"category","embeddable":true,"href":"https:\/\/satg.pl\/geolog\/wp-json\/wp\/v2\/categories?post=3042"},{"taxonomy":"post_tag","embeddable":true,"href":"https:\/\/satg.pl\/geolog\/wp-json\/wp\/v2\/tags?post=3042"}],"curies":[{"name":"wp","href":"https:\/\/api.w.org\/{rel}","templated":true}]}}