{"id":2840,"date":"2014-12-04T08:53:30","date_gmt":"2014-12-04T07:53:30","guid":{"rendered":"http:\/\/www.satg.pl\/wordpress\/?p=2840"},"modified":"2016-03-27T00:02:39","modified_gmt":"2016-03-26T23:02:39","slug":"barborka-barburka","status":"publish","type":"post","link":"https:\/\/satg.pl\/geolog\/archiwa\/barborka-barburka\/","title":{"rendered":"Barb\u00f3rka, Barburka"},"content":{"rendered":"<h2><span style=\"color: #339966;\">z g\u00f3rniczym pozdrowieniem<\/span><\/h2>\n<h1>Szcz\u0119\u015b\u0107 Bo\u017ce<\/h1>\n<h3>&#8230; G\u00f3rniczy stan hej niech nam \u017cyje, niech \u017cyje nam g\u00f3rniczy stan &#8230;<\/h3>\n<div id=\"attachment_18289\" style=\"width: 478px\" class=\"wp-caption alignnone\"><img data-recalc-dims=\"1\" loading=\"lazy\" decoding=\"async\" aria-describedby=\"caption-attachment-18289\" data-attachment-id=\"18289\" data-permalink=\"https:\/\/satg.pl\/geolog\/archiwa\/barborka-barburka\/barbara-karczowka\/\" data-orig-file=\"https:\/\/i0.wp.com\/satg.pl\/geolog\/wp-content\/uploads\/2014\/12\/Barbara-karczowka.png?fit=468%2C692&amp;ssl=1\" data-orig-size=\"468,692\" data-comments-opened=\"1\" data-image-meta=\"{&quot;aperture&quot;:&quot;0&quot;,&quot;credit&quot;:&quot;&quot;,&quot;camera&quot;:&quot;&quot;,&quot;caption&quot;:&quot;&quot;,&quot;created_timestamp&quot;:&quot;0&quot;,&quot;copyright&quot;:&quot;&quot;,&quot;focal_length&quot;:&quot;0&quot;,&quot;iso&quot;:&quot;0&quot;,&quot;shutter_speed&quot;:&quot;0&quot;,&quot;title&quot;:&quot;&quot;,&quot;orientation&quot;:&quot;0&quot;}\" data-image-title=\"Barbara-karczowka\" data-image-description=\"\" data-image-caption=\"\" data-large-file=\"https:\/\/i0.wp.com\/satg.pl\/geolog\/wp-content\/uploads\/2014\/12\/Barbara-karczowka.png?fit=468%2C692&amp;ssl=1\" class=\"wp-image-18289 size-full\" src=\"https:\/\/i0.wp.com\/satg.pl\/geolog\/wp-content\/uploads\/2014\/12\/Barbara-karczowka.png?resize=468%2C692&#038;ssl=1\" alt=\"Barbara-karczowka\" width=\"468\" height=\"692\" srcset=\"https:\/\/i0.wp.com\/satg.pl\/geolog\/wp-content\/uploads\/2014\/12\/Barbara-karczowka.png?w=468&amp;ssl=1 468w, https:\/\/i0.wp.com\/satg.pl\/geolog\/wp-content\/uploads\/2014\/12\/Barbara-karczowka.png?resize=203%2C300&amp;ssl=1 203w, https:\/\/i0.wp.com\/satg.pl\/geolog\/wp-content\/uploads\/2014\/12\/Barbara-karczowka.png?resize=101%2C150&amp;ssl=1 101w\" sizes=\"auto, (max-width: 468px) 100vw, 468px\" \/><p id=\"caption-attachment-18289\" class=\"wp-caption-text\">\u015awi\u0119ta Barbara z Karcz\u00f3wki<\/p><\/div>\n<h1><\/h1>\n","protected":false},"excerpt":{"rendered":"<p>z g\u00f3rniczym pozdrowieniem Szcz\u0119\u015b\u0107 Bo\u017ce &#8230; G\u00f3rniczy stan hej niech nam \u017cyje, niech \u017cyje nam g\u00f3rniczy stan &#8230;<\/p>\n<p class=\"continue-reading-button\"> <a class=\"continue-reading-link\" href=\"https:\/\/satg.pl\/geolog\/archiwa\/barborka-barburka\/\">Czytaj dalej<i class=\"crycon-right-dir\"><\/i><\/a><\/p>\n","protected":false},"author":1,"featured_media":18289,"comment_status":"open","ping_status":"open","sticky":false,"template":"","format":"standard","meta":{"ngg_post_thumbnail":0,"jetpack_post_was_ever_published":false,"_jetpack_newsletter_access":"","_jetpack_dont_email_post_to_subs":false,"_jetpack_newsletter_tier_id":0,"_jetpack_memberships_contains_paywalled_content":false,"_jetpack_memberships_contains_paid_content":false,"footnotes":"","jetpack_publicize_message":"","jetpack_publicize_feature_enabled":true,"jetpack_social_post_already_shared":true,"jetpack_social_options":{"image_generator_settings":{"template":"highway","default_image_id":0,"font":"","enabled":false},"version":2}},"categories":[2,1,9,10],"tags":[],"class_list":["post-2840","post","type-post","status-publish","format-standard","has-post-thumbnail","hentry","category-barborka","category-bez-kategorii","category-swietogory","category-swietokrzyskie"],"jetpack_publicize_connections":[],"jetpack_featured_media_url":"https:\/\/i0.wp.com\/satg.pl\/geolog\/wp-content\/uploads\/2014\/12\/Barbara-karczowka.png?fit=468%2C692&ssl=1","jetpack_sharing_enabled":true,"jetpack_shortlink":"https:\/\/wp.me\/p7jPbe-JO","jetpack-related-posts":[{"id":21545,"url":"https:\/\/satg.pl\/geolog\/archiwa\/4-grudnia-barborka-barburka\/","url_meta":{"origin":2840,"position":0},"title":"4 grudnia &#8211; Barb\u00f3rka, Barburka","author":"Garapozales","date":"2021-12-03","format":false,"excerpt":"Wszystkim g\u00f3rnikom sk\u0142adamy \u017cyczenia lepszej przysz\u0142o\u015bci. G\u00f3rniczy stan hej niech nam \u017cyje... O \u015aw. Barbarze","rel":"","context":"W \u201eBez kategorii&quot;","block_context":{"text":"Bez kategorii","link":"https:\/\/satg.pl\/geolog\/archiwa\/category\/bez-kategorii\/"},"img":{"alt_text":"","src":"","width":0,"height":0},"classes":[]},{"id":1198,"url":"https:\/\/satg.pl\/geolog\/archiwa\/barborka-od-dziury-do-wylotu\/","url_meta":{"origin":2840,"position":1},"title":"Barb\u00f3rka od Dziury do Wylotu","author":"Garapozales","date":"2012-12-10","format":false,"excerpt":"Barb\u00f3rka, a raczej g\u00f3rnicza karczma piwna (cho\u0107 w naszym przypadku chyba geologiczna) odby\u0142a si\u0119 1 grudnia. Bra\u0107 geologiczna przyby\u0142a w znacznym i zacnym gronie. Mo\u017cna by nawet si\u0119 pokusic na stwierdzenie \u201eod dziury do wylotu\u201d, od pocz\u0105tku do ko\u0144ca (poniewa\u017c zjawi\u0142y si\u0119 osoby z niemal\u017ce ostatniego rocznika, a Dziura Stanis\u0142aw\u2026","rel":"","context":"W \u201eBez kategorii&quot;","block_context":{"text":"Bez kategorii","link":"https:\/\/satg.pl\/geolog\/archiwa\/category\/bez-kategorii\/"},"img":{"alt_text":"","src":"","width":0,"height":0},"classes":[]},{"id":19488,"url":"https:\/\/satg.pl\/geolog\/archiwa\/godlo-gornicze-czyli-co-i-jak-z-kulpa\/","url_meta":{"origin":2840,"position":2},"title":"God\u0142o g\u00f3rnicze czyli co i jak z kupl\u0105","author":"Garapozales","date":"2016-10-13","format":false,"excerpt":"Barb\u00f3rka tu\u017c, tu\u017c ... wi\u0119c mo\u017ce troch\u0119 o godle ... g\u00f3rniczym godle. God\u0142o g\u00f3rnicze sk\u0142adaj\u0105ce si\u0119 z \u017celoska i le\u017c\u0105cego na nim pyrlika znane by\u0142o ju\u017c w \u015bredniowieczu (niestety w Krzemionkach Opatowskich nie znano pyrlika w tej formie). Uk\u0142adanie narz\u0119dzi na krzy\u017c mia\u0142o odstraszy\u0107 z\u0142e moce (duchy) - prawdopodobnie jeszcze\u2026","rel":"","context":"W \u201eBarb\u00f3rka&quot;","block_context":{"text":"Barb\u00f3rka","link":"https:\/\/satg.pl\/geolog\/archiwa\/category\/barborka\/"},"img":{"alt_text":"godlogornicze","src":"https:\/\/i0.wp.com\/satg.pl\/geolog\/wp-content\/uploads\/2016\/10\/Godlogornicze.jpg?resize=350%2C200","width":350,"height":200},"classes":[]},{"id":21807,"url":"https:\/\/satg.pl\/geolog\/archiwa\/kielecki-geolog-ryszard-kielek\/","url_meta":{"origin":2840,"position":3},"title":"Kielecki Geolog &#8211; Ryszard Kie\u0142ek (tekst oryginalny)","author":"Garapozales","date":"2023-06-28","format":false,"excerpt":"Kielecki Geolog -\u00a0 Ryszard Kie\u0142ek (tekst oryginalny) \u00a0 \u00a0 \u00a0 \u00a0 W \u015bwi\u0119tokrzyskich g\u00f3r enklawie dzia\u0142a\u0142a kiedy\u015b pi\u0119kna szko\u0142a o nie tylko regionalnej, kieleckiej ale i narodowej s\u0142awie. Ten monolog m\u00f3wi o \u015bredniej szkole o nazwie \"Geolog\". Jego historia wiele lat si\u0119ga, to prawdziwa edukacyjna pot\u0119ga, technicy wiertnicy, p\u00f3\u017aniejsi in\u017cynierowie,\u2026","rel":"","context":"W \u201eBez kategorii&quot;","block_context":{"text":"Bez kategorii","link":"https:\/\/satg.pl\/geolog\/archiwa\/category\/bez-kategorii\/"},"img":{"alt_text":"","src":"https:\/\/i0.wp.com\/satg.pl\/geolog\/wp-content\/uploads\/2023\/06\/Ryszard-Kielek-scaled.jpg?fit=780%2C1200&ssl=1&resize=350%2C200","width":350,"height":200,"srcset":"https:\/\/i0.wp.com\/satg.pl\/geolog\/wp-content\/uploads\/2023\/06\/Ryszard-Kielek-scaled.jpg?fit=780%2C1200&ssl=1&resize=350%2C200 1x, https:\/\/i0.wp.com\/satg.pl\/geolog\/wp-content\/uploads\/2023\/06\/Ryszard-Kielek-scaled.jpg?fit=780%2C1200&ssl=1&resize=525%2C300 1.5x, https:\/\/i0.wp.com\/satg.pl\/geolog\/wp-content\/uploads\/2023\/06\/Ryszard-Kielek-scaled.jpg?fit=780%2C1200&ssl=1&resize=700%2C400 2x"},"classes":[]},{"id":2813,"url":"https:\/\/satg.pl\/geolog\/archiwa\/biesiada-w-tekscie\/","url_meta":{"origin":2840,"position":4},"title":"Biesiada w tek\u015bcie","author":"Garapozales","date":"2014-11-25","format":false,"excerpt":"Kr\u00f3tka historia Biesiady Barb\u00f3rkowej Na jubileuszow\u0105 X Biesiad\u0119 Barb\u00f3rkow\u0105 przybyli w zdumiewaj\u0105cej ilo\u015bci z ca\u0142ej Polski absolwenci \"Geologa\". Swoj\u0105 obecno\u015bci\u0105 zaszczyci\u0142o nas r\u00f3wnie\u017c licznie grono pedagogiczne. Przybyli Pani Dyrektor Jolanta Szajn i Dyrektor Tadeusz Mertyna, Profesorowie: Krystyna J\u00f3\u017awik, Barbara So\u0142owow, El\u017cbieta Religa, Barbara Nowak, Andrzej Mazur, J\u00f3zef Mrozicki. Przed rozpocz\u0119ciem\u2026","rel":"","context":"W \u201eBarb\u00f3rka&quot;","block_context":{"text":"Barb\u00f3rka","link":"https:\/\/satg.pl\/geolog\/archiwa\/category\/barborka\/"},"img":{"alt_text":"","src":"","width":0,"height":0},"classes":[]},{"id":22154,"url":"https:\/\/satg.pl\/geolog\/archiwa\/wniosek-o-nadanie-stopnia-gorniczego\/","url_meta":{"origin":2840,"position":5},"title":"Wniosek o nadanie stopnia g\u00f3rniczego","author":"Garapozales","date":"2024-05-10","format":false,"excerpt":"W zwiazku z zainteresowaniem stopniami g\u00f3rniczymi przekazujemy do pobrania plik do wype\u0142nienia. wniosek o stopie\u0144 g\u00f3rniczy (DOC) wniosek o stopie\u0144 g\u00f3rniczy (PDF)","rel":"","context":"W \u201eBez kategorii&quot;","block_context":{"text":"Bez kategorii","link":"https:\/\/satg.pl\/geolog\/archiwa\/category\/bez-kategorii\/"},"img":{"alt_text":"","src":"","width":0,"height":0},"classes":[]}],"jetpack_likes_enabled":true,"_links":{"self":[{"href":"https:\/\/satg.pl\/geolog\/wp-json\/wp\/v2\/posts\/2840","targetHints":{"allow":["GET"]}}],"collection":[{"href":"https:\/\/satg.pl\/geolog\/wp-json\/wp\/v2\/posts"}],"about":[{"href":"https:\/\/satg.pl\/geolog\/wp-json\/wp\/v2\/types\/post"}],"author":[{"embeddable":true,"href":"https:\/\/satg.pl\/geolog\/wp-json\/wp\/v2\/users\/1"}],"replies":[{"embeddable":true,"href":"https:\/\/satg.pl\/geolog\/wp-json\/wp\/v2\/comments?post=2840"}],"version-history":[{"count":1,"href":"https:\/\/satg.pl\/geolog\/wp-json\/wp\/v2\/posts\/2840\/revisions"}],"predecessor-version":[{"id":18290,"href":"https:\/\/satg.pl\/geolog\/wp-json\/wp\/v2\/posts\/2840\/revisions\/18290"}],"wp:featuredmedia":[{"embeddable":true,"href":"https:\/\/satg.pl\/geolog\/wp-json\/wp\/v2\/media\/18289"}],"wp:attachment":[{"href":"https:\/\/satg.pl\/geolog\/wp-json\/wp\/v2\/media?parent=2840"}],"wp:term":[{"taxonomy":"category","embeddable":true,"href":"https:\/\/satg.pl\/geolog\/wp-json\/wp\/v2\/categories?post=2840"},{"taxonomy":"post_tag","embeddable":true,"href":"https:\/\/satg.pl\/geolog\/wp-json\/wp\/v2\/tags?post=2840"}],"curies":[{"name":"wp","href":"https:\/\/api.w.org\/{rel}","templated":true}]}}