{"id":22625,"date":"2026-09-03T11:19:56","date_gmt":"2026-09-03T09:19:56","guid":{"rendered":"https:\/\/satg.pl\/geolog\/?p=22625"},"modified":"2026-09-03T11:19:56","modified_gmt":"2026-09-03T09:19:56","slug":"lot-balonem","status":"publish","type":"post","link":"https:\/\/satg.pl\/geolog\/archiwa\/lot-balonem\/","title":{"rendered":"Lot balonem"},"content":{"rendered":"<p>Komunikat o planowanym locie balonem nad Ponidziem.<\/p>\n<p>Termin startu: 9.09.2026 ok. godz. 16:00<\/p>\n<p>Czas lotu: ok 1 godz.<\/p>\n<p>Miejsce startu: Aeroklub w Pi\u0144czowie<\/p>\n<p>Koszt: 720 z\u0142\/osob\u0119<\/p>\n<p>Termin zg\u0142oszenia: do 8.09.2026<\/p>\n<p>Dojazd: we w\u0142asnym zakresie<\/p>\n<p>Na koniec: mo\u017cliwe ognisko<\/p>\n<p>Zg\u0142oszenia: u kole\u017canki Mariolki<\/p>\n<p>&nbsp;<\/p>\n<p>Prezes jan Kowalski<\/p>\n","protected":false},"excerpt":{"rendered":"<p>Komunikat o planowanym locie balonem nad Ponidziem. Termin startu: 9.09.2026 ok. godz. 16:00 Czas lotu: ok 1 godz. Miejsce startu: Aeroklub w Pi\u0144czowie Koszt: 720 z\u0142\/osob\u0119 Termin zg\u0142oszenia: do 8.09.2026 Dojazd: we w\u0142asnym zakresie Na koniec: mo\u017cliwe ognisko Zg\u0142oszenia: u kole\u017canki Mariolki &nbsp; Prezes jan Kowalski<\/p>\n<p class=\"continue-reading-button\"> <a class=\"continue-reading-link\" href=\"https:\/\/satg.pl\/geolog\/archiwa\/lot-balonem\/\">Czytaj dalej<i class=\"crycon-right-dir\"><\/i><\/a><\/p>\n","protected":false},"author":1,"featured_media":0,"comment_status":"open","ping_status":"open","sticky":false,"template":"","format":"standard","meta":{"_jetpack_newsletter_access":"","_jetpack_dont_email_post_to_subs":false,"_jetpack_newsletter_tier_id":0,"_jetpack_memberships_contains_paywalled_content":false,"_jetpack_feature_clip_id":0,"_jetpack_memberships_contains_paid_content":false,"footnotes":"","jetpack_publicize_message":"","jetpack_publicize_feature_enabled":true,"jetpack_social_post_already_shared":true,"jetpack_social_options":{"image_generator_settings":{"template":"highway","default_image_id":0,"font":"","enabled":false},"version":2},"jetpack_post_was_ever_published":false},"categories":[1],"tags":[],"class_list":["post-22625","post","type-post","status-publish","format-standard","hentry","category-bez-kategorii"],"jetpack_publicize_connections":[],"jetpack_sharing_enabled":true,"jetpack_shortlink":"https:\/\/wp.me\/p7jPbe-5SV","jetpack-related-posts":[{"id":938,"url":"https:\/\/satg.pl\/geolog\/archiwa\/barborka-2011\/","url_meta":{"origin":22625,"position":0},"title":"BArb\u00f3rKA 2011","author":"Garapozales","date":"2011-11-15","format":false,"excerpt":"Stowarzyszenie przypomina o terminie zg\u0142oszenia si\u0119 na Karczm\u0119 Barb\u00f3rkow\u0105, termin up\u0142ywa\u00a0 18.11.2011. Wcze\u015bniejsze zg\u0142oszenie jest potrzebne do rezerwacji lokalu i zam\u00f3wienia menu. Szczeg\u00f3\u0142owe informacje Karczma Barb\u00f3rkowa i noclegi \u00a0","rel":"","context":"W \u201eBarb\u00f3rka&quot;","block_context":{"text":"Barb\u00f3rka","link":"https:\/\/satg.pl\/geolog\/archiwa\/category\/barborka\/"},"img":{"alt_text":"","src":"https:\/\/i0.wp.com\/satg.pl\/geolog\/wp-content\/uploads\/2011\/11\/flaga_gornicza2.gif?fit=346%2C216&ssl=1&resize=350%2C200","width":350,"height":200},"classes":[]},{"id":3154,"url":"https:\/\/satg.pl\/geolog\/archiwa\/rocznik-1980\/","url_meta":{"origin":22625,"position":1},"title":"Rocznik 1980","author":"Garapozales","date":"2015-03-11","format":false,"excerpt":"ROCZNIK 1980 W dniach 16-17 maja 2015 r. odb\u0119dzie si\u0119 Zjazd Absolwent\u00f3w TG rocznik 1980 w 35 lecie matury. Program spotkania: 16 maja 2015 roku 9.00 Msza \u015bw. w kieleckiej Katedrze w intencji nauczycieli i absolwent\u00f3w (dla tych co nie b\u0119d\u0105 mogli dojecha\u0107 jest mo\u017cliwo\u015b\u0107 uczestniczenia w Mszy \u015bw. w\u2026","rel":"","context":"W \u201eBez kategorii&quot;","block_context":{"text":"Bez kategorii","link":"https:\/\/satg.pl\/geolog\/archiwa\/category\/bez-kategorii\/"},"img":{"alt_text":"","src":"","width":0,"height":0},"classes":[]},{"id":639,"url":"https:\/\/satg.pl\/geolog\/archiwa\/zebranie-zarzadu-3\/","url_meta":{"origin":22625,"position":2},"title":"Zebranie zarz\u0105du","author":"Garapozales","date":"2011-09-29","format":false,"excerpt":"Zebranie zarz\u0105du Stowarzyszenia Absolwent\u00f3w Technikum Geologicznego odb\u0119dzie si\u0119 14.10.2011r. o godz. 14.00 w Instytucie Geologicznym przy ul. Zgody. Tematyka zebrania: 1. Budowa Centrum Geoedukacji \" Wietrznia\" 2. Wydawnictwo biuletynu SATG ( planowany termin wydania Barb\u00f3rka 2011\" 3. Organizacja Barb\u00f3rki 2011 4. Organizacja \u015bwi\u0119ta zmar\u0142ych Czekamy r\u00f3wnie\u017c na sugestie i propozycje\u2026","rel":"","context":"W \u201ezebranie&quot;","block_context":{"text":"zebranie","link":"https:\/\/satg.pl\/geolog\/archiwa\/category\/zebranie\/"},"img":{"alt_text":"","src":"","width":0,"height":0},"classes":[]},{"id":1052,"url":"https:\/\/satg.pl\/geolog\/archiwa\/informacja-z-zebrania-zarzadu-satg\/","url_meta":{"origin":22625,"position":3},"title":"Informacja z zebrania Zarz\u0105du  SATG","author":"Garapozales","date":"2012-01-17","format":false,"excerpt":"W dniu 13.01. 2011r. odby\u0142o si\u0119 poszerzone \u201enoworoczno- organizacyjne\u201d zebranie Zarz\u0105du. Om\u00f3wiono nast\u0119puj\u0105ce tematy: 1. rozliczenie finansowe Barb\u00f3rki 2. szycie mundur\u00f3w dla odznaczonych os\u00f3b ( termin pobrania miary przez krawca : 23 stycznia w Instytucie na ul. Zgody 21 w godz. 10.00 - 11.00 ) 3. udzia\u0142 cz\u0142onk\u00f3w Stowarzyszenia w\u2026","rel":"","context":"W \u201eBez kategorii&quot;","block_context":{"text":"Bez kategorii","link":"https:\/\/satg.pl\/geolog\/archiwa\/category\/bez-kategorii\/"},"img":{"alt_text":"","src":"","width":0,"height":0},"classes":[]},{"id":1575,"url":"https:\/\/satg.pl\/geolog\/archiwa\/komunikat-nr-5-zjazd\/","url_meta":{"origin":22625,"position":4},"title":"Komunikat nr 5 &#8211; Zjazd","author":"Garapozales","date":"2013-05-09","format":false,"excerpt":"Kole\u017canki i Koledzy!! Zjazd sk\u0142ada si\u0119 z 2 cz\u0119\u015bci: A i B A. Uroczysto\u015bci oficjalne (bezp\u0142atne) B. Bankiet w Ameli\u00f3wce W cz\u0119\u015bci oficjalnej przewidujemy: - msza \u015bwi\u0119ta w Bazylice Katedralnej o godz. 13, 00 z udzia\u0142em pocztu sztandarowego - zbiorowa fotografia po mszy na schodach papieskich - odwiedziny w dawnych\u2026","rel":"","context":"W \u201eBez kategorii&quot;","block_context":{"text":"Bez kategorii","link":"https:\/\/satg.pl\/geolog\/archiwa\/category\/bez-kategorii\/"},"img":{"alt_text":"","src":"https:\/\/i0.wp.com\/satg.pl\/geolog\/wp-content\/uploads\/2013\/05\/zjazd2_tab.jpg?fit=775%2C790&ssl=1&resize=350%2C200","width":350,"height":200,"srcset":"https:\/\/i0.wp.com\/satg.pl\/geolog\/wp-content\/uploads\/2013\/05\/zjazd2_tab.jpg?fit=775%2C790&ssl=1&resize=350%2C200 1x, https:\/\/i0.wp.com\/satg.pl\/geolog\/wp-content\/uploads\/2013\/05\/zjazd2_tab.jpg?fit=775%2C790&ssl=1&resize=525%2C300 1.5x, https:\/\/i0.wp.com\/satg.pl\/geolog\/wp-content\/uploads\/2013\/05\/zjazd2_tab.jpg?fit=775%2C790&ssl=1&resize=700%2C400 2x"},"classes":[]},{"id":21993,"url":"https:\/\/satg.pl\/geolog\/archiwa\/tablica-na-karczowce-pamieci-swietokrzyskich-geologow\/","url_meta":{"origin":22625,"position":5},"title":"Tablica na Karcz\u00f3wce pami\u0119ci \u015bwi\u0119tokrzyskich geolog\u00f3w","author":"Garapozales","date":"2023-11-29","format":false,"excerpt":"3 grudnia - niedziela godzina 12:00\u00a0 Tablic\u0105 upami\u0119tni\u0105 \u015bwi\u0119tokrzyskich geolog\u00f3w Ksi\u0119\u017ca Pallotyni z Karcz\u00f3wki, Stowarzyszenie Ochrony Dziedzictwa Narodowego i Stowarzyszenie Genius Loci \u201eKarcz\u00f3wka\u201d zapraszaj\u0105 na uroczysto\u015b\u0107 ods\u0142oni\u0119cia tablicy epitafijnej po\u015bwi\u0119conej geologom i badaczom \u0141ysog\u00f3r, w tym i Karcz\u00f3wki. Nazwisk jest wiele, ale te\u017c nasz region jest bardzo ciekawy pod wzgl\u0119dem\u2026","rel":"","context":"W \u201eBez kategorii&quot;","block_context":{"text":"Bez kategorii","link":"https:\/\/satg.pl\/geolog\/archiwa\/category\/bez-kategorii\/"},"img":{"alt_text":"","src":"","width":0,"height":0},"classes":[]}],"jetpack_likes_enabled":true,"jetpack_featured_media_url":"","_links":{"self":[{"href":"https:\/\/satg.pl\/geolog\/wp-json\/wp\/v2\/posts\/22625","targetHints":{"allow":["GET"]}}],"collection":[{"href":"https:\/\/satg.pl\/geolog\/wp-json\/wp\/v2\/posts"}],"about":[{"href":"https:\/\/satg.pl\/geolog\/wp-json\/wp\/v2\/types\/post"}],"author":[{"embeddable":true,"href":"https:\/\/satg.pl\/geolog\/wp-json\/wp\/v2\/users\/1"}],"replies":[{"embeddable":true,"href":"https:\/\/satg.pl\/geolog\/wp-json\/wp\/v2\/comments?post=22625"}],"version-history":[{"count":1,"href":"https:\/\/satg.pl\/geolog\/wp-json\/wp\/v2\/posts\/22625\/revisions"}],"predecessor-version":[{"id":22626,"href":"https:\/\/satg.pl\/geolog\/wp-json\/wp\/v2\/posts\/22625\/revisions\/22626"}],"wp:attachment":[{"href":"https:\/\/satg.pl\/geolog\/wp-json\/wp\/v2\/media?parent=22625"}],"wp:term":[{"taxonomy":"category","embeddable":true,"href":"https:\/\/satg.pl\/geolog\/wp-json\/wp\/v2\/categories?post=22625"},{"taxonomy":"post_tag","embeddable":true,"href":"https:\/\/satg.pl\/geolog\/wp-json\/wp\/v2\/tags?post=22625"}],"curies":[{"name":"wp","href":"https:\/\/api.w.org\/{rel}","templated":true}]}}