{"id":22586,"date":"2025-12-09T22:40:00","date_gmt":"2025-12-09T21:40:00","guid":{"rendered":"https:\/\/satg.pl\/geolog\/?p=22586"},"modified":"2025-12-29T00:22:40","modified_gmt":"2025-12-28T23:22:40","slug":"spotkanie-noworoczne-3","status":"publish","type":"post","link":"https:\/\/satg.pl\/geolog\/archiwa\/spotkanie-noworoczne-3\/","title":{"rendered":"Spotkanie Noworoczne &#8211; zmiana daty"},"content":{"rendered":"<p>Zmiana daty wydarzenia. Data zostanie podana wkr\u00f3tce.<\/p>\n<p>Spotkanie noworoczne odb\u0119dzie si\u0119 w Geoparku <del>16 stycznia o godzinie 16.00.<\/del><\/p>\n<p><a href=\"https:\/\/i0.wp.com\/satg.pl\/geolog\/wp-content\/uploads\/2022\/01\/20220107_0803260.jpg?ssl=1\"><img data-recalc-dims=\"1\" loading=\"lazy\" decoding=\"async\" data-attachment-id=\"21555\" data-permalink=\"https:\/\/satg.pl\/geolog\/archiwa\/spotkanie-oplatkowe-2\/20220107_0803260\/\" data-orig-file=\"https:\/\/i0.wp.com\/satg.pl\/geolog\/wp-content\/uploads\/2022\/01\/20220107_0803260.jpg?fit=2415%2C1088&amp;ssl=1\" data-orig-size=\"2415,1088\" data-comments-opened=\"1\" data-image-meta=\"{&quot;aperture&quot;:&quot;0&quot;,&quot;credit&quot;:&quot;&quot;,&quot;camera&quot;:&quot;SM-A526B&quot;,&quot;caption&quot;:&quot;&quot;,&quot;created_timestamp&quot;:&quot;0&quot;,&quot;copyright&quot;:&quot;&quot;,&quot;focal_length&quot;:&quot;0&quot;,&quot;iso&quot;:&quot;0&quot;,&quot;shutter_speed&quot;:&quot;0&quot;,&quot;title&quot;:&quot;&quot;,&quot;orientation&quot;:&quot;1&quot;}\" data-image-title=\"20220107_080326(0)\" data-image-description=\"\" data-image-caption=\"\" data-large-file=\"https:\/\/i0.wp.com\/satg.pl\/geolog\/wp-content\/uploads\/2022\/01\/20220107_0803260.jpg?fit=900%2C405&amp;ssl=1\" class=\"alignleft size-full wp-image-21555\" src=\"https:\/\/i0.wp.com\/satg.pl\/geolog\/wp-content\/uploads\/2022\/01\/20220107_0803260.jpg?resize=900%2C405&#038;ssl=1\" alt=\"\" width=\"900\" height=\"405\" srcset=\"https:\/\/i0.wp.com\/satg.pl\/geolog\/wp-content\/uploads\/2022\/01\/20220107_0803260.jpg?w=2415&amp;ssl=1 2415w, https:\/\/i0.wp.com\/satg.pl\/geolog\/wp-content\/uploads\/2022\/01\/20220107_0803260.jpg?resize=300%2C135&amp;ssl=1 300w, https:\/\/i0.wp.com\/satg.pl\/geolog\/wp-content\/uploads\/2022\/01\/20220107_0803260.jpg?resize=1024%2C461&amp;ssl=1 1024w, https:\/\/i0.wp.com\/satg.pl\/geolog\/wp-content\/uploads\/2022\/01\/20220107_0803260.jpg?resize=1536%2C692&amp;ssl=1 1536w, https:\/\/i0.wp.com\/satg.pl\/geolog\/wp-content\/uploads\/2022\/01\/20220107_0803260.jpg?resize=2048%2C923&amp;ssl=1 2048w, https:\/\/i0.wp.com\/satg.pl\/geolog\/wp-content\/uploads\/2022\/01\/20220107_0803260.jpg?resize=780%2C350&amp;ssl=1 780w, https:\/\/i0.wp.com\/satg.pl\/geolog\/wp-content\/uploads\/2022\/01\/20220107_0803260.jpg?resize=150%2C68&amp;ssl=1 150w, https:\/\/i0.wp.com\/satg.pl\/geolog\/wp-content\/uploads\/2022\/01\/20220107_0803260.jpg?w=1800&amp;ssl=1 1800w\" sizes=\"auto, (max-width: 900px) 100vw, 900px\" \/><\/a><\/p>\n","protected":false},"excerpt":{"rendered":"<p>Zmiana daty wydarzenia. Data zostanie podana wkr\u00f3tce. Spotkanie noworoczne odb\u0119dzie si\u0119 w Geoparku 16 stycznia o godzinie 16.00.<\/p>\n<p class=\"continue-reading-button\"> <a class=\"continue-reading-link\" href=\"https:\/\/satg.pl\/geolog\/archiwa\/spotkanie-noworoczne-3\/\">Czytaj dalej<i class=\"crycon-right-dir\"><\/i><\/a><\/p>\n","protected":false},"author":1,"featured_media":21555,"comment_status":"open","ping_status":"open","sticky":false,"template":"","format":"standard","meta":{"ngg_post_thumbnail":0,"jetpack_post_was_ever_published":false,"_jetpack_newsletter_access":"","_jetpack_dont_email_post_to_subs":false,"_jetpack_newsletter_tier_id":0,"_jetpack_memberships_contains_paywalled_content":false,"_jetpack_memberships_contains_paid_content":false,"footnotes":"","jetpack_publicize_message":"","jetpack_publicize_feature_enabled":true,"jetpack_social_post_already_shared":true,"jetpack_social_options":{"image_generator_settings":{"template":"highway","default_image_id":0,"font":"","enabled":false},"version":2}},"categories":[1],"tags":[],"class_list":["post-22586","post","type-post","status-publish","format-standard","has-post-thumbnail","hentry","category-bez-kategorii"],"jetpack_publicize_connections":[],"jetpack_featured_media_url":"https:\/\/i0.wp.com\/satg.pl\/geolog\/wp-content\/uploads\/2022\/01\/20220107_0803260.jpg?fit=2415%2C1088&ssl=1","jetpack_sharing_enabled":true,"jetpack_shortlink":"https:\/\/wp.me\/p7jPbe-5Si","jetpack-related-posts":[{"id":22259,"url":"https:\/\/satg.pl\/geolog\/archiwa\/spotkanie-oplatkowe-5\/","url_meta":{"origin":22586,"position":0},"title":"Spotkanie op\u0142atkowe 17 stycznia 2025","author":"Garapozales","date":"2024-12-16","format":false,"excerpt":"Zmiana daty spotkania na 17 stycznia 2025 na godzin\u0119 16:00. Miejsce: Centrum Edukacji Geologicznej.","rel":"","context":"W \u201eBez kategorii&quot;","block_context":{"text":"Bez kategorii","link":"https:\/\/satg.pl\/geolog\/archiwa\/category\/bez-kategorii\/"},"img":{"alt_text":"","src":"","width":0,"height":0},"classes":[]},{"id":20059,"url":"https:\/\/satg.pl\/geolog\/archiwa\/spotkanie-noworoczne\/","url_meta":{"origin":22586,"position":1},"title":"Spotkanie noworoczne","author":"Garapozales","date":"2017-01-05","format":false,"excerpt":"W dniu 9.01.2017 o godzinie 15:30 odb\u0119dzie si\u0119 spotkanie noworoczne Stowarzyszenia Absolwent\u00f3w Technikum Geologicznego w Centrum Geoedukacji na Wietrzni. Wszystkich zainteresowanych serdecznie zapraszamy. Zarz\u0105d SATG \u00a0","rel":"","context":"W \u201eBez kategorii&quot;","block_context":{"text":"Bez kategorii","link":"https:\/\/satg.pl\/geolog\/archiwa\/category\/bez-kategorii\/"},"img":{"alt_text":"","src":"","width":0,"height":0},"classes":[]},{"id":3042,"url":"https:\/\/satg.pl\/geolog\/archiwa\/spotkanie-rozliczeniowo-noworoczne\/","url_meta":{"origin":22586,"position":2},"title":"Spotkanie rozliczeniowo-noworoczne","author":"Garapozales","date":"2015-01-09","format":false,"excerpt":"W dniu 16 stycznia o godzinie 14.30 odb\u0119dzie si\u0119 spotkanie rozliczeniowo-noworoczne stowarzyszenia w Centrum Geoedukacji na Wietrzni. Wszystkich ch\u0119tnych zapraszamy. Zarz\u0105d SATG \u00a0","rel":"","context":"W \u201eBez kategorii&quot;","block_context":{"text":"Bez kategorii","link":"https:\/\/satg.pl\/geolog\/archiwa\/category\/bez-kategorii\/"},"img":{"alt_text":"","src":"","width":0,"height":0},"classes":[]},{"id":21624,"url":"https:\/\/satg.pl\/geolog\/archiwa\/spotkanie-noworoczne-fotoreporaz\/","url_meta":{"origin":22586,"position":3},"title":"Spotkanie Noworoczne &#8211; fotorepora\u017c","author":"Garapozales","date":"2022-02-01","format":false,"excerpt":"W styczniu odby\u0142o si\u0119 Spotkanie Noworoczne w bardzo okrojonym sk\u0142adzie, wiadomo covid to covid. By\u0142y \u017cyczenia. Mamy podstawowe jedno: oby\u015bmy mogli si\u0119 spotka\u0107 w szerszym gronie, ca\u0142kiem bezpiecznie i jeszcze bardziej u\u015bmiechni\u0119ci.","rel":"","context":"W \u201eBez kategorii&quot;","block_context":{"text":"Bez kategorii","link":"https:\/\/satg.pl\/geolog\/archiwa\/category\/bez-kategorii\/"},"img":{"alt_text":"","src":"https:\/\/i0.wp.com\/satg.pl\/geolog\/wp-content\/uploads\/2022\/01\/20220107_0803260.jpg?fit=1200%2C541&ssl=1&resize=350%2C200","width":350,"height":200,"srcset":"https:\/\/i0.wp.com\/satg.pl\/geolog\/wp-content\/uploads\/2022\/01\/20220107_0803260.jpg?fit=1200%2C541&ssl=1&resize=350%2C200 1x, https:\/\/i0.wp.com\/satg.pl\/geolog\/wp-content\/uploads\/2022\/01\/20220107_0803260.jpg?fit=1200%2C541&ssl=1&resize=525%2C300 1.5x, https:\/\/i0.wp.com\/satg.pl\/geolog\/wp-content\/uploads\/2022\/01\/20220107_0803260.jpg?fit=1200%2C541&ssl=1&resize=700%2C400 2x, https:\/\/i0.wp.com\/satg.pl\/geolog\/wp-content\/uploads\/2022\/01\/20220107_0803260.jpg?fit=1200%2C541&ssl=1&resize=1050%2C600 3x"},"classes":[]},{"id":21137,"url":"https:\/\/satg.pl\/geolog\/archiwa\/spotkanie-noworoczne-2\/","url_meta":{"origin":22586,"position":4},"title":"Spotkanie noworoczne","author":"Garapozales","date":"2019-01-08","format":false,"excerpt":"Zapraszamy Absolwent\u00f3w Technikum Geologicznego w Kielcach na spotkanie noworoczne, kt\u00f3re odb\u0119dzie si\u0119 w dniu 18.01.2019r. o godz. 16.00 w Geocentrum na Wietrzni. Mile widziane w\u0142asne produkty. Jednocze\u015bnie informujemy, \u017ce b\u0119dzie zbierana za ten rok sk\u0142adka cz\u0142onkowska w wysoko\u015bci 20 z\u0142. \u00a0\u00a0\u00a0\u00a0\u00a0\u00a0\u00a0\u00a0\u00a0\u00a0\u00a0\u00a0\u00a0\u00a0\u00a0\u00a0\u00a0\u00a0\u00a0\u00a0\u00a0\u00a0\u00a0\u00a0\u00a0\u00a0\u00a0\u00a0\u00a0\u00a0\u00a0\u00a0\u00a0\u00a0\u00a0\u00a0\u00a0\u00a0\u00a0\u00a0\u00a0\u00a0\u00a0\u00a0\u00a0\u00a0\u00a0\u00a0\u00a0\u00a0\u00a0\u00a0\u00a0\u00a0\u00a0\u00a0\u00a0\u00a0\u00a0\u00a0\u00a0\u00a0\u00a0\u00a0\u00a0\u00a0\u00a0\u00a0\u00a0\u00a0\u00a0\u00a0\u00a0\u00a0\u00a0\u00a0\u00a0\u00a0\u00a0\u00a0\u00a0\u00a0\u00a0\u00a0\u00a0\u00a0\u00a0\u00a0\u00a0\u00a0\u00a0\u00a0\u00a0\u00a0\u00a0\u00a0\u00a0\u00a0\u00a0\u00a0\u00a0\u00a0\u00a0\u00a0\u00a0\u00a0\u00a0\u00a0\u00a0\u00a0\u00a0\u00a0\u00a0\u00a0\u00a0\u00a0\u00a0\u00a0\u00a0 Za Zarz\u0105d: \u00a0\u00a0\u00a0\u00a0\u00a0\u00a0\u00a0\u00a0\u00a0\u00a0\u00a0\u00a0\u00a0\u00a0\u00a0\u00a0\u00a0\u00a0\u00a0\u00a0\u00a0\u00a0\u00a0\u00a0\u00a0\u00a0\u00a0\u00a0\u00a0\u00a0\u00a0\u00a0\u00a0\u00a0\u00a0\u00a0\u00a0\u00a0\u00a0\u00a0\u00a0\u00a0\u00a0\u00a0\u00a0\u00a0\u00a0\u00a0\u00a0\u00a0\u00a0\u00a0\u00a0\u00a0\u00a0\u00a0\u00a0\u00a0\u00a0\u00a0\u00a0\u00a0\u00a0\u00a0\u00a0\u00a0 \u00a0\u00a0\u00a0\u00a0\u00a0\u00a0\u00a0\u00a0\u00a0\u00a0\u00a0\u00a0\u00a0\u00a0\u00a0\u00a0\u00a0\u00a0\u00a0\u00a0\u00a0\u00a0\u00a0\u00a0\u00a0\u00a0\u00a0\u00a0\u00a0\u00a0\u00a0\u00a0\u00a0\u00a0\u00a0\u00a0\u00a0\u00a0\u00a0\u00a0\u00a0\u00a0\u00a0\u00a0\u00a0\u00a0\u00a0\u00a0\u00a0\u00a0\u00a0Marzena BD","rel":"","context":"W \u201eBez kategorii&quot;","block_context":{"text":"Bez kategorii","link":"https:\/\/satg.pl\/geolog\/archiwa\/category\/bez-kategorii\/"},"img":{"alt_text":"","src":"","width":0,"height":0},"classes":[]},{"id":21997,"url":"https:\/\/satg.pl\/geolog\/archiwa\/spotkanie-oplatkowe-absolwentow-tg\/","url_meta":{"origin":22586,"position":5},"title":"Spotkanie op\u0142atkowe Absolwent\u00f3w TG","author":"Garapozales","date":"2023-12-10","format":false,"excerpt":"Coroczne spotkanie noworoczne (op\u0142atkowe) odb\u0119dzie si\u0119 12 stycznia 2024 o godzinie 15:30 w Geocentrum na Wietrzni. Zaopatrzenie imprezy we w\u0142asnym zakresie. \u00a0","rel":"","context":"W \u201espotkania&quot;","block_context":{"text":"spotkania","link":"https:\/\/satg.pl\/geolog\/archiwa\/category\/spotkania\/"},"img":{"alt_text":"","src":"https:\/\/i0.wp.com\/satg.pl\/geolog\/wp-content\/uploads\/2022\/01\/20220107_0803260.jpg?fit=1200%2C541&ssl=1&resize=350%2C200","width":350,"height":200,"srcset":"https:\/\/i0.wp.com\/satg.pl\/geolog\/wp-content\/uploads\/2022\/01\/20220107_0803260.jpg?fit=1200%2C541&ssl=1&resize=350%2C200 1x, https:\/\/i0.wp.com\/satg.pl\/geolog\/wp-content\/uploads\/2022\/01\/20220107_0803260.jpg?fit=1200%2C541&ssl=1&resize=525%2C300 1.5x, https:\/\/i0.wp.com\/satg.pl\/geolog\/wp-content\/uploads\/2022\/01\/20220107_0803260.jpg?fit=1200%2C541&ssl=1&resize=700%2C400 2x, https:\/\/i0.wp.com\/satg.pl\/geolog\/wp-content\/uploads\/2022\/01\/20220107_0803260.jpg?fit=1200%2C541&ssl=1&resize=1050%2C600 3x"},"classes":[]}],"jetpack_likes_enabled":true,"_links":{"self":[{"href":"https:\/\/satg.pl\/geolog\/wp-json\/wp\/v2\/posts\/22586","targetHints":{"allow":["GET"]}}],"collection":[{"href":"https:\/\/satg.pl\/geolog\/wp-json\/wp\/v2\/posts"}],"about":[{"href":"https:\/\/satg.pl\/geolog\/wp-json\/wp\/v2\/types\/post"}],"author":[{"embeddable":true,"href":"https:\/\/satg.pl\/geolog\/wp-json\/wp\/v2\/users\/1"}],"replies":[{"embeddable":true,"href":"https:\/\/satg.pl\/geolog\/wp-json\/wp\/v2\/comments?post=22586"}],"version-history":[{"count":2,"href":"https:\/\/satg.pl\/geolog\/wp-json\/wp\/v2\/posts\/22586\/revisions"}],"predecessor-version":[{"id":22589,"href":"https:\/\/satg.pl\/geolog\/wp-json\/wp\/v2\/posts\/22586\/revisions\/22589"}],"wp:featuredmedia":[{"embeddable":true,"href":"https:\/\/satg.pl\/geolog\/wp-json\/wp\/v2\/media\/21555"}],"wp:attachment":[{"href":"https:\/\/satg.pl\/geolog\/wp-json\/wp\/v2\/media?parent=22586"}],"wp:term":[{"taxonomy":"category","embeddable":true,"href":"https:\/\/satg.pl\/geolog\/wp-json\/wp\/v2\/categories?post=22586"},{"taxonomy":"post_tag","embeddable":true,"href":"https:\/\/satg.pl\/geolog\/wp-json\/wp\/v2\/tags?post=22586"}],"curies":[{"name":"wp","href":"https:\/\/api.w.org\/{rel}","templated":true}]}}