{"id":22575,"date":"2025-10-18T17:01:23","date_gmt":"2025-10-18T15:01:23","guid":{"rendered":"https:\/\/satg.pl\/geolog\/?p=22575"},"modified":"2025-10-18T17:01:54","modified_gmt":"2025-10-18T15:01:54","slug":"kamien-tablica-ulica","status":"publish","type":"post","link":"https:\/\/satg.pl\/geolog\/archiwa\/kamien-tablica-ulica\/","title":{"rendered":"Kamie\u0144, tablica, ulica."},"content":{"rendered":"<p>Ulica Jana Rafa\u0142a Kami\u0144skiego, a w zasadzie kamie\u0144 dosta\u0142 nowych szlif\u00f3w. Zosta\u0142a poprawiona tablica i na nowo s\u0142awi imi\u0119 &#8222;Naszego&#8221; dyrektora Jana Rafa\u0142a Kami\u0144skiego. Dla mniej wtajemniczonych kamie\u0144 znajduje si\u0119 na skrzy\u017cowaniu Karcz\u00f3wkowskiej&nbsp; i Jagielo\u0144skiej).&nbsp;<\/p>\n<p>Tablic\u0119 ufundowa\u0142a firma WWTech z Kielc, za co bardzo dzi\u0119kujemy.<\/p>\n\r\n            \r\n            \r\n            \r\n            <a name='map16'><\/a>\r\n            \r\n            \r\n            \r\n            \r\n            <div class=\"wpgmza_map \"  id=\"wpgmza_map_16\" style=\"display:block; overflow:auto; width:100%; height:400px; float:left;\" data-settings='{\"id\":\"16\",\"map_title\":\"G\\u0142az Jana Kami\\u0144skiego\",\"map_width\":\"100\",\"map_height\":\"400\",\"map_start_lat\":\"50.868134384982525\",\"map_start_lng\":\"20.601267345629065\",\"map_start_location\":\"\",\"map_start_zoom\":\"18\",\"default_marker\":\"\",\"type\":\"1\",\"alignment\":\"0\",\"directions_enabled\":\"0\",\"styling_enabled\":\"0\",\"styling_json\":\"\",\"active\":\"0\",\"kml\":\"\",\"bicycle\":\"0\",\"traffic\":\"0\",\"dbox\":\"1\",\"dbox_width\":\"100\",\"listmarkers\":\"0\",\"listmarkers_advanced\":\"0\",\"filterbycat\":\"0\",\"ugm_enabled\":\"0\",\"ugm_category_enabled\":\"0\",\"fusion\":\"\",\"map_width_type\":\"%\",\"map_height_type\":\"px\",\"mass_marker_support\":\"0\",\"ugm_access\":\"0\",\"order_markers_by\":\"1\",\"order_markers_choice\":\"1\",\"show_user_location\":\"0\",\"default_to\":\"\",\"other_settings\":{\"map_type\":1,\"sl_stroke_color\":\"#ff0000\",\"sl_fill_color\":\"#ff0000\",\"sl_stroke_opacity\":\"1\",\"sl_fill_opacity\":\"0.5\",\"transport_layer\":false,\"action\":\"wpgmza_save_map\",\"redirect_to\":\"\\\/geolog\\\/wp-admin\\\/admin-post.php\",\"map_id\":\"16\",\"http_referer\":\"\\\/geolog\\\/wp-admin\\\/admin.php?page=wp-google-maps-menu&amp;amp;action=edit&amp;amp;map_id=16\",\"wpgmza_id\":\"16\",\"wpgmza_start_location\":\"50.868134384982525,20.601267345629065\",\"wpgmza_start_zoom\":\"18\",\"wpgmza_theme_data\":\"\",\"wpgmza_dbox_width_type\":\"%\",\"default_from\":\"\",\"directions_behaviour\":\"default\",\"force_google_directions_app\":false,\"directions_route_origin_icon\":\"https:\\\/\\\/satg.pl\\\/geolog\\\/wp-content\\\/plugins\\\/wp-google-maps\\\/images\\\/spotlight-poi3.png\",\"directions_origin_retina\":false,\"directions_route_destination_icon\":\"https:\\\/\\\/satg.pl\\\/geolog\\\/wp-content\\\/plugins\\\/wp-google-maps\\\/images\\\/spotlight-poi3.png\",\"directions_destination_retina\":false,\"directions_route_stroke_color\":\"#4f8df5\",\"directions_route_stroke_weight\":\"4\",\"directions_route_stroke_opacity\":\"0.8\",\"directions_fit_bounds_to_route\":false,\"store_locator_enabled\":false,\"store_locator_search_area\":\"radial\",\"wpgmza_store_locator_radius_style\":\"legacy\",\"wpgmza_store_locator_default_radius\":\"10\",\"store_locator_auto_area_max_zoom\":\"\",\"wpgmza_store_locator_restrict\":\"\",\"store_locator_distance\":false,\"wpgmza_store_locator_position\":false,\"store_locator_show_distance\":false,\"store_locator_category\":false,\"wpgmza_store_locator_use_their_location\":false,\"wpgmza_store_locator_bounce\":false,\"upload_default_sl_marker\":\"\",\"upload_default_sl_marker_retina\":false,\"wpgmza_sl_animation\":\"0\",\"wpgmza_store_locator_hide_before_search\":false,\"store_locator_query_string\":\"\",\"store_locator_location_placeholder\":\"\",\"store_locator_default_address\":\"\",\"store_locator_name_search\":false,\"store_locator_name_string\":\"\",\"store_locator_not_found_message\":\"\",\"retina\":false,\"wpgmza_map_align\":\"1\",\"upload_default_ul_marker\":\"\",\"upload_default_ul_marker_retina\":false,\"jump_to_nearest_marker_on_initialization\":false,\"automatically_pan_to_users_location\":false,\"override_users_location_zoom_level\":false,\"override_users_location_zoom_levels\":\"\",\"show_distance_from_location\":false,\"map_max_zoom\":\"21\",\"map_min_zoom\":\"0\",\"click_open_link\":false,\"fit_maps_bounds_to_markers\":false,\"fit_maps_bounds_to_markers_after_filtering\":false,\"hide_point_of_interest\":false,\"wpgmza_zoom_on_marker_click\":false,\"wpgmza_zoom_on_marker_click_slider\":\"\",\"close_infowindow_on_map_click\":false,\"disable_lightbox_images\":false,\"use_Raw_Jpeg_Coordinates\":false,\"polygon_labels\":false,\"disable_polygon_info_windows\":false,\"enable_advanced_custom_fields_integration\":false,\"enable_toolset_woocommerce_integration\":false,\"enable_marker_labels\":false,\"only_load_markers_within_viewport\":false,\"zoom_level_mobile_override_enabled\":false,\"zoom_level_mobile_override\":\"\",\"iw_primary_color\":\"#000000\",\"iw_accent_color\":\"#000000\",\"iw_text_color\":\"#000000\",\"wpgmza_listmarkers_by\":\"0\",\"wpgmza_marker_listing_position\":false,\"wpgmza_push_in_map\":false,\"wpgmza_push_in_map_placement\":\"1\",\"wpgmza_push_in_map_width\":\"\",\"wpgmza_push_in_map_height\":\"\",\"zoom_level_on_marker_listing_override\":false,\"zoom_level_on_marker_listing_click\":\"\",\"marker_listing_disable_zoom\":false,\"datatable_no_result_message\":\"\",\"remove_search_box_datables\":false,\"dataTable_pagination_style\":\"default\",\"datatable_search_string\":\"\",\"datatable_result_start\":\"\",\"datatable_result_of\":\"\",\"datatable_result_to\":\"\",\"datatable_result_total\":\"\",\"datatable_result_show\":\"\",\"datatable_result_entries\":\"\",\"wpgmza_savemap\":\"Zapisz map\\u0119 \\u00bb\",\"shortcodeAttributes\":{\"id\":\"16\"}}}' data-map-id='16' data-shortcode-attributes='{\"id\":\"16\"}'> <\/div>\r\n            \r\n               \r\n        \n<p><a href=\"https:\/\/i0.wp.com\/satg.pl\/geolog\/wp-content\/uploads\/2025\/10\/1000159512.jpg?ssl=1\"><img data-recalc-dims=\"1\" loading=\"lazy\" decoding=\"async\" data-attachment-id=\"22576\" data-permalink=\"https:\/\/satg.pl\/geolog\/archiwa\/kamien-tablica-ulica\/attachment\/1000159512\/\" data-orig-file=\"https:\/\/i0.wp.com\/satg.pl\/geolog\/wp-content\/uploads\/2025\/10\/1000159512.jpg?fit=481%2C1069&amp;ssl=1\" data-orig-size=\"481,1069\" data-comments-opened=\"1\" data-image-meta=\"{&quot;aperture&quot;:&quot;0&quot;,&quot;credit&quot;:&quot;&quot;,&quot;camera&quot;:&quot;&quot;,&quot;caption&quot;:&quot;&quot;,&quot;created_timestamp&quot;:&quot;0&quot;,&quot;copyright&quot;:&quot;&quot;,&quot;focal_length&quot;:&quot;0&quot;,&quot;iso&quot;:&quot;0&quot;,&quot;shutter_speed&quot;:&quot;0&quot;,&quot;title&quot;:&quot;&quot;,&quot;orientation&quot;:&quot;0&quot;}\" data-image-title=\"1000159512\" data-image-description=\"\" data-image-caption=\"\" data-large-file=\"https:\/\/i0.wp.com\/satg.pl\/geolog\/wp-content\/uploads\/2025\/10\/1000159512.jpg?fit=461%2C1024&amp;ssl=1\" class=\"alignleft size-full wp-image-22576\" src=\"https:\/\/i0.wp.com\/satg.pl\/geolog\/wp-content\/uploads\/2025\/10\/1000159512.jpg?resize=481%2C1069&#038;ssl=1\" alt=\"\" width=\"481\" height=\"1069\" srcset=\"https:\/\/i0.wp.com\/satg.pl\/geolog\/wp-content\/uploads\/2025\/10\/1000159512.jpg?w=481&amp;ssl=1 481w, https:\/\/i0.wp.com\/satg.pl\/geolog\/wp-content\/uploads\/2025\/10\/1000159512.jpg?resize=135%2C300&amp;ssl=1 135w, https:\/\/i0.wp.com\/satg.pl\/geolog\/wp-content\/uploads\/2025\/10\/1000159512.jpg?resize=461%2C1024&amp;ssl=1 461w, https:\/\/i0.wp.com\/satg.pl\/geolog\/wp-content\/uploads\/2025\/10\/1000159512.jpg?resize=67%2C150&amp;ssl=1 67w\" sizes=\"auto, (max-width: 481px) 100vw, 481px\" \/><\/a> <a href=\"https:\/\/i0.wp.com\/satg.pl\/geolog\/wp-content\/uploads\/2025\/10\/1000159514.jpg?ssl=1\"><img data-recalc-dims=\"1\" loading=\"lazy\" decoding=\"async\" data-attachment-id=\"22577\" data-permalink=\"https:\/\/satg.pl\/geolog\/archiwa\/kamien-tablica-ulica\/attachment\/1000159514\/\" data-orig-file=\"https:\/\/i0.wp.com\/satg.pl\/geolog\/wp-content\/uploads\/2025\/10\/1000159514.jpg?fit=480%2C640&amp;ssl=1\" data-orig-size=\"480,640\" data-comments-opened=\"1\" data-image-meta=\"{&quot;aperture&quot;:&quot;0&quot;,&quot;credit&quot;:&quot;&quot;,&quot;camera&quot;:&quot;&quot;,&quot;caption&quot;:&quot;&quot;,&quot;created_timestamp&quot;:&quot;0&quot;,&quot;copyright&quot;:&quot;&quot;,&quot;focal_length&quot;:&quot;0&quot;,&quot;iso&quot;:&quot;0&quot;,&quot;shutter_speed&quot;:&quot;0&quot;,&quot;title&quot;:&quot;&quot;,&quot;orientation&quot;:&quot;0&quot;}\" data-image-title=\"1000159514\" data-image-description=\"\" data-image-caption=\"\" data-large-file=\"https:\/\/i0.wp.com\/satg.pl\/geolog\/wp-content\/uploads\/2025\/10\/1000159514.jpg?fit=480%2C640&amp;ssl=1\" class=\"alignleft size-full wp-image-22577\" src=\"https:\/\/i0.wp.com\/satg.pl\/geolog\/wp-content\/uploads\/2025\/10\/1000159514.jpg?resize=480%2C640&#038;ssl=1\" alt=\"\" width=\"480\" height=\"640\" srcset=\"https:\/\/i0.wp.com\/satg.pl\/geolog\/wp-content\/uploads\/2025\/10\/1000159514.jpg?w=480&amp;ssl=1 480w, https:\/\/i0.wp.com\/satg.pl\/geolog\/wp-content\/uploads\/2025\/10\/1000159514.jpg?resize=225%2C300&amp;ssl=1 225w, https:\/\/i0.wp.com\/satg.pl\/geolog\/wp-content\/uploads\/2025\/10\/1000159514.jpg?resize=113%2C150&amp;ssl=1 113w\" sizes=\"auto, (max-width: 480px) 100vw, 480px\" \/><\/a><\/p>\n<p>&nbsp;<\/p>\n","protected":false},"excerpt":{"rendered":"<p>Ulica Jana Rafa\u0142a Kami\u0144skiego, a w zasadzie kamie\u0144 dosta\u0142 nowych szlif\u00f3w. Zosta\u0142a poprawiona tablica i na nowo s\u0142awi imi\u0119 &#8222;Naszego&#8221; dyrektora Jana Rafa\u0142a Kami\u0144skiego. Dla mniej wtajemniczonych kamie\u0144 znajduje si\u0119 na skrzy\u017cowaniu Karcz\u00f3wkowskiej&nbsp; i Jagielo\u0144skiej).&nbsp; Tablic\u0119 ufundowa\u0142a firma WWTech z Kielc, za co bardzo dzi\u0119kujemy. &nbsp;<\/p>\n<p class=\"continue-reading-button\"> <a class=\"continue-reading-link\" href=\"https:\/\/satg.pl\/geolog\/archiwa\/kamien-tablica-ulica\/\">Czytaj dalej<i class=\"crycon-right-dir\"><\/i><\/a><\/p>\n","protected":false},"author":1,"featured_media":0,"comment_status":"open","ping_status":"open","sticky":false,"template":"","format":"standard","meta":{"ngg_post_thumbnail":0,"jetpack_post_was_ever_published":false,"_jetpack_newsletter_access":"","_jetpack_dont_email_post_to_subs":false,"_jetpack_newsletter_tier_id":0,"_jetpack_memberships_contains_paywalled_content":false,"_jetpack_memberships_contains_paid_content":false,"footnotes":"","jetpack_publicize_message":"","jetpack_publicize_feature_enabled":true,"jetpack_social_post_already_shared":true,"jetpack_social_options":{"image_generator_settings":{"template":"highway","default_image_id":0,"font":"","enabled":false},"version":2}},"categories":[1],"tags":[],"class_list":["post-22575","post","type-post","status-publish","format-standard","hentry","category-bez-kategorii"],"jetpack_publicize_connections":[],"jetpack_featured_media_url":"","jetpack_sharing_enabled":true,"jetpack_shortlink":"https:\/\/wp.me\/p7jPbe-5S7","jetpack-related-posts":[{"id":10249,"url":"https:\/\/satg.pl\/geolog\/archiwa\/jeszcze-kilka-slow-janie-kaminskim\/","url_meta":{"origin":22575,"position":0},"title":"Jeszcze kilka s\u0142\u00f3w o Janie Kami\u0144skim","author":"Garapozales","date":"2016-01-21","format":false,"excerpt":"autor Jerzy J\u0119drychowski W dniu 5 grudnia 2015 w ko\u015bciele na Karcz\u00f3wce odby\u0142a si\u0119 uroczysta msza po\u015bwi\u0119cona pami\u0119ci pierwszego dyrektora Technikum Geologicznego w Kielcach \u2013 Jana Rafa\u0142a Kami\u0144skiego. Ten wybitny pedagog, budowniczy a nade wszystko ogromnej zacno\u015bci cz\u0142owiek i przyjaciel m\u0142odzie\u017cy pozosta\u0142 w pami\u0119ci wielu pokole\u0144 absolwent\u00f3w. By\u0142 budowniczym nie\u2026","rel":"","context":"W \u201eJubileusz&quot;","block_context":{"text":"Jubileusz","link":"https:\/\/satg.pl\/geolog\/archiwa\/category\/jubileusz\/"},"img":{"alt_text":"","src":"","width":0,"height":0},"classes":[]},{"id":3334,"url":"https:\/\/satg.pl\/geolog\/archiwa\/ulica-jana-kaminskiego\/","url_meta":{"origin":22575,"position":1},"title":"ulica Jana Kami\u0144skiego","author":"Garapozales","date":"2015-10-24","format":false,"excerpt":"Staraniem Stowarzyszenia Absolwent\u00f3w Technikum Geologicznego w Kielcach uzyskali\u015bmy zgod\u0119 W\u0142adz miasta Kielc na nadanie jednej z ulic na Karcz\u00f3wce im. JANA KAMI\u0143SKIEGO. (rejon zbiegu ulic Jagielo\u0144skiej i Karcz\u00f3wkowskiej).","rel":"","context":"W \u201eKielce&quot;","block_context":{"text":"Kielce","link":"https:\/\/satg.pl\/geolog\/archiwa\/category\/kielce\/"},"img":{"alt_text":"","src":"","width":0,"height":0},"classes":[]},{"id":68,"url":"https:\/\/satg.pl\/geolog\/archiwa\/barborka-i-finalodsloniecia\/","url_meta":{"origin":22575,"position":2},"title":"Barb\u00f3rka i &#8222;fina\u0142&#8221;ods\u0142oni\u0119cia","author":"Garapozales","date":"2010-10-08","format":false,"excerpt":"Stowarzyszenie zaprasza 13 listopada 2010 roku na \u00a0uroczyste ods\u0142oni\u0119cie tablicy ku czci Jana Kami\u0144skiego, kt\u00f3re odb\u0119dzie si\u0119 o godzinie 17.00 oraz \u00a0na coroczn\u0105 Barb\u00f3rk\u0119. VI biesiada odb\u0119dzie si\u0119 w hotelu Kameralnym przy ul. Tarnowskiej 7 \u2013 start godzina 18.00. tablica-barborka","rel":"","context":"W \u201eBarb\u00f3rka&quot;","block_context":{"text":"Barb\u00f3rka","link":"https:\/\/satg.pl\/geolog\/archiwa\/category\/barborka\/"},"img":{"alt_text":"","src":"https:\/\/i0.wp.com\/satg.pl\/geolog\/wp-content\/uploads\/2010\/06\/plyta-Kopia.jpg?fit=400%2C292&ssl=1&resize=350%2C200","width":350,"height":200},"classes":[]},{"id":8824,"url":"https:\/\/satg.pl\/geolog\/archiwa\/stasiu-wladkowi\/","url_meta":{"origin":22575,"position":3},"title":"Wspomnienie Stasia o W\u0142adku &#8230;","author":"Garapozales","date":"2016-01-11","format":false,"excerpt":"OSTATNIE PO\u017bEGNANIE naszego przyjaciela i absolwenta Technikum Geologicznego w Kielcach \u201eDziadka W\u0142adka\u201d \u015aP.W\u0141ADYS\u0141AWA KAMUSI\u0143SKIEGO - urodzonego 10.07.1941 r. w miejscowo\u015bci Umer k. Kielc, gm. Zagna\u0144sk - zmar\u0142ego 17.12.2015 r. w Krakowie prze\u017cywszy lat 74 Przebieg pracy zawodowej: 1962 r., uko\u0144czy\u0142 Technikum Geologiczne w Kielcach, kierunek wiertnictwo 1962 \u2013 1965 r.\u2026","rel":"","context":"W \u201eBez kategorii&quot;","block_context":{"text":"Bez kategorii","link":"https:\/\/satg.pl\/geolog\/archiwa\/category\/bez-kategorii\/"},"img":{"alt_text":"WKamusinski","src":"https:\/\/i0.wp.com\/satg.pl\/geolog\/wp-content\/uploads\/2016\/01\/WKamusinski-171x300.png?resize=350%2C200","width":350,"height":200},"classes":[]},{"id":3945,"url":"https:\/\/satg.pl\/geolog\/archiwa\/ul-jana-kaminskiego-ktora\/","url_meta":{"origin":22575,"position":4},"title":"ul. Jana Kami\u0144skiego &#8211; kt\u00f3ra?","author":"Garapozales","date":"2015-12-18","format":false,"excerpt":"Mapa przedstawia po\u0142o\u017cenie ulicy Jana Kami\u0144skiego w Kielcach. Przez jaki\u015b czas b\u0119dzie si\u0119 jeszcze wy\u015bwietla\u0142a nazwa Bernardy\u0144ska (w widoku \"mapa) dop\u00f3ki google nie naniesie nowych danych. Ikona przedstawia po\u0142o\u017cenie kamienia przy ulicy Jana Kami\u0144skiego. \u00a0","rel":"","context":"W \u201eJubileusz&quot;","block_context":{"text":"Jubileusz","link":"https:\/\/satg.pl\/geolog\/archiwa\/category\/jubileusz\/"},"img":{"alt_text":"Jan Kami\u0144ski","src":"https:\/\/i0.wp.com\/garapo.o12.pl\/wp-content\/uploads\/2015\/12\/Kami%C5%84ski.jpg?resize=350%2C200","width":350,"height":200},"classes":[]},{"id":739,"url":"https:\/\/satg.pl\/geolog\/archiwa\/po-zebraniu-zarzadu\/","url_meta":{"origin":22575,"position":5},"title":"Po zebraniu zarz\u0105du &#8211; ZAPROSZENIE na BARB\u00f3RK\u0118","author":"Garapozales","date":"2011-10-16","format":false,"excerpt":"Dnia 14.10 odby\u0142o si\u0119 zebranie zarz\u0105du. Z zebrania Zarz\u0105du: Om\u00f3wiono sprz\u0105tanie grob\u00f3w i zapalenie zniczy w dniu \u015aw. Zmar\u0142ych na grobach nauczycieli. Zapoznano si\u0119 z post\u0119pem prac w Centrum Geoedukacji \u201eWietrznia\u201d. Uroczyste otwarcie planowane jest na wiosn\u0119 2012r. Prawdopodobnie jedna z sal b\u0119dzie nazwana im. J. Kami\u0144skiego. Jest propozycja, \u017ceby\u2026","rel":"","context":"W \u201eBarb\u00f3rka&quot;","block_context":{"text":"Barb\u00f3rka","link":"https:\/\/satg.pl\/geolog\/archiwa\/category\/barborka\/"},"img":{"alt_text":"","src":"https:\/\/i0.wp.com\/satg.pl\/geolog\/wp-content\/uploads\/2011\/10\/SATG_Biuletyn-1.jpg?fit=595%2C842&ssl=1&resize=350%2C200","width":350,"height":200,"srcset":"https:\/\/i0.wp.com\/satg.pl\/geolog\/wp-content\/uploads\/2011\/10\/SATG_Biuletyn-1.jpg?fit=595%2C842&ssl=1&resize=350%2C200 1x, https:\/\/i0.wp.com\/satg.pl\/geolog\/wp-content\/uploads\/2011\/10\/SATG_Biuletyn-1.jpg?fit=595%2C842&ssl=1&resize=525%2C300 1.5x"},"classes":[]}],"jetpack_likes_enabled":true,"_links":{"self":[{"href":"https:\/\/satg.pl\/geolog\/wp-json\/wp\/v2\/posts\/22575","targetHints":{"allow":["GET"]}}],"collection":[{"href":"https:\/\/satg.pl\/geolog\/wp-json\/wp\/v2\/posts"}],"about":[{"href":"https:\/\/satg.pl\/geolog\/wp-json\/wp\/v2\/types\/post"}],"author":[{"embeddable":true,"href":"https:\/\/satg.pl\/geolog\/wp-json\/wp\/v2\/users\/1"}],"replies":[{"embeddable":true,"href":"https:\/\/satg.pl\/geolog\/wp-json\/wp\/v2\/comments?post=22575"}],"version-history":[{"count":1,"href":"https:\/\/satg.pl\/geolog\/wp-json\/wp\/v2\/posts\/22575\/revisions"}],"predecessor-version":[{"id":22578,"href":"https:\/\/satg.pl\/geolog\/wp-json\/wp\/v2\/posts\/22575\/revisions\/22578"}],"wp:attachment":[{"href":"https:\/\/satg.pl\/geolog\/wp-json\/wp\/v2\/media?parent=22575"}],"wp:term":[{"taxonomy":"category","embeddable":true,"href":"https:\/\/satg.pl\/geolog\/wp-json\/wp\/v2\/categories?post=22575"},{"taxonomy":"post_tag","embeddable":true,"href":"https:\/\/satg.pl\/geolog\/wp-json\/wp\/v2\/tags?post=22575"}],"curies":[{"name":"wp","href":"https:\/\/api.w.org\/{rel}","templated":true}]}}