{"id":22550,"date":"2025-05-22T14:29:02","date_gmt":"2025-05-22T12:29:02","guid":{"rendered":"https:\/\/satg.pl\/geolog\/?p=22550"},"modified":"2025-05-22T14:34:05","modified_gmt":"2025-05-22T12:34:05","slug":"splyw-kajakowy-2025","status":"publish","type":"post","link":"https:\/\/satg.pl\/geolog\/archiwa\/splyw-kajakowy-2025\/","title":{"rendered":"Sp\u0142yw kajakowy &#8211; 2025"},"content":{"rendered":"<p class=\"gwpe7961c0d_MsoNormal\">Zarz\u0105d SATG zaprasza na wypraw\u0119 kajakow\u0105, kt\u00f3ra odb\u0119dzie si\u0119 14 czerwca 2025 r. B\u0119dzie to sp\u0142yw Nid\u0105 z Tokarni do Mokrska. Zbi\u00f3rka i wyjazd autokarem z Kielc spod cmentarza przy ul. Ksi\u0119dza Piotra \u015aciegiennego (przy pomniku Homo Homini) o godzinie 12.00. Start w Tokarni o 13.00 a meta w Mokrsku o godzinie 17.00. Potem ognisko przy kie\u0142basce, kaszance i zimnym piwku. Powr\u00f3t do Kielce oko\u0142o godziny 20.00.<\/p>\n<p class=\"gwpe7961c0d_MsoNormal\">Uwaga:<\/p>\n<p class=\"gwpe7961c0d_MsoNormal\">Dla tych, kt\u00f3rzy chc\u0105 przyjecha\u0107 w\u0142asnym autem jest mo\u017cliwo\u015b\u0107 pozostawienia samochodu w Mokrsku (du\u017cy parking) i dojechanie busem organizatora na start sp\u0142ywu do Tokarni. Bus o 12.30.<\/p>\n<p class=\"gwpe7961c0d_MsoNormal\">&nbsp;<\/p>\n<p class=\"gwpe7961c0d_MsoNormal\">Cena imprezy 80 z\u0142 od osoby.<\/p>\n<p class=\"gwpe7961c0d_MsoNormal\">Wp\u0142at nale\u017cy dokonywa\u0107 na konto nr&nbsp;&nbsp; lub u kole\u017canki Marioli Dydak w Instytucie Geologicznym do 7 czerwca 2025 roku.<\/p>\n<p class=\"gwpe7961c0d_MsoNormal\">&nbsp;<\/p>\n<p class=\"gwpe7961c0d_MsoNormal\">P.S.<\/p>\n<p class=\"gwpe7961c0d_MsoNormal\">Kajaki s\u0105 dwuosobowe. Ka\u017cdy musi zadba\u0107 o kondycj\u0119 i odzie\u017c we w\u0142asnym zakresie. Je\u015bli kto\u015b b\u0119dzie pi\u0142 co\u015b poza piwem to te\u017c mo\u017cna zabra\u0107.<\/p>\n<p class=\"gwpe7961c0d_MsoNormal\">Na miejscu przewidziano \u201eniespodzianki\u201d<\/p>\n<p class=\"gwpe7961c0d_MsoNormal\">&nbsp;<\/p>\n<p class=\"gwpe7961c0d_MsoNormal\">Prezes SATG:<\/p>\n<p class=\"gwpe7961c0d_MsoNormal\">Jan Kowalski &nbsp;<\/p>\n<p>&nbsp;<\/p>\n<p>po\u0142o\u017cenie parkingu w Kielcach<\/p>\n<p><a href=\"https:\/\/maps.app.goo.gl\/kHUDMeDEyZx6b8Kq5\">https:\/\/maps.app.goo.gl\/kHUDMeDEyZx6b8Kq5<\/a><\/p>\n<p>parking w Mokrsku<\/p>\n<p><a href=\"https:\/\/maps.app.goo.gl\/u27YNUuTwQK4N5u67\">https:\/\/maps.app.goo.gl\/u27YNUuTwQK4N5u67<\/a><\/p>\n<p>&nbsp;<\/p>\n\r\n            \r\n            \r\n            \r\n            <a name='map15'><\/a>\r\n            \r\n            \r\n            \r\n            \r\n            <div class=\"wpgmza_map \"  id=\"wpgmza_map_15\" style=\"display:block; overflow:auto; width:100%; height:400px; float:left;\" data-settings='{\"id\":\"15\",\"map_title\":\"Parking przy cmentarzu w Kielcach\",\"map_width\":\"100\",\"map_height\":\"400\",\"map_start_lat\":\"50.76032326372592\",\"map_start_lng\":\"20.477659051333042\",\"map_start_location\":\"\",\"map_start_zoom\":\"10\",\"default_marker\":\"\",\"type\":\"1\",\"alignment\":\"0\",\"directions_enabled\":\"0\",\"styling_enabled\":\"0\",\"styling_json\":\"\",\"active\":\"0\",\"kml\":\"\",\"bicycle\":\"0\",\"traffic\":\"0\",\"dbox\":\"1\",\"dbox_width\":\"100\",\"listmarkers\":\"0\",\"listmarkers_advanced\":\"0\",\"filterbycat\":\"0\",\"ugm_enabled\":\"0\",\"ugm_category_enabled\":\"0\",\"fusion\":\"\",\"map_width_type\":\"%\",\"map_height_type\":\"px\",\"mass_marker_support\":\"0\",\"ugm_access\":\"0\",\"order_markers_by\":\"1\",\"order_markers_choice\":\"1\",\"show_user_location\":\"0\",\"default_to\":\"\",\"other_settings\":{\"map_type\":1,\"sl_stroke_color\":\"#ff0000\",\"sl_fill_color\":\"#ff0000\",\"sl_stroke_opacity\":\"1\",\"sl_fill_opacity\":\"0.5\",\"transport_layer\":false,\"action\":\"wpgmza_save_map\",\"redirect_to\":\"\\\/geolog\\\/wp-admin\\\/admin-post.php\",\"map_id\":\"15\",\"http_referer\":\"\\\/geolog\\\/wp-admin\\\/admin.php?page=wp-google-maps-menu&amp;amp;action=edit&amp;amp;map_id=15\",\"wpgmza_id\":\"15\",\"wpgmza_start_location\":\"50.76032326372592,20.477659051333042\",\"wpgmza_start_zoom\":\"10\",\"wpgmza_theme_data\":\"\",\"wpgmza_dbox_width_type\":\"%\",\"default_from\":\"\",\"directions_behaviour\":\"default\",\"force_google_directions_app\":false,\"directions_route_origin_icon\":\"https:\\\/\\\/satg.pl\\\/geolog\\\/wp-content\\\/plugins\\\/wp-google-maps\\\/images\\\/spotlight-poi3.png\",\"directions_origin_retina\":false,\"directions_route_destination_icon\":\"https:\\\/\\\/satg.pl\\\/geolog\\\/wp-content\\\/plugins\\\/wp-google-maps\\\/images\\\/spotlight-poi3.png\",\"directions_destination_retina\":false,\"directions_route_stroke_color\":\"#4f8df5\",\"directions_route_stroke_weight\":\"4\",\"directions_route_stroke_opacity\":\"0.8\",\"directions_fit_bounds_to_route\":false,\"store_locator_enabled\":false,\"store_locator_search_area\":\"radial\",\"wpgmza_store_locator_radius_style\":\"legacy\",\"wpgmza_store_locator_default_radius\":\"10\",\"store_locator_auto_area_max_zoom\":\"\",\"wpgmza_store_locator_restrict\":\"\",\"store_locator_distance\":false,\"wpgmza_store_locator_position\":false,\"store_locator_show_distance\":false,\"store_locator_category\":false,\"wpgmza_store_locator_use_their_location\":false,\"wpgmza_store_locator_bounce\":false,\"upload_default_sl_marker\":\"\",\"upload_default_sl_marker_retina\":false,\"wpgmza_sl_animation\":\"0\",\"wpgmza_store_locator_hide_before_search\":false,\"store_locator_query_string\":\"\",\"store_locator_location_placeholder\":\"\",\"store_locator_default_address\":\"\",\"store_locator_name_search\":false,\"store_locator_name_string\":\"\",\"store_locator_not_found_message\":\"\",\"retina\":false,\"wpgmza_map_align\":\"1\",\"upload_default_ul_marker\":\"\",\"upload_default_ul_marker_retina\":false,\"jump_to_nearest_marker_on_initialization\":false,\"automatically_pan_to_users_location\":false,\"override_users_location_zoom_level\":false,\"override_users_location_zoom_levels\":\"\",\"show_distance_from_location\":false,\"map_max_zoom\":\"21\",\"map_min_zoom\":\"0\",\"click_open_link\":false,\"fit_maps_bounds_to_markers\":false,\"fit_maps_bounds_to_markers_after_filtering\":false,\"hide_point_of_interest\":false,\"wpgmza_zoom_on_marker_click\":false,\"wpgmza_zoom_on_marker_click_slider\":\"\",\"close_infowindow_on_map_click\":false,\"disable_lightbox_images\":false,\"use_Raw_Jpeg_Coordinates\":false,\"polygon_labels\":false,\"disable_polygon_info_windows\":false,\"enable_advanced_custom_fields_integration\":false,\"enable_toolset_woocommerce_integration\":false,\"enable_marker_labels\":false,\"only_load_markers_within_viewport\":false,\"zoom_level_mobile_override_enabled\":false,\"zoom_level_mobile_override\":\"\",\"iw_primary_color\":\"#000000\",\"iw_accent_color\":\"#000000\",\"iw_text_color\":\"#000000\",\"wpgmza_listmarkers_by\":\"0\",\"wpgmza_marker_listing_position\":false,\"wpgmza_push_in_map\":false,\"wpgmza_push_in_map_placement\":\"1\",\"wpgmza_push_in_map_width\":\"\",\"wpgmza_push_in_map_height\":\"\",\"zoom_level_on_marker_listing_override\":false,\"zoom_level_on_marker_listing_click\":\"\",\"marker_listing_disable_zoom\":false,\"datatable_no_result_message\":\"\",\"remove_search_box_datables\":false,\"dataTable_pagination_style\":\"default\",\"datatable_search_string\":\"\",\"datatable_result_start\":\"\",\"datatable_result_of\":\"\",\"datatable_result_to\":\"\",\"datatable_result_total\":\"\",\"datatable_result_show\":\"\",\"datatable_result_entries\":\"\",\"wpgmza_savemap\":\"Zapisz map\\u0119 \\u00bb\",\"shortcodeAttributes\":{\"id\":\"15\"}}}' data-map-id='15' data-shortcode-attributes='{\"id\":\"15\"}'> <\/div>\r\n            \r\n               \r\n        \n<p>&nbsp;<\/p>\n<p>&nbsp;<\/p>\n","protected":false},"excerpt":{"rendered":"<p>Zarz\u0105d SATG zaprasza na wypraw\u0119 kajakow\u0105, kt\u00f3ra odb\u0119dzie si\u0119 14 czerwca 2025 r. B\u0119dzie to sp\u0142yw Nid\u0105 z Tokarni do Mokrska. Zbi\u00f3rka i wyjazd autokarem z Kielc spod cmentarza przy ul. Ksi\u0119dza Piotra \u015aciegiennego (przy pomniku Homo Homini) o godzinie 12.00. Start w Tokarni o 13.00 a meta w Mokrsku\u2026<\/p>\n<p class=\"continue-reading-button\"> <a class=\"continue-reading-link\" href=\"https:\/\/satg.pl\/geolog\/archiwa\/splyw-kajakowy-2025\/\">Czytaj dalej<i class=\"crycon-right-dir\"><\/i><\/a><\/p>\n","protected":false},"author":1,"featured_media":0,"comment_status":"open","ping_status":"open","sticky":false,"template":"","format":"standard","meta":{"ngg_post_thumbnail":0,"jetpack_post_was_ever_published":false,"_jetpack_newsletter_access":"","_jetpack_dont_email_post_to_subs":false,"_jetpack_newsletter_tier_id":0,"_jetpack_memberships_contains_paywalled_content":false,"_jetpack_memberships_contains_paid_content":false,"footnotes":"","jetpack_publicize_message":"","jetpack_publicize_feature_enabled":true,"jetpack_social_post_already_shared":true,"jetpack_social_options":{"image_generator_settings":{"template":"highway","default_image_id":0,"font":"","enabled":false},"version":2}},"categories":[1],"tags":[],"class_list":["post-22550","post","type-post","status-publish","format-standard","hentry","category-bez-kategorii"],"jetpack_publicize_connections":[],"jetpack_featured_media_url":"","jetpack_sharing_enabled":true,"jetpack_shortlink":"https:\/\/wp.me\/p7jPbe-5RI","jetpack-related-posts":[{"id":1424,"url":"https:\/\/satg.pl\/geolog\/archiwa\/po-spotkaniu-zarzadu\/","url_meta":{"origin":22550,"position":0},"title":"Po spotkaniu Zarz\u0105du","author":"Garapozales","date":"2013-01-11","format":false,"excerpt":"Dzi\u015b (pi\u0105tek 11.01.13) odby\u0142o si\u0119 zabranie Zarz\u0105du SATG. KOMUNIKAT NR 2 JUBILEUSZOWY X ZJAZD ABSOLWENT\u00d3W TG w dniach 8-9 czerwca 2013 r. Op\u0142ata za udzia\u0142 wynosi 220 z\u0142 (ma\u0142\u017ce\u0144stwa absolwenckie TG - 350 z\u0142). Wp\u0142at nale\u017cy dokonywa\u0107 na konto w PKO BP S.A. Oddzia\u0142 2 w Kielcach nr: 17 1020\u2026","rel":"","context":"W \u201espotkania&quot;","block_context":{"text":"spotkania","link":"https:\/\/satg.pl\/geolog\/archiwa\/category\/spotkania\/"},"img":{"alt_text":"","src":"https:\/\/i0.wp.com\/satg.pl\/geolog\/wp-content\/uploads\/2013\/01\/PIG_tablica_2.jpg?fit=320%2C213&ssl=1&resize=350%2C200","width":350,"height":200},"classes":[]},{"id":1110,"url":"https:\/\/satg.pl\/geolog\/archiwa\/barborka-2012\/","url_meta":{"origin":22550,"position":1},"title":"BARB\u00d3RKA 2012","author":"Garapozales","date":"2012-10-14","format":false,"excerpt":"STOWARZYSZENIE ABSOLWENT\u00d3W TECHNIKUM GEOLOGICZNEGO W KIELCACH ZAPRASZA\u00a0 1 GRUDNIA 2012r. na : \"VIII BARB\u00d3RK\u0118\", kt\u00f3ra odb\u0119dzie si\u0119 w hotelu KAMERALNYM, ul. Tarnowska 7 w Kielcach, tel.0 41 348-25-30 od godz.18.00 O godzinie 17.00 spotkanie uczestnik\u00f3w \"BIESIADY\" i absolwent\u00f3w TG przed budynkiem szko\u0142y na \u015aciegiennego obecnie biblioteka Wojew\u00f3dzka przy g\u0142azie JANA.\u2026","rel":"","context":"W \u201eBarb\u00f3rka&quot;","block_context":{"text":"Barb\u00f3rka","link":"https:\/\/satg.pl\/geolog\/archiwa\/category\/barborka\/"},"img":{"alt_text":"","src":"https:\/\/i0.wp.com\/satg.pl\/geolog\/wp-content\/uploads\/2012\/10\/symbol_gorniczy.jpg?fit=640%2C640&ssl=1&resize=350%2C200","width":350,"height":200,"srcset":"https:\/\/i0.wp.com\/satg.pl\/geolog\/wp-content\/uploads\/2012\/10\/symbol_gorniczy.jpg?fit=640%2C640&ssl=1&resize=350%2C200 1x, https:\/\/i0.wp.com\/satg.pl\/geolog\/wp-content\/uploads\/2012\/10\/symbol_gorniczy.jpg?fit=640%2C640&ssl=1&resize=525%2C300 1.5x"},"classes":[]},{"id":21501,"url":"https:\/\/satg.pl\/geolog\/archiwa\/teresa-toszek-ostatnie-pozegnanie\/","url_meta":{"origin":22550,"position":2},"title":"Teresa Taszek &#8211; ostatnie po\u017cegnanie","author":"Garapozales","date":"2021-06-01","format":false,"excerpt":"Z wielk\u0105 przykro\u015bci\u0105 zawiadamiamy, \u017ce w dniu 31 maja zmar\u0142a, prze\u017cywszy 90 lat, nasza ukochana pani profesor Teresa Taszek. Msza \u015awi\u0119ta \u017ba\u0142obna odprawiona zostanie 2 czerwca 2021 (\u015broda) o godzinie 14:00 w Ko\u015bciele B\u0142ogos\u0142awionego Jerzego Matulewicza po czym nast\u0105pi wyprowadzenie na cmentarz komunalny w Cedzynie. \u00a0","rel":"","context":"W \u201epo\u017cegnanie&quot;","block_context":{"text":"po\u017cegnanie","link":"https:\/\/satg.pl\/geolog\/archiwa\/category\/pozegnanie\/"},"img":{"alt_text":"","src":"https:\/\/i0.wp.com\/satg.pl\/geolog\/wp-content\/uploads\/2021\/06\/TT_-2.jpg?resize=350%2C200","width":350,"height":200},"classes":[]},{"id":22555,"url":"https:\/\/satg.pl\/geolog\/archiwa\/ostatnie-pozegnanie-jadwiga-dziewiecka\/","url_meta":{"origin":22550,"position":3},"title":"Ostatnie po\u017cegnanie &#8211; Jadwiga Dziewi\u0119cka","author":"Garapozales","date":"2025-06-26","format":false,"excerpt":"Z \u017calem zawiadamiay, \u017ce zmar\u0142a Jadwiga Dziewi\u0119cka (rocznik matury 1972). Uroczysto\u015b\u0107 pogrzebowa odb\u0119dzie si\u0119 w ko\u015bciele parafialnym pw. \u015bw Franciszka z Asy\u017cu w Kielcach (ul. Warszawska) w sobot\u0119 28 czerwca o godzinie 10:00.","rel":"","context":"W \u201epo\u017cegnanie&quot;","block_context":{"text":"po\u017cegnanie","link":"https:\/\/satg.pl\/geolog\/archiwa\/category\/pozegnanie\/"},"img":{"alt_text":"","src":"https:\/\/i0.wp.com\/satg.pl\/geolog\/wp-content\/uploads\/2025\/06\/Jadwiga-Dziewiecka.jpg?resize=350%2C200&ssl=1","width":350,"height":200,"srcset":"https:\/\/i0.wp.com\/satg.pl\/geolog\/wp-content\/uploads\/2025\/06\/Jadwiga-Dziewiecka.jpg?resize=350%2C200&ssl=1 1x, https:\/\/i0.wp.com\/satg.pl\/geolog\/wp-content\/uploads\/2025\/06\/Jadwiga-Dziewiecka.jpg?resize=525%2C300&ssl=1 1.5x, https:\/\/i0.wp.com\/satg.pl\/geolog\/wp-content\/uploads\/2025\/06\/Jadwiga-Dziewiecka.jpg?resize=700%2C400&ssl=1 2x"},"classes":[]},{"id":3048,"url":"https:\/\/satg.pl\/geolog\/archiwa\/protokol-12015\/","url_meta":{"origin":22550,"position":4},"title":"Protok\u00f3\u0142 1\/2015","author":"Garapozales","date":"2015-01-21","format":false,"excerpt":"Wycinki z protoko\u0142u 1\/2015 oraz zdj\u0119cia ze spotkania noworocznego Zgodnie z wcze\u015bniejszymi informacjami w dniu 16 stycznia o godzinie 14.30 odby\u0142o si\u0119 poszerzone zebranie naszego stowarzyszenia w Centrum Geoedukacji na Wietrzni w Kielcach. W spotkaniu sprawozdawczo-noworocznym uczestniczy\u0142o 26 os\u00f3b z Kielc, Krakowa i Lublina . W pierwszej cz\u0119\u015bci zebrania podsumowali\u015bmy\u2026","rel":"","context":"W \u201eBez kategorii&quot;","block_context":{"text":"Bez kategorii","link":"https:\/\/satg.pl\/geolog\/archiwa\/category\/bez-kategorii\/"},"img":{"alt_text":"","src":"https:\/\/i0.wp.com\/satg.pl\/geolog\/wp-content\/uploads\/ngg_featured\/spotkanie_noworoczne_satg_01.jpg?fit=1074%2C818&ssl=1&resize=350%2C200","width":350,"height":200,"srcset":"https:\/\/i0.wp.com\/satg.pl\/geolog\/wp-content\/uploads\/ngg_featured\/spotkanie_noworoczne_satg_01.jpg?fit=1074%2C818&ssl=1&resize=350%2C200 1x, https:\/\/i0.wp.com\/satg.pl\/geolog\/wp-content\/uploads\/ngg_featured\/spotkanie_noworoczne_satg_01.jpg?fit=1074%2C818&ssl=1&resize=525%2C300 1.5x, https:\/\/i0.wp.com\/satg.pl\/geolog\/wp-content\/uploads\/ngg_featured\/spotkanie_noworoczne_satg_01.jpg?fit=1074%2C818&ssl=1&resize=700%2C400 2x, https:\/\/i0.wp.com\/satg.pl\/geolog\/wp-content\/uploads\/ngg_featured\/spotkanie_noworoczne_satg_01.jpg?fit=1074%2C818&ssl=1&resize=1050%2C600 3x"},"classes":[]},{"id":21537,"url":"https:\/\/satg.pl\/geolog\/archiwa\/komunikat-nr-3-4-grudnia\/","url_meta":{"origin":22550,"position":5},"title":"Komunikat nr 3 &#8211; 4 grudnia","author":"Garapozales","date":"2021-11-10","format":false,"excerpt":"Komunikat Nr 2 Serdecznie zapraszamy nauczycieli i absolwent\u00f3w Technikum Geologicznego oraz wszystkich ch\u0119tnych na uroczyste ods\u0142oni\u0119cie pomnika Hilarego Mali, kt\u00f3ry wsp\u00f3lnymi si\u0142ami odrestaurowali\u015bmy. Uroczysto\u015b\u0107 odb\u0119dzie si\u0119 w Kielcach w Ogrodzie Botanicznym w dniu 4 grudnia 2021 roku o godzinie 15,00. Zapraszamy na spotkanie pod pomnikiem. Po uroczysto\u015bci ods\u0142oni\u0119cia odb\u0119dzie si\u0119\u2026","rel":"","context":"W \u201eBez kategorii&quot;","block_context":{"text":"Bez kategorii","link":"https:\/\/satg.pl\/geolog\/archiwa\/category\/bez-kategorii\/"},"img":{"alt_text":"","src":"https:\/\/i0.wp.com\/satg.pl\/geolog\/wp-content\/uploads\/2016\/10\/godlo-gornicze.png?fit=220%2C220&ssl=1&resize=350%2C200","width":350,"height":200},"classes":[]}],"jetpack_likes_enabled":true,"_links":{"self":[{"href":"https:\/\/satg.pl\/geolog\/wp-json\/wp\/v2\/posts\/22550","targetHints":{"allow":["GET"]}}],"collection":[{"href":"https:\/\/satg.pl\/geolog\/wp-json\/wp\/v2\/posts"}],"about":[{"href":"https:\/\/satg.pl\/geolog\/wp-json\/wp\/v2\/types\/post"}],"author":[{"embeddable":true,"href":"https:\/\/satg.pl\/geolog\/wp-json\/wp\/v2\/users\/1"}],"replies":[{"embeddable":true,"href":"https:\/\/satg.pl\/geolog\/wp-json\/wp\/v2\/comments?post=22550"}],"version-history":[{"count":3,"href":"https:\/\/satg.pl\/geolog\/wp-json\/wp\/v2\/posts\/22550\/revisions"}],"predecessor-version":[{"id":22553,"href":"https:\/\/satg.pl\/geolog\/wp-json\/wp\/v2\/posts\/22550\/revisions\/22553"}],"wp:attachment":[{"href":"https:\/\/satg.pl\/geolog\/wp-json\/wp\/v2\/media?parent=22550"}],"wp:term":[{"taxonomy":"category","embeddable":true,"href":"https:\/\/satg.pl\/geolog\/wp-json\/wp\/v2\/categories?post=22550"},{"taxonomy":"post_tag","embeddable":true,"href":"https:\/\/satg.pl\/geolog\/wp-json\/wp\/v2\/tags?post=22550"}],"curies":[{"name":"wp","href":"https:\/\/api.w.org\/{rel}","templated":true}]}}