{"id":22255,"date":"2024-12-15T21:39:46","date_gmt":"2024-12-15T20:39:46","guid":{"rendered":"https:\/\/satg.pl\/geolog\/?p=22255"},"modified":"2024-12-16T10:47:43","modified_gmt":"2024-12-16T09:47:43","slug":"spotkanie-oplatkowe-4","status":"publish","type":"post","link":"https:\/\/satg.pl\/geolog\/archiwa\/spotkanie-oplatkowe-4\/","title":{"rendered":"Spotkanie op\u0142atkowe"},"content":{"rendered":"<p>Zarz\u0105d SATG zaprasza na spotkanie op\u0142atkowe <strong>17 stycznia 2025<\/strong> w CEG na Wietrzni, <strong>godzina 16:00<\/strong>. Zapraszamy z w\u0142asnymi wyrobami kulinarnymi.<\/p>\n<p>Prezes Jan Kowalski<\/p>\n<p>&nbsp;<\/p>\n","protected":false},"excerpt":{"rendered":"<p>Zarz\u0105d SATG zaprasza na spotkanie op\u0142atkowe 17 stycznia 2025 w CEG na Wietrzni, godzina 16:00. Zapraszamy z w\u0142asnymi wyrobami kulinarnymi. Prezes Jan Kowalski &nbsp;<\/p>\n<p class=\"continue-reading-button\"> <a class=\"continue-reading-link\" href=\"https:\/\/satg.pl\/geolog\/archiwa\/spotkanie-oplatkowe-4\/\">Czytaj dalej<i class=\"crycon-right-dir\"><\/i><\/a><\/p>\n","protected":false},"author":1,"featured_media":21555,"comment_status":"open","ping_status":"open","sticky":false,"template":"","format":"standard","meta":{"ngg_post_thumbnail":0,"jetpack_post_was_ever_published":false,"_jetpack_newsletter_access":"","_jetpack_dont_email_post_to_subs":false,"_jetpack_newsletter_tier_id":0,"_jetpack_memberships_contains_paywalled_content":false,"_jetpack_memberships_contains_paid_content":false,"footnotes":"","jetpack_publicize_message":"","jetpack_publicize_feature_enabled":true,"jetpack_social_post_already_shared":true,"jetpack_social_options":{"image_generator_settings":{"template":"highway","default_image_id":0,"font":"","enabled":false},"version":2}},"categories":[1],"tags":[],"class_list":["post-22255","post","type-post","status-publish","format-standard","has-post-thumbnail","hentry","category-bez-kategorii"],"jetpack_publicize_connections":[],"jetpack_featured_media_url":"https:\/\/i0.wp.com\/satg.pl\/geolog\/wp-content\/uploads\/2022\/01\/20220107_0803260.jpg?fit=2415%2C1088&ssl=1","jetpack_sharing_enabled":true,"jetpack_shortlink":"https:\/\/wp.me\/p7jPbe-5MX","jetpack-related-posts":[{"id":22590,"url":"https:\/\/satg.pl\/geolog\/archiwa\/spotkanie-oplatkowe-6\/","url_meta":{"origin":22255,"position":0},"title":"Spotkanie op\u0142atkowe","author":"Garapozales","date":"2025-12-29","format":false,"excerpt":"Spotkanie op\u0142atkowe odb\u0119dzie si\u0119 23 styczniaco 16, a nie tak jak podano wcze\u015bniej. \u00a0 23.01.2026 godzina 16.00 Geocentrum na Wietrzni.","rel":"","context":"W \u201eBez kategorii&quot;","block_context":{"text":"Bez kategorii","link":"https:\/\/satg.pl\/geolog\/archiwa\/category\/bez-kategorii\/"},"img":{"alt_text":"","src":"","width":0,"height":0},"classes":[]},{"id":21741,"url":"https:\/\/satg.pl\/geolog\/archiwa\/spotkanie-oplatkowe-3\/","url_meta":{"origin":22255,"position":1},"title":"Spotkanie Op\u0142atkowe","author":"Garapozales","date":"2023-01-02","format":false,"excerpt":"2023 ju\u017c zawita\u0142. Wszystkim Absolwentom i Nauczycielom \u017cyczy aby by\u0142 lepszy ni\u017c poprzednie. I zapraszamy na spotkanie op\u0142atkowe, kt\u00f3re odb\u0119dzie si\u0119 20.01.2023 o godzinie 15.00 w GeoCentrum. Prezes","rel":"","context":"W \u201eBez kategorii&quot;","block_context":{"text":"Bez kategorii","link":"https:\/\/satg.pl\/geolog\/archiwa\/category\/bez-kategorii\/"},"img":{"alt_text":"","src":"https:\/\/i0.wp.com\/satg.pl\/geolog\/wp-content\/uploads\/2022\/01\/20220107_0803260.jpg?fit=1200%2C541&ssl=1&resize=350%2C200","width":350,"height":200,"srcset":"https:\/\/i0.wp.com\/satg.pl\/geolog\/wp-content\/uploads\/2022\/01\/20220107_0803260.jpg?fit=1200%2C541&ssl=1&resize=350%2C200 1x, https:\/\/i0.wp.com\/satg.pl\/geolog\/wp-content\/uploads\/2022\/01\/20220107_0803260.jpg?fit=1200%2C541&ssl=1&resize=525%2C300 1.5x, https:\/\/i0.wp.com\/satg.pl\/geolog\/wp-content\/uploads\/2022\/01\/20220107_0803260.jpg?fit=1200%2C541&ssl=1&resize=700%2C400 2x, https:\/\/i0.wp.com\/satg.pl\/geolog\/wp-content\/uploads\/2022\/01\/20220107_0803260.jpg?fit=1200%2C541&ssl=1&resize=1050%2C600 3x"},"classes":[]},{"id":21997,"url":"https:\/\/satg.pl\/geolog\/archiwa\/spotkanie-oplatkowe-absolwentow-tg\/","url_meta":{"origin":22255,"position":2},"title":"Spotkanie op\u0142atkowe Absolwent\u00f3w TG","author":"Garapozales","date":"2023-12-10","format":false,"excerpt":"Coroczne spotkanie noworoczne (op\u0142atkowe) odb\u0119dzie si\u0119 12 stycznia 2024 o godzinie 15:30 w Geocentrum na Wietrzni. Zaopatrzenie imprezy we w\u0142asnym zakresie. \u00a0","rel":"","context":"W \u201espotkania&quot;","block_context":{"text":"spotkania","link":"https:\/\/satg.pl\/geolog\/archiwa\/category\/spotkania\/"},"img":{"alt_text":"","src":"https:\/\/i0.wp.com\/satg.pl\/geolog\/wp-content\/uploads\/2022\/01\/20220107_0803260.jpg?fit=1200%2C541&ssl=1&resize=350%2C200","width":350,"height":200,"srcset":"https:\/\/i0.wp.com\/satg.pl\/geolog\/wp-content\/uploads\/2022\/01\/20220107_0803260.jpg?fit=1200%2C541&ssl=1&resize=350%2C200 1x, https:\/\/i0.wp.com\/satg.pl\/geolog\/wp-content\/uploads\/2022\/01\/20220107_0803260.jpg?fit=1200%2C541&ssl=1&resize=525%2C300 1.5x, https:\/\/i0.wp.com\/satg.pl\/geolog\/wp-content\/uploads\/2022\/01\/20220107_0803260.jpg?fit=1200%2C541&ssl=1&resize=700%2C400 2x, https:\/\/i0.wp.com\/satg.pl\/geolog\/wp-content\/uploads\/2022\/01\/20220107_0803260.jpg?fit=1200%2C541&ssl=1&resize=1050%2C600 3x"},"classes":[]},{"id":22259,"url":"https:\/\/satg.pl\/geolog\/archiwa\/spotkanie-oplatkowe-5\/","url_meta":{"origin":22255,"position":3},"title":"Spotkanie op\u0142atkowe 17 stycznia 2025","author":"Garapozales","date":"2024-12-16","format":false,"excerpt":"Zmiana daty spotkania na 17 stycznia 2025 na godzin\u0119 16:00. Miejsce: Centrum Edukacji Geologicznej.","rel":"","context":"W \u201eBez kategorii&quot;","block_context":{"text":"Bez kategorii","link":"https:\/\/satg.pl\/geolog\/archiwa\/category\/bez-kategorii\/"},"img":{"alt_text":"","src":"","width":0,"height":0},"classes":[]},{"id":21554,"url":"https:\/\/satg.pl\/geolog\/archiwa\/spotkanie-oplatkowe-2\/","url_meta":{"origin":22255,"position":4},"title":"Geologiczne spotkanie op\u0142atkowe","author":"Garapozales","date":"2022-01-07","format":false,"excerpt":"14 stycznia (pi\u0105tek) 2022 roku w Geocentrum na Wietrzni odb\u0119dzie si\u0119 spotkanie op\u0142atkowe. Zapraszamy wszystkich Absolwent\u00f3w Technikum Geologicznego w Kielcach od godziny 15. Pocz\u0119stunek szykujemy we w\u0142asnym zakresie czyli ka\u017cdy przynosi co mo\u017ce. Mariola Dydak \u00a0 \u00a0 \u00a0 \u00a0 \u017bycz\u0119 wszystkim udanego spotkania w tym tak trudnym okresie. A Geocentrum\u2026","rel":"","context":"W \u201espotkania&quot;","block_context":{"text":"spotkania","link":"https:\/\/satg.pl\/geolog\/archiwa\/category\/spotkania\/"},"img":{"alt_text":"","src":"https:\/\/i0.wp.com\/satg.pl\/geolog\/wp-content\/uploads\/2022\/01\/20220107_0803260.jpg?fit=1200%2C541&ssl=1&resize=350%2C200","width":350,"height":200,"srcset":"https:\/\/i0.wp.com\/satg.pl\/geolog\/wp-content\/uploads\/2022\/01\/20220107_0803260.jpg?fit=1200%2C541&ssl=1&resize=350%2C200 1x, https:\/\/i0.wp.com\/satg.pl\/geolog\/wp-content\/uploads\/2022\/01\/20220107_0803260.jpg?fit=1200%2C541&ssl=1&resize=525%2C300 1.5x, https:\/\/i0.wp.com\/satg.pl\/geolog\/wp-content\/uploads\/2022\/01\/20220107_0803260.jpg?fit=1200%2C541&ssl=1&resize=700%2C400 2x, https:\/\/i0.wp.com\/satg.pl\/geolog\/wp-content\/uploads\/2022\/01\/20220107_0803260.jpg?fit=1200%2C541&ssl=1&resize=1050%2C600 3x"},"classes":[]},{"id":20246,"url":"https:\/\/satg.pl\/geolog\/archiwa\/spotkanie-oplatkowe\/","url_meta":{"origin":22255,"position":5},"title":"Spotkanie op\u0142atkowe","author":"Garapozales","date":"2018-01-05","format":false,"excerpt":"Spotkanie op\u0142atkowe Absolwent\u00f3w Technikum Geologicznego odb\u0119dzie si\u0119 12 stycznia o godzinie 15 w Geocentrum na Wietrzni. Serdecznie zapraszamy. Pozdrawiam Mariola Dydak P.S. Zaopatrzenie we w\u0142asnym zakresie W okolice Centrum Geoedukacji z centrum Kielc z przystanku Czarnowska lub Paderewskiego \/ Sienkiewicza do przystanku Wojska Pol \/ Jana Karskiego kursuje linia nr\u2026","rel":"","context":"W \u201eBez kategorii&quot;","block_context":{"text":"Bez kategorii","link":"https:\/\/satg.pl\/geolog\/archiwa\/category\/bez-kategorii\/"},"img":{"alt_text":"","src":"https:\/\/i0.wp.com\/satg.pl\/geolog\/wp-content\/uploads\/2018\/01\/ecaa50c8b1eea5b5e1010578d6f26010_cr.jpg?fit=366%2C484&ssl=1&resize=350%2C200","width":350,"height":200},"classes":[]}],"jetpack_likes_enabled":true,"_links":{"self":[{"href":"https:\/\/satg.pl\/geolog\/wp-json\/wp\/v2\/posts\/22255","targetHints":{"allow":["GET"]}}],"collection":[{"href":"https:\/\/satg.pl\/geolog\/wp-json\/wp\/v2\/posts"}],"about":[{"href":"https:\/\/satg.pl\/geolog\/wp-json\/wp\/v2\/types\/post"}],"author":[{"embeddable":true,"href":"https:\/\/satg.pl\/geolog\/wp-json\/wp\/v2\/users\/1"}],"replies":[{"embeddable":true,"href":"https:\/\/satg.pl\/geolog\/wp-json\/wp\/v2\/comments?post=22255"}],"version-history":[{"count":3,"href":"https:\/\/satg.pl\/geolog\/wp-json\/wp\/v2\/posts\/22255\/revisions"}],"predecessor-version":[{"id":22258,"href":"https:\/\/satg.pl\/geolog\/wp-json\/wp\/v2\/posts\/22255\/revisions\/22258"}],"wp:featuredmedia":[{"embeddable":true,"href":"https:\/\/satg.pl\/geolog\/wp-json\/wp\/v2\/media\/21555"}],"wp:attachment":[{"href":"https:\/\/satg.pl\/geolog\/wp-json\/wp\/v2\/media?parent=22255"}],"wp:term":[{"taxonomy":"category","embeddable":true,"href":"https:\/\/satg.pl\/geolog\/wp-json\/wp\/v2\/categories?post=22255"},{"taxonomy":"post_tag","embeddable":true,"href":"https:\/\/satg.pl\/geolog\/wp-json\/wp\/v2\/tags?post=22255"}],"curies":[{"name":"wp","href":"https:\/\/api.w.org\/{rel}","templated":true}]}}