{"id":22252,"date":"2024-12-04T12:42:01","date_gmt":"2024-12-04T11:42:01","guid":{"rendered":"https:\/\/satg.pl\/geolog\/?p=22252"},"modified":"2024-12-04T12:42:01","modified_gmt":"2024-12-04T11:42:01","slug":"barborka-zyczenia","status":"publish","type":"post","link":"https:\/\/satg.pl\/geolog\/archiwa\/barborka-zyczenia\/","title":{"rendered":"Barb\u00f3rka &#8211; \u017cyczenia"},"content":{"rendered":"<p>We Barb\u00f3rka \u017cyczymy Wom, coby ka\u017cdo szychta ko\u0144czy\u0142a sie na bezpiycze\u0144stwie, a robota przynosi\u0142a duma i zadowolyniy. Du\u017co szczyn\u015bcio dlo Wos i Waszych familii! Szczy\u0144\u015b\u0107 Bo\u017ce.<\/p>\n<p>\u015al\u0105zak<\/p>\n<hr>\n<p>\u017byczenia przes\u0142a\u0142 do Stowarzyszenia tak\u017ce nasz absolwent ks. Piotr Grabarz:<\/p>\n<p>\u015awi\u0119ta Barbaro bro\u0144 nas od wszelkich niebezpiecze\u0144stw i w godzinie \u015bmierci umacniaj nas Sakrementem Cia\u0142a i Krwi twojego Syna. W dniu \u015bwi\u0119tej Barbary otaczam szczeg\u00f3ln\u0105 \u017cyczliwo\u015bci\u0105 i modlitw\u0105 i wypraszam wszelkie \u0142aski i b\u0142ogos\u0142awie\u0144stwo na ka\u017cdy dzie\u0144.<\/p>\n<p>Pozdrawiwam. Radosnego \u015bwi\u0119towania.<\/p>\n<p>Szcz\u0119\u015b\u0107 Bo\u017ce<a href=\"https:\/\/i0.wp.com\/satg.pl\/geolog\/wp-content\/uploads\/2018\/06\/65lat_006_2018.jpg?ssl=1\"><br \/>\n<img data-recalc-dims=\"1\" loading=\"lazy\" decoding=\"async\" data-attachment-id=\"20508\" data-permalink=\"https:\/\/satg.pl\/geolog\/archiwa\/barborka-zyczenia\/65lat_006_2018\/\" data-orig-file=\"https:\/\/i0.wp.com\/satg.pl\/geolog\/wp-content\/uploads\/2018\/06\/65lat_006_2018.jpg?fit=2143%2C1452&amp;ssl=1\" data-orig-size=\"2143,1452\" data-comments-opened=\"1\" data-image-meta=\"{&quot;aperture&quot;:&quot;6.3&quot;,&quot;credit&quot;:&quot;Grzela AZ&quot;,&quot;camera&quot;:&quot;Canon EOS 60D&quot;,&quot;caption&quot;:&quot;&quot;,&quot;created_timestamp&quot;:&quot;1529155695&quot;,&quot;copyright&quot;:&quot;(C)&quot;,&quot;focal_length&quot;:&quot;40&quot;,&quot;iso&quot;:&quot;640&quot;,&quot;shutter_speed&quot;:&quot;0.003125&quot;,&quot;title&quot;:&quot;&quot;,&quot;orientation&quot;:&quot;0&quot;}\" data-image-title=\"65lat_006_2018\" data-image-description=\"\" data-image-caption=\"\" data-large-file=\"https:\/\/i0.wp.com\/satg.pl\/geolog\/wp-content\/uploads\/2018\/06\/65lat_006_2018.jpg?fit=900%2C610&amp;ssl=1\" class=\"alignleft size-full wp-image-20508\" src=\"https:\/\/i0.wp.com\/satg.pl\/geolog\/wp-content\/uploads\/2018\/06\/65lat_006_2018.jpg?resize=900%2C610&#038;ssl=1\" alt=\"\" width=\"900\" height=\"610\" srcset=\"https:\/\/i0.wp.com\/satg.pl\/geolog\/wp-content\/uploads\/2018\/06\/65lat_006_2018.jpg?w=2143&amp;ssl=1 2143w, https:\/\/i0.wp.com\/satg.pl\/geolog\/wp-content\/uploads\/2018\/06\/65lat_006_2018.jpg?resize=300%2C203&amp;ssl=1 300w, https:\/\/i0.wp.com\/satg.pl\/geolog\/wp-content\/uploads\/2018\/06\/65lat_006_2018.jpg?resize=1024%2C694&amp;ssl=1 1024w, https:\/\/i0.wp.com\/satg.pl\/geolog\/wp-content\/uploads\/2018\/06\/65lat_006_2018.jpg?resize=150%2C102&amp;ssl=1 150w, https:\/\/i0.wp.com\/satg.pl\/geolog\/wp-content\/uploads\/2018\/06\/65lat_006_2018.jpg?w=1800&amp;ssl=1 1800w\" sizes=\"auto, (max-width: 900px) 100vw, 900px\" \/><\/a><\/p>\n<blockquote class=\"wp-embedded-content\" data-secret=\"EGEwnoxBrw\"><p><a href=\"https:\/\/satg.pl\/geolog\/archiwa\/barborka-w-swietle-legendy-o-sw-barbarze\/\">Barb\u00f3rka w \u015bwietle legendy o \u015bw. Barbarze<\/a><\/p><\/blockquote>\n<p><iframe loading=\"lazy\" class=\"wp-embedded-content\" sandbox=\"allow-scripts\" security=\"restricted\" style=\"position: absolute; visibility: hidden;\" title=\"&#8222;Barb\u00f3rka w \u015bwietle legendy o \u015bw. Barbarze&#8221; &#8212; Geolog - Technikum Geologiczne w Kielcach\" src=\"https:\/\/satg.pl\/geolog\/archiwa\/barborka-w-swietle-legendy-o-sw-barbarze\/embed\/#?secret=DdLWC67mrX#?secret=EGEwnoxBrw\" data-secret=\"EGEwnoxBrw\" width=\"600\" height=\"338\" frameborder=\"0\" marginwidth=\"0\" marginheight=\"0\" scrolling=\"no\"><\/iframe><\/p>\n","protected":false},"excerpt":{"rendered":"<p>We Barb\u00f3rka \u017cyczymy Wom, coby ka\u017cdo szychta ko\u0144czy\u0142a sie na bezpiycze\u0144stwie, a robota przynosi\u0142a duma i zadowolyniy. Du\u017co szczyn\u015bcio dlo Wos i Waszych familii! Szczy\u0144\u015b\u0107 Bo\u017ce. \u015al\u0105zak \u017byczenia przes\u0142a\u0142 do Stowarzyszenia tak\u017ce nasz absolwent ks. Piotr Grabarz: \u015awi\u0119ta Barbaro bro\u0144 nas od wszelkich niebezpiecze\u0144stw i w godzinie \u015bmierci umacniaj nas\u2026<\/p>\n<p class=\"continue-reading-button\"> <a class=\"continue-reading-link\" href=\"https:\/\/satg.pl\/geolog\/archiwa\/barborka-zyczenia\/\">Czytaj dalej<i class=\"crycon-right-dir\"><\/i><\/a><\/p>\n","protected":false},"author":1,"featured_media":19489,"comment_status":"open","ping_status":"open","sticky":false,"template":"","format":"standard","meta":{"ngg_post_thumbnail":0,"jetpack_post_was_ever_published":false,"_jetpack_newsletter_access":"","_jetpack_dont_email_post_to_subs":false,"_jetpack_newsletter_tier_id":0,"_jetpack_memberships_contains_paywalled_content":false,"_jetpack_memberships_contains_paid_content":false,"footnotes":"","jetpack_publicize_message":"","jetpack_publicize_feature_enabled":true,"jetpack_social_post_already_shared":true,"jetpack_social_options":{"image_generator_settings":{"template":"highway","default_image_id":0,"font":"","enabled":false},"version":2}},"categories":[1],"tags":[],"class_list":["post-22252","post","type-post","status-publish","format-standard","has-post-thumbnail","hentry","category-bez-kategorii"],"jetpack_publicize_connections":[],"jetpack_featured_media_url":"https:\/\/i0.wp.com\/satg.pl\/geolog\/wp-content\/uploads\/2016\/10\/Godlogornicze.jpg?fit=180%2C196&ssl=1","jetpack_sharing_enabled":true,"jetpack_shortlink":"https:\/\/wp.me\/p7jPbe-5MU","jetpack-related-posts":[{"id":21545,"url":"https:\/\/satg.pl\/geolog\/archiwa\/4-grudnia-barborka-barburka\/","url_meta":{"origin":22252,"position":0},"title":"4 grudnia &#8211; Barb\u00f3rka, Barburka","author":"Garapozales","date":"2021-12-03","format":false,"excerpt":"Wszystkim g\u00f3rnikom sk\u0142adamy \u017cyczenia lepszej przysz\u0142o\u015bci. G\u00f3rniczy stan hej niech nam \u017cyje... O \u015aw. Barbarze","rel":"","context":"W \u201eBez kategorii&quot;","block_context":{"text":"Bez kategorii","link":"https:\/\/satg.pl\/geolog\/archiwa\/category\/bez-kategorii\/"},"img":{"alt_text":"","src":"","width":0,"height":0},"classes":[]},{"id":2840,"url":"https:\/\/satg.pl\/geolog\/archiwa\/barborka-barburka\/","url_meta":{"origin":22252,"position":1},"title":"Barb\u00f3rka, Barburka","author":"Garapozales","date":"2014-12-04","format":false,"excerpt":"z g\u00f3rniczym pozdrowieniem Szcz\u0119\u015b\u0107 Bo\u017ce ... G\u00f3rniczy stan hej niech nam \u017cyje, niech \u017cyje nam g\u00f3rniczy stan ...","rel":"","context":"W \u201eBarb\u00f3rka&quot;","block_context":{"text":"Barb\u00f3rka","link":"https:\/\/satg.pl\/geolog\/archiwa\/category\/barborka\/"},"img":{"alt_text":"","src":"https:\/\/i0.wp.com\/satg.pl\/geolog\/wp-content\/uploads\/2014\/12\/Barbara-karczowka.png?fit=468%2C692&ssl=1&resize=350%2C200","width":350,"height":200},"classes":[]},{"id":21438,"url":"https:\/\/satg.pl\/geolog\/archiwa\/barborka-3\/","url_meta":{"origin":22252,"position":2},"title":"Barb\u00f3rka","author":"Garapozales","date":"2020-12-04","format":false,"excerpt":"Szcz\u0119\u015b\u0107 Bo\u017ce Z g\u00f3rniczym pozdrowieniem \u00a0 \u00a0 Wed\u0142ug legendy, \u015bwi\u0119ta Barbara urodzi\u0142a si\u0119 w Nikomedii, na terenie obecnej Turcji w III wieku naszej ery.By\u0142a c\u00f3rk\u0105 bogatego i wp\u0142ywowego kupca, poganina, kt\u00f3ry za wszelk\u0105 cen\u0119 chcia\u0142 uchroni\u0107 j\u0105 przed chrze\u015bcija\u0144stwem. Barbara jednak potajemnie uczestniczy\u0142a w spotkaniach niewielkiej grupki chrze\u015bcijan. W zwi\u0105zku\u2026","rel":"","context":"W \u201eBez kategorii&quot;","block_context":{"text":"Bez kategorii","link":"https:\/\/satg.pl\/geolog\/archiwa\/category\/bez-kategorii\/"},"img":{"alt_text":"borzygniew","src":"https:\/\/i0.wp.com\/satg.pl\/geolog\/wp-content\/uploads\/2011\/10\/borzygniew-300x190.jpg?resize=350%2C200","width":350,"height":200},"classes":[]},{"id":22235,"url":"https:\/\/satg.pl\/geolog\/archiwa\/barborka-2024\/","url_meta":{"origin":22252,"position":3},"title":"Barb\u00f3rka 2024","author":"Garapozales","date":"2024-10-22","format":false,"excerpt":"Barb\u00f3rka 2024 STOWARZYSZENIE ABSOLWENT\u00d3W TECHNIKUM GEOLOGICZNEGO w Kielcach UPRZEJMIE ZAPRASZA NA XVII \u201eBIESIAD\u0118 BARB\u00d3RKOW\u0104\u201d, kt\u00f3ra odb\u0119dzie si\u0119 dnia 7 GRUDNIA 2024 r.,(sobota) w Hotelu \u201eBI\u0143KOWSKI DWOREK\u201d w Kielcach, przy ulicy Szczepanika 42.","rel":"","context":"W \u201eBarb\u00f3rka&quot;","block_context":{"text":"Barb\u00f3rka","link":"https:\/\/satg.pl\/geolog\/archiwa\/category\/barborka\/"},"img":{"alt_text":"","src":"https:\/\/i0.wp.com\/satg.pl\/geolog\/wp-content\/uploads\/2024\/10\/Barborka-2024.png?resize=350%2C200&ssl=1","width":350,"height":200,"srcset":"https:\/\/i0.wp.com\/satg.pl\/geolog\/wp-content\/uploads\/2024\/10\/Barborka-2024.png?resize=350%2C200&ssl=1 1x, https:\/\/i0.wp.com\/satg.pl\/geolog\/wp-content\/uploads\/2024\/10\/Barborka-2024.png?resize=525%2C300&ssl=1 1.5x"},"classes":[]},{"id":698,"url":"https:\/\/satg.pl\/geolog\/archiwa\/barborka-2011-mmxi\/","url_meta":{"origin":22252,"position":4},"title":"BARB\u00d3RKA 2011 \/MMXI\/","author":"Garapozales","date":"2011-10-03","format":false,"excerpt":"26 LISTOPADA odb\u0119dzie si\u0119 coroczna karczma barb\u00f3rkowa \u00a0 Do Absolwent\u00f3w TG autor chcia\u0142 pozosta\u0107 anonimowy Jak co roku o tej porze Gdy ju\u017c ch\u0142odno Jest na dworze Czcimy nasz\u0105 patronk\u0119 Basi\u0119 ,Barb\u00f3rk\u0119 I dlatego zarz\u0105dzamy Obowi\u0105zkow\u0105 zbi\u00f3rk\u0119 Hotel Kameralny 26-tego listopada I pami\u0119tajcie Nie by\u0107 a\u017c nie wypada!!! Przyje\u017cd\u017cajcie t\u0142umnie\u2026","rel":"","context":"W \u201eBarb\u00f3rka&quot;","block_context":{"text":"Barb\u00f3rka","link":"https:\/\/satg.pl\/geolog\/archiwa\/category\/barborka\/"},"img":{"alt_text":"","src":"https:\/\/i0.wp.com\/satg.pl\/geolog\/wp-content\/uploads\/2010\/11\/gornik.jpg?fit=800%2C500&ssl=1&resize=350%2C200","width":350,"height":200,"srcset":"https:\/\/i0.wp.com\/satg.pl\/geolog\/wp-content\/uploads\/2010\/11\/gornik.jpg?fit=800%2C500&ssl=1&resize=350%2C200 1x, https:\/\/i0.wp.com\/satg.pl\/geolog\/wp-content\/uploads\/2010\/11\/gornik.jpg?fit=800%2C500&ssl=1&resize=525%2C300 1.5x, https:\/\/i0.wp.com\/satg.pl\/geolog\/wp-content\/uploads\/2010\/11\/gornik.jpg?fit=800%2C500&ssl=1&resize=700%2C400 2x"},"classes":[]},{"id":3338,"url":"https:\/\/satg.pl\/geolog\/archiwa\/barborka-2015\/","url_meta":{"origin":22252,"position":5},"title":"Barb\u00f3rka 2015","author":"Garapozales","date":"2015-10-25","format":false,"excerpt":"STOWARZYSZENIE ABSOLWENT\u00d3W TECHNIKUM GEOLOGICZNEGO w Kielcach UPRZEJMIE ZAPRASZA NA XI \u201eBIESIAD\u0118 BARB\u00d3RKOW\u0104\u201d, kt\u00f3ra odb\u0119dzie si\u0119 dnia 5 GRUDNIA 2015 r. w Hotelu \u201eKAMERALNY\u201d szczeg\u00f3\u0142y w komunikacie SATG \u00a0","rel":"","context":"W \u201eBarb\u00f3rka&quot;","block_context":{"text":"Barb\u00f3rka","link":"https:\/\/satg.pl\/geolog\/archiwa\/category\/barborka\/"},"img":{"alt_text":"tg_tarcza","src":"https:\/\/i0.wp.com\/satg.pl\/geolog\/wp-content\/uploads\/2010\/06\/tg_tarcza.jpg?resize=350%2C200","width":350,"height":200},"classes":[]}],"jetpack_likes_enabled":true,"_links":{"self":[{"href":"https:\/\/satg.pl\/geolog\/wp-json\/wp\/v2\/posts\/22252","targetHints":{"allow":["GET"]}}],"collection":[{"href":"https:\/\/satg.pl\/geolog\/wp-json\/wp\/v2\/posts"}],"about":[{"href":"https:\/\/satg.pl\/geolog\/wp-json\/wp\/v2\/types\/post"}],"author":[{"embeddable":true,"href":"https:\/\/satg.pl\/geolog\/wp-json\/wp\/v2\/users\/1"}],"replies":[{"embeddable":true,"href":"https:\/\/satg.pl\/geolog\/wp-json\/wp\/v2\/comments?post=22252"}],"version-history":[{"count":2,"href":"https:\/\/satg.pl\/geolog\/wp-json\/wp\/v2\/posts\/22252\/revisions"}],"predecessor-version":[{"id":22254,"href":"https:\/\/satg.pl\/geolog\/wp-json\/wp\/v2\/posts\/22252\/revisions\/22254"}],"wp:featuredmedia":[{"embeddable":true,"href":"https:\/\/satg.pl\/geolog\/wp-json\/wp\/v2\/media\/19489"}],"wp:attachment":[{"href":"https:\/\/satg.pl\/geolog\/wp-json\/wp\/v2\/media?parent=22252"}],"wp:term":[{"taxonomy":"category","embeddable":true,"href":"https:\/\/satg.pl\/geolog\/wp-json\/wp\/v2\/categories?post=22252"},{"taxonomy":"post_tag","embeddable":true,"href":"https:\/\/satg.pl\/geolog\/wp-json\/wp\/v2\/tags?post=22252"}],"curies":[{"name":"wp","href":"https:\/\/api.w.org\/{rel}","templated":true}]}}