{"id":22235,"date":"2024-10-22T17:49:00","date_gmt":"2024-10-22T15:49:00","guid":{"rendered":"https:\/\/satg.pl\/geolog\/?p=22235"},"modified":"2024-10-22T17:57:48","modified_gmt":"2024-10-22T15:57:48","slug":"barborka-2024","status":"publish","type":"post","link":"https:\/\/satg.pl\/geolog\/archiwa\/barborka-2024\/","title":{"rendered":"Barb\u00f3rka 2024"},"content":{"rendered":"<p><a href=\"https:\/\/i0.wp.com\/satg.pl\/geolog\/wp-content\/uploads\/2016\/12\/Gornicze_prz.jpg?ssl=1\"><img data-recalc-dims=\"1\" loading=\"lazy\" decoding=\"async\" data-attachment-id=\"19589\" data-permalink=\"https:\/\/satg.pl\/geolog\/archiwa\/barborka-2024\/gornicze_prz\/\" data-orig-file=\"https:\/\/i0.wp.com\/satg.pl\/geolog\/wp-content\/uploads\/2016\/12\/Gornicze_prz.jpg?fit=1080%2C810&amp;ssl=1\" data-orig-size=\"1080,810\" data-comments-opened=\"1\" data-image-meta=\"{&quot;aperture&quot;:&quot;0&quot;,&quot;credit&quot;:&quot;&quot;,&quot;camera&quot;:&quot;&quot;,&quot;caption&quot;:&quot;&quot;,&quot;created_timestamp&quot;:&quot;0&quot;,&quot;copyright&quot;:&quot;&quot;,&quot;focal_length&quot;:&quot;0&quot;,&quot;iso&quot;:&quot;0&quot;,&quot;shutter_speed&quot;:&quot;0&quot;,&quot;title&quot;:&quot;&quot;,&quot;orientation&quot;:&quot;0&quot;}\" data-image-title=\"gornicze_prz\" data-image-description=\"\" data-image-caption=\"&lt;p&gt;Barb\u00f3rka tu\u017c tu\u017c&lt;\/p&gt;\n\" data-large-file=\"https:\/\/i0.wp.com\/satg.pl\/geolog\/wp-content\/uploads\/2016\/12\/Gornicze_prz.jpg?fit=900%2C675&amp;ssl=1\" class=\"size-medium wp-image-19589\" src=\"https:\/\/i0.wp.com\/satg.pl\/geolog\/wp-content\/uploads\/2016\/12\/Gornicze_prz.jpg?resize=300%2C225&#038;ssl=1\" alt=\"\" width=\"300\" height=\"225\" srcset=\"https:\/\/i0.wp.com\/satg.pl\/geolog\/wp-content\/uploads\/2016\/12\/Gornicze_prz.jpg?resize=300%2C225&amp;ssl=1 300w, https:\/\/i0.wp.com\/satg.pl\/geolog\/wp-content\/uploads\/2016\/12\/Gornicze_prz.jpg?resize=1024%2C768&amp;ssl=1 1024w, https:\/\/i0.wp.com\/satg.pl\/geolog\/wp-content\/uploads\/2016\/12\/Gornicze_prz.jpg?resize=400%2C300&amp;ssl=1 400w, https:\/\/i0.wp.com\/satg.pl\/geolog\/wp-content\/uploads\/2016\/12\/Gornicze_prz.jpg?resize=150%2C113&amp;ssl=1 150w, https:\/\/i0.wp.com\/satg.pl\/geolog\/wp-content\/uploads\/2016\/12\/Gornicze_prz.jpg?w=1080&amp;ssl=1 1080w\" sizes=\"auto, (max-width: 300px) 100vw, 300px\" \/><\/a><\/p>\n<p><strong><b> <a href=\"https:\/\/satg.pl\/geolog\/wp-content\/uploads\/2024\/10\/Barborka-2024.pdf\">Barb\u00f3rka 2024<\/a><\/b><\/strong><\/p>\n<p><strong><b>STOWARZYSZENIE<\/b><\/strong><strong><b><br \/>\n<\/b><\/strong><strong><b>ABSOLWENT\u00d3W TECHNIKUM GEOLOGICZNEGO<\/b><\/strong><\/p>\n<p><strong><b>w Kielcach UPRZEJMIE ZAPRASZA NA XVII \u201eBIESIAD\u0118 BARB\u00d3RKOW\u0104\u201d,<\/b><\/strong><\/p>\n<p><strong><b>kt\u00f3ra odb\u0119dzie si\u0119 dnia 7 GRUDNIA 2024 r.,(sobota) w Hotelu \u201eBI\u0143KOWSKI DWOREK\u201d<\/b><\/strong><\/p>\n<p><strong><b>w Kielcach, przy ulicy Szczepanika 42.<\/b><\/strong><\/p>\n<p><img data-recalc-dims=\"1\" loading=\"lazy\" decoding=\"async\" data-attachment-id=\"22239\" data-permalink=\"https:\/\/satg.pl\/geolog\/archiwa\/barborka-2024\/barborka-2024-2\/\" data-orig-file=\"https:\/\/i0.wp.com\/satg.pl\/geolog\/wp-content\/uploads\/2024\/10\/Barborka-2024.png?fit=532%2C761&amp;ssl=1\" data-orig-size=\"532,761\" data-comments-opened=\"1\" data-image-meta=\"{&quot;aperture&quot;:&quot;0&quot;,&quot;credit&quot;:&quot;&quot;,&quot;camera&quot;:&quot;&quot;,&quot;caption&quot;:&quot;&quot;,&quot;created_timestamp&quot;:&quot;0&quot;,&quot;copyright&quot;:&quot;&quot;,&quot;focal_length&quot;:&quot;0&quot;,&quot;iso&quot;:&quot;0&quot;,&quot;shutter_speed&quot;:&quot;0&quot;,&quot;title&quot;:&quot;&quot;,&quot;orientation&quot;:&quot;0&quot;}\" data-image-title=\"Barb\u00f3rka 2024\" data-image-description=\"\" data-image-caption=\"\" data-large-file=\"https:\/\/i0.wp.com\/satg.pl\/geolog\/wp-content\/uploads\/2024\/10\/Barborka-2024.png?fit=532%2C761&amp;ssl=1\" class=\"alignleft size-full wp-image-22239\" src=\"https:\/\/i0.wp.com\/satg.pl\/geolog\/wp-content\/uploads\/2024\/10\/Barborka-2024.png?resize=532%2C761&#038;ssl=1\" alt=\"\" width=\"532\" height=\"761\" srcset=\"https:\/\/i0.wp.com\/satg.pl\/geolog\/wp-content\/uploads\/2024\/10\/Barborka-2024.png?w=532&amp;ssl=1 532w, https:\/\/i0.wp.com\/satg.pl\/geolog\/wp-content\/uploads\/2024\/10\/Barborka-2024.png?resize=210%2C300&amp;ssl=1 210w, https:\/\/i0.wp.com\/satg.pl\/geolog\/wp-content\/uploads\/2024\/10\/Barborka-2024.png?resize=105%2C150&amp;ssl=1 105w\" sizes=\"auto, (max-width: 532px) 100vw, 532px\" \/><\/p>\n","protected":false},"excerpt":{"rendered":"<p>Barb\u00f3rka 2024 STOWARZYSZENIE ABSOLWENT\u00d3W TECHNIKUM GEOLOGICZNEGO w Kielcach UPRZEJMIE ZAPRASZA NA XVII \u201eBIESIAD\u0118 BARB\u00d3RKOW\u0104\u201d, kt\u00f3ra odb\u0119dzie si\u0119 dnia 7 GRUDNIA 2024 r.,(sobota) w Hotelu \u201eBI\u0143KOWSKI DWOREK\u201d w Kielcach, przy ulicy Szczepanika 42.<\/p>\n<p class=\"continue-reading-button\"> <a class=\"continue-reading-link\" href=\"https:\/\/satg.pl\/geolog\/archiwa\/barborka-2024\/\">Czytaj dalej<i class=\"crycon-right-dir\"><\/i><\/a><\/p>\n","protected":false},"author":1,"featured_media":19489,"comment_status":"open","ping_status":"open","sticky":false,"template":"","format":"standard","meta":{"ngg_post_thumbnail":0,"jetpack_post_was_ever_published":false,"_jetpack_newsletter_access":"","_jetpack_dont_email_post_to_subs":false,"_jetpack_newsletter_tier_id":0,"_jetpack_memberships_contains_paywalled_content":false,"_jetpack_memberships_contains_paid_content":false,"footnotes":"","jetpack_publicize_message":"","jetpack_publicize_feature_enabled":true,"jetpack_social_post_already_shared":true,"jetpack_social_options":{"image_generator_settings":{"template":"highway","default_image_id":0,"font":"","enabled":false},"version":2}},"categories":[2,1,8],"tags":[],"class_list":["post-22235","post","type-post","status-publish","format-standard","has-post-thumbnail","hentry","category-barborka","category-bez-kategorii","category-spotkania"],"jetpack_publicize_connections":[],"jetpack_featured_media_url":"https:\/\/i0.wp.com\/satg.pl\/geolog\/wp-content\/uploads\/2016\/10\/Godlogornicze.jpg?fit=180%2C196&ssl=1","jetpack_sharing_enabled":true,"jetpack_shortlink":"https:\/\/wp.me\/p7jPbe-5MD","jetpack-related-posts":[{"id":21205,"url":"https:\/\/satg.pl\/geolog\/archiwa\/barborka-2019\/","url_meta":{"origin":22235,"position":0},"title":"BARB\u00f3RKA 2019","author":"Garapozales","date":"2019-11-02","format":false,"excerpt":"STOWARZYSZENIE\u00a0ABSOLWENT\u00d3W TECHNIKUM GEOLOGICZNEGO w Kielcach UPRZEJMIE ZAPRASZA NA XIV \u201eBIESIAD\u0118 BARB\u00d3RKOW\u0104\u201d, kt\u00f3ra odb\u0119dzie si\u0119 dnia 07 grudnia 2019 r.\u00a0 w Hotelu\u00a0 \u201eBINKOWSKI DWOREK\u201d w Kielcach, przy ulicy Szczepaniaka 42 \u00a0 Rozpocz\u0119cie \u201eBIESIADY\u201d w hotelu \u201eBINKOWSKI DWOREK\u201d o godz. 18oo. O\u00a0 godz. 17oo \u00a0spotkanie uczestnik\u00f3w \u201eBIESIADY\u201d i absolwent\u00f3w Technikum Geologicznego przed\u2026","rel":"","context":"W \u201eBarb\u00f3rka&quot;","block_context":{"text":"Barb\u00f3rka","link":"https:\/\/satg.pl\/geolog\/archiwa\/category\/barborka\/"},"img":{"alt_text":"","src":"https:\/\/i0.wp.com\/satg.pl\/geolog\/wp-content\/uploads\/2016\/10\/GodloGornicze.png?fit=465%2C431&ssl=1&resize=350%2C200","width":350,"height":200},"classes":[]},{"id":21697,"url":"https:\/\/satg.pl\/geolog\/archiwa\/barborka-2022\/","url_meta":{"origin":22235,"position":1},"title":"Barb\u00f3rka 2022","author":"Garapozales","date":"2022-10-09","format":false,"excerpt":"STOWARZYSZENIE ABSOLWENT\u00d3W TECHNIKUM GEOLOGICZNEGO w Kielcach UPRZEJMIE ZAPRASZA NA XVI \u201eBIESIAD\u0118 BARB\u00d3RKOW\u0104\u201d, kt\u00f3ra odb\u0119dzie si\u0119 dnia 3 GRUDNIA 2022 r. w Hotelu \u201eBI\u0143KOWSKI DWOREK\u201d w Kielcach, przy ulicy Szczepanika 42. \u00a0 Rozpocz\u0119cie \u201eBIESIADY\u201d w hotelu \u201eBI\u0143KOWSKI DWOREK\u201d o godz. 18oo. O godz. 17oo spotkanie uczestnik\u00f3w \u201eBIESIADY\u201d i absolwent\u00f3w Technikum Geologicznego\u2026","rel":"","context":"W \u201eBarb\u00f3rka&quot;","block_context":{"text":"Barb\u00f3rka","link":"https:\/\/satg.pl\/geolog\/archiwa\/category\/barborka\/"},"img":{"alt_text":"","src":"https:\/\/i0.wp.com\/satg.pl\/geolog\/wp-content\/uploads\/2022\/10\/Barborka-2022.png?resize=350%2C200","width":350,"height":200,"srcset":"https:\/\/i0.wp.com\/satg.pl\/geolog\/wp-content\/uploads\/2022\/10\/Barborka-2022.png?resize=350%2C200 1x, https:\/\/i0.wp.com\/satg.pl\/geolog\/wp-content\/uploads\/2022\/10\/Barborka-2022.png?resize=525%2C300 1.5x"},"classes":[]},{"id":3338,"url":"https:\/\/satg.pl\/geolog\/archiwa\/barborka-2015\/","url_meta":{"origin":22235,"position":2},"title":"Barb\u00f3rka 2015","author":"Garapozales","date":"2015-10-25","format":false,"excerpt":"STOWARZYSZENIE ABSOLWENT\u00d3W TECHNIKUM GEOLOGICZNEGO w Kielcach UPRZEJMIE ZAPRASZA NA XI \u201eBIESIAD\u0118 BARB\u00d3RKOW\u0104\u201d, kt\u00f3ra odb\u0119dzie si\u0119 dnia 5 GRUDNIA 2015 r. w Hotelu \u201eKAMERALNY\u201d szczeg\u00f3\u0142y w komunikacie SATG \u00a0","rel":"","context":"W \u201eBarb\u00f3rka&quot;","block_context":{"text":"Barb\u00f3rka","link":"https:\/\/satg.pl\/geolog\/archiwa\/category\/barborka\/"},"img":{"alt_text":"tg_tarcza","src":"https:\/\/i0.wp.com\/satg.pl\/geolog\/wp-content\/uploads\/2010\/06\/tg_tarcza.jpg?resize=350%2C200","width":350,"height":200},"classes":[]},{"id":1110,"url":"https:\/\/satg.pl\/geolog\/archiwa\/barborka-2012\/","url_meta":{"origin":22235,"position":3},"title":"BARB\u00d3RKA 2012","author":"Garapozales","date":"2012-10-14","format":false,"excerpt":"STOWARZYSZENIE ABSOLWENT\u00d3W TECHNIKUM GEOLOGICZNEGO W KIELCACH ZAPRASZA\u00a0 1 GRUDNIA 2012r. na : \"VIII BARB\u00d3RK\u0118\", kt\u00f3ra odb\u0119dzie si\u0119 w hotelu KAMERALNYM, ul. Tarnowska 7 w Kielcach, tel.0 41 348-25-30 od godz.18.00 O godzinie 17.00 spotkanie uczestnik\u00f3w \"BIESIADY\" i absolwent\u00f3w TG przed budynkiem szko\u0142y na \u015aciegiennego obecnie biblioteka Wojew\u00f3dzka przy g\u0142azie JANA.\u2026","rel":"","context":"W \u201eBarb\u00f3rka&quot;","block_context":{"text":"Barb\u00f3rka","link":"https:\/\/satg.pl\/geolog\/archiwa\/category\/barborka\/"},"img":{"alt_text":"","src":"https:\/\/i0.wp.com\/satg.pl\/geolog\/wp-content\/uploads\/2012\/10\/symbol_gorniczy.jpg?fit=640%2C640&ssl=1&resize=350%2C200","width":350,"height":200,"srcset":"https:\/\/i0.wp.com\/satg.pl\/geolog\/wp-content\/uploads\/2012\/10\/symbol_gorniczy.jpg?fit=640%2C640&ssl=1&resize=350%2C200 1x, https:\/\/i0.wp.com\/satg.pl\/geolog\/wp-content\/uploads\/2012\/10\/symbol_gorniczy.jpg?fit=640%2C640&ssl=1&resize=525%2C300 1.5x"},"classes":[]},{"id":20522,"url":"https:\/\/satg.pl\/geolog\/archiwa\/barborka-2018\/","url_meta":{"origin":22235,"position":4},"title":"Barb\u00f3rka 2018","author":"Garapozales","date":"2018-09-26","format":false,"excerpt":"\u00a0 STOWARZYSZENIE ABSOLWENT\u00d3W TECHNIKUM GEOLOGICZNEGO w Kielcach UPRZEJMIE ZAPRASZA NA XIII \u201eBIESIAD\u0118 BARB\u00d3RKOW\u0104\u201d, kt\u00f3ra odb\u0119dzie si\u0119 dnia 24 Listopada 2018 r.\u00a0 w Hotelu\u00a0 \u201eBINKOWSKI DWOREK\u201d w Kielcach, przy ulicy Szczepaniaka 42 \u00a0 Rozpocz\u0119cie \u201eBIESIADY\u201d w hotelu \u201eBINKOWSKI DWOREK\u201d o godz. 18oo. O\u00a0 godz. 17oo \u00a0spotkanie uczestnik\u00f3w \u201eBIESIADY\u201d i absolwent\u00f3w Technikum\u2026","rel":"","context":"W \u201eBarb\u00f3rka&quot;","block_context":{"text":"Barb\u00f3rka","link":"https:\/\/satg.pl\/geolog\/archiwa\/category\/barborka\/"},"img":{"alt_text":"","src":"https:\/\/i0.wp.com\/satg.pl\/geolog\/wp-content\/uploads\/2018\/09\/SATG-tytu%C5%82-300x57.png?resize=350%2C200","width":350,"height":200},"classes":[]},{"id":20109,"url":"https:\/\/satg.pl\/geolog\/archiwa\/barborka-2017-3\/","url_meta":{"origin":22235,"position":5},"title":"Barb\u00f3rka 2017","author":"Garapozales","date":"2017-10-04","format":false,"excerpt":"komunikat SATG 2017 STOWARZYSZENIE ABSOLWENT\u00d3W TECHNIKUM GEOLOGICZNEGO w Kielcach UPRZEJMIE ZAPRASZA NA XII \u201eBIESIAD\u0118 BARB\u00d3RKOW\u0104\u201d, kt\u00f3ra odb\u0119dzie si\u0119 dnia 2 GRUDNIA 2017 r. w Hotelu \u201eSTANGRET\u201d w Kielcach, przy ulicy Artylerzyst\u00f3w 2. Rozpocz\u0119cie \u201eBIESIADY\u201d w hotelu \u201eSTANGRET\u201d o godz. 18oo. O godz. 17oo spotkanie uczestnik\u00f3w \u201eBIESIADY\u201d i absolwent\u00f3w Technikum Geologicznego\u2026","rel":"","context":"W \u201eBarb\u00f3rka&quot;","block_context":{"text":"Barb\u00f3rka","link":"https:\/\/satg.pl\/geolog\/archiwa\/category\/barborka\/"},"img":{"alt_text":"","src":"https:\/\/i0.wp.com\/satg.pl\/geolog\/wp-content\/uploads\/2016\/10\/godlo-gornicze.png?fit=220%2C220&ssl=1&resize=350%2C200","width":350,"height":200},"classes":[]}],"jetpack_likes_enabled":true,"_links":{"self":[{"href":"https:\/\/satg.pl\/geolog\/wp-json\/wp\/v2\/posts\/22235","targetHints":{"allow":["GET"]}}],"collection":[{"href":"https:\/\/satg.pl\/geolog\/wp-json\/wp\/v2\/posts"}],"about":[{"href":"https:\/\/satg.pl\/geolog\/wp-json\/wp\/v2\/types\/post"}],"author":[{"embeddable":true,"href":"https:\/\/satg.pl\/geolog\/wp-json\/wp\/v2\/users\/1"}],"replies":[{"embeddable":true,"href":"https:\/\/satg.pl\/geolog\/wp-json\/wp\/v2\/comments?post=22235"}],"version-history":[{"count":4,"href":"https:\/\/satg.pl\/geolog\/wp-json\/wp\/v2\/posts\/22235\/revisions"}],"predecessor-version":[{"id":22241,"href":"https:\/\/satg.pl\/geolog\/wp-json\/wp\/v2\/posts\/22235\/revisions\/22241"}],"wp:featuredmedia":[{"embeddable":true,"href":"https:\/\/satg.pl\/geolog\/wp-json\/wp\/v2\/media\/19489"}],"wp:attachment":[{"href":"https:\/\/satg.pl\/geolog\/wp-json\/wp\/v2\/media?parent=22235"}],"wp:term":[{"taxonomy":"category","embeddable":true,"href":"https:\/\/satg.pl\/geolog\/wp-json\/wp\/v2\/categories?post=22235"},{"taxonomy":"post_tag","embeddable":true,"href":"https:\/\/satg.pl\/geolog\/wp-json\/wp\/v2\/tags?post=22235"}],"curies":[{"name":"wp","href":"https:\/\/api.w.org\/{rel}","templated":true}]}}