{"id":22232,"date":"2024-10-10T21:12:29","date_gmt":"2024-10-10T19:12:29","guid":{"rendered":"https:\/\/satg.pl\/geolog\/?p=22232"},"modified":"2024-10-10T21:12:29","modified_gmt":"2024-10-10T19:12:29","slug":"zaproszenie-na-wystawe-2","status":"publish","type":"post","link":"https:\/\/satg.pl\/geolog\/archiwa\/zaproszenie-na-wystawe-2\/","title":{"rendered":"Zaproszenie na wystaw\u0119"},"content":{"rendered":"<p>ZAPROSZENIE<\/p>\n<p>Stowarzyszenie Absolwent\u00f3w Technikum Geologicznego ma zaszczyt zaprosi\u0107 Dyrekcje, pracownik\u00f3w Instytutu Geologicznego oraz Absolwent\u00f3w Technikum Geologicznego &nbsp;na uroczyste otwarcie wystawy po\u015bwi\u0119conej historii Technikum Geologicznego mieszcz\u0105cej si\u0119 w Sali muzealnej Instytutu.<\/p>\n<p>Termin \u2013 sobota 19.10. 2024r.,od godziny 15,00 \u2013 16.00.<\/p>\n<p>Zaplanowano pocz\u0119stunek lampk\u0105 szampana.<\/p>\n<p>&nbsp;<\/p>\n<p>P.S.<\/p>\n<p>Po otwarciu wystawy ch\u0119tnych zapraszamy na uroczysto\u015b\u0107 ods\u0142oni\u0119cia tablicy po\u015bwi\u0119conej Zbigniewowi Rubinowskiemu, kt\u00f3ra odb\u0119dzie si\u0119 na Cmentarzu Prawos\u0142awnym w Kielcach o godzinie 16,30 a nast\u0119pnie na msz\u0119 do \u015aw. Wojciecha na godzin\u0119 18.30<\/p>\n<p>&nbsp;<\/p>\n<p>Z powa\u017caniem<\/p>\n<p>Prezes SATG<\/p>\n<p>Jan Kowalski<\/p>\n","protected":false},"excerpt":{"rendered":"<p>ZAPROSZENIE Stowarzyszenie Absolwent\u00f3w Technikum Geologicznego ma zaszczyt zaprosi\u0107 Dyrekcje, pracownik\u00f3w Instytutu Geologicznego oraz Absolwent\u00f3w Technikum Geologicznego &nbsp;na uroczyste otwarcie wystawy po\u015bwi\u0119conej historii Technikum Geologicznego mieszcz\u0105cej si\u0119 w Sali muzealnej Instytutu. Termin \u2013 sobota 19.10. 2024r.,od godziny 15,00 \u2013 16.00. Zaplanowano pocz\u0119stunek lampk\u0105 szampana. &nbsp; P.S. Po otwarciu wystawy ch\u0119tnych zapraszamy\u2026<\/p>\n<p class=\"continue-reading-button\"> <a class=\"continue-reading-link\" href=\"https:\/\/satg.pl\/geolog\/archiwa\/zaproszenie-na-wystawe-2\/\">Czytaj dalej<i class=\"crycon-right-dir\"><\/i><\/a><\/p>\n","protected":false},"author":1,"featured_media":0,"comment_status":"open","ping_status":"open","sticky":false,"template":"","format":"standard","meta":{"ngg_post_thumbnail":0,"jetpack_post_was_ever_published":false,"_jetpack_newsletter_access":"","_jetpack_dont_email_post_to_subs":false,"_jetpack_newsletter_tier_id":0,"_jetpack_memberships_contains_paywalled_content":false,"_jetpack_memberships_contains_paid_content":false,"footnotes":"","jetpack_publicize_message":"","jetpack_publicize_feature_enabled":true,"jetpack_social_post_already_shared":true,"jetpack_social_options":{"image_generator_settings":{"template":"highway","default_image_id":0,"font":"","enabled":false},"version":2}},"categories":[5],"tags":[],"class_list":["post-22232","post","type-post","status-publish","format-standard","hentry","category-kielce"],"jetpack_publicize_connections":[],"jetpack_featured_media_url":"","jetpack_sharing_enabled":true,"jetpack_shortlink":"https:\/\/wp.me\/p7jPbe-5MA","jetpack-related-posts":[{"id":20256,"url":"https:\/\/satg.pl\/geolog\/archiwa\/xi-zjazd-absolwentow-technikum-geologicznego-w-kielcach\/","url_meta":{"origin":22232,"position":0},"title":"XI ZJAZD ABSOLWENT\u00d3W TECHNIKUM GEOLOGICZNEGO w KIELCACH","author":"Garapozales","date":"2018-01-18","format":false,"excerpt":"ZAPROSZENIE\u00a0 -\u00a0 XI ZJAZD ABSOLWENT\u00d3W TECHNIKUM GEOLOGICZNEGO w KIELCACH - kliknij ZAPROSZENIE \u00a0 Komitet organizacyjny Zjazdu zaprasza Absolwent\u00f3w TG Kielce na XI Zjazd , kt\u00f3ry odb\u0119dzie si\u0119 w dniach 16-17 czerwca 2018r. w Ameli\u00f3wce \u00a0\u00a0 Rozpocz\u0119cie Zjazdu : godz.13.00 - msza \u015bw. w Katedrze w Kielcach Rozpocz\u0119cie w Ameli\u00f3wce: 18.30\u2026","rel":"","context":"W \u201eJubileusz&quot;","block_context":{"text":"Jubileusz","link":"https:\/\/satg.pl\/geolog\/archiwa\/category\/jubileusz\/"},"img":{"alt_text":"","src":"https:\/\/i0.wp.com\/satg.pl\/geolog\/wp-content\/uploads\/2010\/06\/tg_tarcza.jpg?resize=350%2C200","width":350,"height":200},"classes":[]},{"id":1700,"url":"https:\/\/satg.pl\/geolog\/archiwa\/1700\/","url_meta":{"origin":22232,"position":1},"title":"Zaproszenie na biesiad\u0119","author":"Garapozales","date":"2013-11-11","format":false,"excerpt":"ZAPROSZENIE STOWARZYSZENIE ABSOLWENT\u00d3W TECHNIKUM GEOLOGICZNEGO w Kielcach UPRZEJMIE ZAPRASZA NA IX \u201eBIESIAD\u0118 BARB\u00d3RKOW\u0104\u201d, kt\u00f3ra odb\u0119dzie si\u0119 dnia 7 GRUDNIA 2013 r.\u00a0 w Hotelu\u00a0 \u201eKAMERALNY\u201d w Kielcach, przy ulicy Tarnowskiej 7. Rozpocz\u0119cie \u201eBIESIADY\u201d w hotelu \u201eKameralny\u201d o godz. 18oo. O\u00a0 godz. 17oo \u00a0spotkanie uczestnik\u00f3w \u201eBIESIADY\u201d i absolwent\u00f3w Technikum Geologicznego przed budynkiem\u2026","rel":"","context":"W \u201eBez kategorii&quot;","block_context":{"text":"Bez kategorii","link":"https:\/\/satg.pl\/geolog\/archiwa\/category\/bez-kategorii\/"},"img":{"alt_text":"","src":"","width":0,"height":0},"classes":[]},{"id":21788,"url":"https:\/\/satg.pl\/geolog\/archiwa\/xii-zjazd-absolwentow-technikum-geologicznego-w-oczekiwaniu-na\/","url_meta":{"origin":22232,"position":2},"title":"XII Zjazd Absolwent\u00f3w Technikum Geologicznego &#8211; w oczekiwaniu na &#8230;","author":"Garapozales","date":"2023-06-23","format":false,"excerpt":"","rel":"","context":"W \u201eBez kategorii&quot;","block_context":{"text":"Bez kategorii","link":"https:\/\/satg.pl\/geolog\/archiwa\/category\/bez-kategorii\/"},"img":{"alt_text":"","src":"https:\/\/i0.wp.com\/satg.pl\/geolog\/wp-content\/uploads\/2023\/06\/kwiaty_szkola_23-06.jpeg?fit=750%2C1000&ssl=1&resize=350%2C200","width":350,"height":200,"srcset":"https:\/\/i0.wp.com\/satg.pl\/geolog\/wp-content\/uploads\/2023\/06\/kwiaty_szkola_23-06.jpeg?fit=750%2C1000&ssl=1&resize=350%2C200 1x, https:\/\/i0.wp.com\/satg.pl\/geolog\/wp-content\/uploads\/2023\/06\/kwiaty_szkola_23-06.jpeg?fit=750%2C1000&ssl=1&resize=525%2C300 1.5x, https:\/\/i0.wp.com\/satg.pl\/geolog\/wp-content\/uploads\/2023\/06\/kwiaty_szkola_23-06.jpeg?fit=750%2C1000&ssl=1&resize=700%2C400 2x"},"classes":[]},{"id":3478,"url":"https:\/\/satg.pl\/geolog\/archiwa\/3478\/","url_meta":{"origin":22232,"position":3},"title":"Krzemienie","author":"Garapozales","date":"2015-12-17","format":false,"excerpt":"Witam serdecznie, \u00a0\u00a0\u00a0 w imieniu Dyrekcji Geoparku Kielce\u00a0chcia\u0142bym serdecznie zaprosi\u0107 wszystkich absolwent\u00f3w Technikum Geologicznego w Kielcach na otwarcie wystawy ,,Krzemienne krajobrazy''. Autorami w\/w wystawy s\u0105 r\u00f3wnie\u017c absolwenci\u00a0wspomnianej szacownej szko\u0142y, czyli Jerzy J\u0119drychowski i ni\u017cej podpisany - Micha\u0142 Poros. \u00a0\u00a0\u00a0 Otwarcie wystawy odb\u0119dzie si\u0119 w najbli\u017cszy czwartek (17 grudnia), o godz.\u2026","rel":"","context":"W \u201eBez kategorii&quot;","block_context":{"text":"Bez kategorii","link":"https:\/\/satg.pl\/geolog\/archiwa\/category\/bez-kategorii\/"},"img":{"alt_text":"","src":"https:\/\/i0.wp.com\/satg.pl\/geolog\/wp-content\/uploads\/2015\/12\/Krzemienne-krajobrazy.png?fit=449%2C686&ssl=1&resize=350%2C200","width":350,"height":200},"classes":[]},{"id":21793,"url":"https:\/\/satg.pl\/geolog\/archiwa\/zjazd-absolwentow-technikum-geologicznego-okiem-reportera-czesc-kielecka\/","url_meta":{"origin":22232,"position":4},"title":"Zjazd Absolwent\u00f3w Technikum Geologicznego okiem reportera &#8211; cz\u0119\u015b\u0107 kielecka","author":"Garapozales","date":"2023-06-26","format":false,"excerpt":"https:\/\/echodnia.eu\/swietokrzyskie\/wyjatkowy-zjazd-absolwentow-i-jubileusz-technikum-geologicznego-w-kielcach-przyjechaly-setki-osob-z-calej-polski\/ar\/c5-17662463","rel":"","context":"W \u201eBez kategorii&quot;","block_context":{"text":"Bez kategorii","link":"https:\/\/satg.pl\/geolog\/archiwa\/category\/bez-kategorii\/"},"img":{"alt_text":"","src":"","width":0,"height":0},"classes":[]},{"id":2347,"url":"https:\/\/satg.pl\/geolog\/archiwa\/barborka-2014\/","url_meta":{"origin":22232,"position":5},"title":"Barb\u00f3rka 2014","author":"Garapozales","date":"2014-10-08","format":false,"excerpt":"ZAPROSZENIE STOWARZYSZENIE ABSOLWENT\u00d3W TECHNIKUM GEOLOGICZNEGO w Kielcach UPRZEJMIE ZAPRASZA NA JUBILEUSZOW\u0104 X BIESIAD\u0118 BARB\u00d3RKOW\u0104, kt\u00f3ra odb\u0119dzie si\u0119 dnia 22 LISTOPADA 2014 r. w Hotelu \u201eKAMERALNY\u201d w Kielcach, przy ulicy Tarnowskiej 7. Rozpocz\u0119cie \u201eBIESIADY\u201d w hotelu \u201eKameralny\u201d o godz. 18oo. O godz. 17oo spotkanie uczestnik\u00f3w \u201eBIESIADY\u201d i wszystkich ch\u0119tnych absolwent\u00f3w Technikum\u2026","rel":"","context":"W \u201eBez kategorii&quot;","block_context":{"text":"Bez kategorii","link":"https:\/\/satg.pl\/geolog\/archiwa\/category\/bez-kategorii\/"},"img":{"alt_text":"","src":"https:\/\/i0.wp.com\/satg.pl\/geolog\/wp-content\/uploads\/2010\/11\/gornik.jpg?fit=800%2C500&ssl=1&resize=350%2C200","width":350,"height":200,"srcset":"https:\/\/i0.wp.com\/satg.pl\/geolog\/wp-content\/uploads\/2010\/11\/gornik.jpg?fit=800%2C500&ssl=1&resize=350%2C200 1x, https:\/\/i0.wp.com\/satg.pl\/geolog\/wp-content\/uploads\/2010\/11\/gornik.jpg?fit=800%2C500&ssl=1&resize=525%2C300 1.5x, https:\/\/i0.wp.com\/satg.pl\/geolog\/wp-content\/uploads\/2010\/11\/gornik.jpg?fit=800%2C500&ssl=1&resize=700%2C400 2x"},"classes":[]}],"jetpack_likes_enabled":true,"_links":{"self":[{"href":"https:\/\/satg.pl\/geolog\/wp-json\/wp\/v2\/posts\/22232","targetHints":{"allow":["GET"]}}],"collection":[{"href":"https:\/\/satg.pl\/geolog\/wp-json\/wp\/v2\/posts"}],"about":[{"href":"https:\/\/satg.pl\/geolog\/wp-json\/wp\/v2\/types\/post"}],"author":[{"embeddable":true,"href":"https:\/\/satg.pl\/geolog\/wp-json\/wp\/v2\/users\/1"}],"replies":[{"embeddable":true,"href":"https:\/\/satg.pl\/geolog\/wp-json\/wp\/v2\/comments?post=22232"}],"version-history":[{"count":1,"href":"https:\/\/satg.pl\/geolog\/wp-json\/wp\/v2\/posts\/22232\/revisions"}],"predecessor-version":[{"id":22233,"href":"https:\/\/satg.pl\/geolog\/wp-json\/wp\/v2\/posts\/22232\/revisions\/22233"}],"wp:attachment":[{"href":"https:\/\/satg.pl\/geolog\/wp-json\/wp\/v2\/media?parent=22232"}],"wp:term":[{"taxonomy":"category","embeddable":true,"href":"https:\/\/satg.pl\/geolog\/wp-json\/wp\/v2\/categories?post=22232"},{"taxonomy":"post_tag","embeddable":true,"href":"https:\/\/satg.pl\/geolog\/wp-json\/wp\/v2\/tags?post=22232"}],"curies":[{"name":"wp","href":"https:\/\/api.w.org\/{rel}","templated":true}]}}