{"id":22220,"date":"2024-07-13T05:35:33","date_gmt":"2024-07-13T03:35:33","guid":{"rendered":"https:\/\/satg.pl\/geolog\/?p=22220"},"modified":"2024-07-13T05:35:33","modified_gmt":"2024-07-13T03:35:33","slug":"msza-za-sp-andrzeja-szczerbe","status":"publish","type":"post","link":"https:\/\/satg.pl\/geolog\/archiwa\/msza-za-sp-andrzeja-szczerbe\/","title":{"rendered":"Msza za \u015bp. Andrzeja Szczerb\u0119"},"content":{"rendered":"<p>14 lipca w Sanktuarium Santa Maria w Celsano (W\u0142ochy) o godzinie 9:30 odb\u0119dzie si\u0119 msza za \u015bp. Andrzeja Szczerb\u0119.<\/p>\n<p>https:\/\/g.co\/kgs\/6tJD11w<\/p>\n<p>Msz\u0119 zam\u00f3wi\u0142a Ma\u0142gorzata Szkur\u0142at-Fantini.<\/p>\n","protected":false},"excerpt":{"rendered":"<p>14 lipca w Sanktuarium Santa Maria w Celsano (W\u0142ochy) o godzinie 9:30 odb\u0119dzie si\u0119 msza za \u015bp. Andrzeja Szczerb\u0119. https:\/\/g.co\/kgs\/6tJD11w Msz\u0119 zam\u00f3wi\u0142a Ma\u0142gorzata Szkur\u0142at-Fantini.<\/p>\n<p class=\"continue-reading-button\"> <a class=\"continue-reading-link\" href=\"https:\/\/satg.pl\/geolog\/archiwa\/msza-za-sp-andrzeja-szczerbe\/\">Czytaj dalej<i class=\"crycon-right-dir\"><\/i><\/a><\/p>\n","protected":false},"author":1,"featured_media":0,"comment_status":"open","ping_status":"open","sticky":false,"template":"","format":"standard","meta":{"ngg_post_thumbnail":0,"jetpack_post_was_ever_published":false,"_jetpack_newsletter_access":"","_jetpack_dont_email_post_to_subs":false,"_jetpack_newsletter_tier_id":0,"_jetpack_memberships_contains_paywalled_content":false,"_jetpack_memberships_contains_paid_content":false,"footnotes":"","jetpack_publicize_message":"","jetpack_publicize_feature_enabled":true,"jetpack_social_post_already_shared":true,"jetpack_social_options":{"image_generator_settings":{"template":"highway","default_image_id":0,"font":"","enabled":false},"version":2}},"categories":[7],"tags":[],"class_list":["post-22220","post","type-post","status-publish","format-standard","hentry","category-pozegnanie"],"jetpack_publicize_connections":[],"jetpack_featured_media_url":"","jetpack_sharing_enabled":true,"jetpack_shortlink":"https:\/\/wp.me\/p7jPbe-5Mo","jetpack-related-posts":[{"id":22208,"url":"https:\/\/satg.pl\/geolog\/archiwa\/ostatnie-pozegnanie-andrzej-szczerba\/","url_meta":{"origin":22220,"position":0},"title":"Ostatnie po\u017cegnanie &#8211; Andrzej Szczerba","author":"Garapozales","date":"2024-07-03","format":false,"excerpt":"Z wielkim \u017calem zawiadamiamy o \u015bmierci \"Naszego Profesora\" Andrzeja Szczerby. Msza \u015awi\u0119ta zostanie odprawiona w Staszk\u00f3wce o godzinie 14.00 po kt\u00f3rej nast\u0105pi odprowadzenie na cmentarz parafialny. \u017begnaj Panie Profesorze. na zdj\u0119ciu poni\u017cej Andrzej Szczerba z Grzegorzem Klar\u0105 w Beskidach w 1989 (Rajd Beskidzki)","rel":"","context":"W \u201epo\u017cegnanie&quot;","block_context":{"text":"po\u017cegnanie","link":"https:\/\/satg.pl\/geolog\/archiwa\/category\/pozegnanie\/"},"img":{"alt_text":"","src":"https:\/\/i0.wp.com\/satg.pl\/geolog\/wp-content\/uploads\/2024\/07\/Andrzej-Szczerba-187x300.jpg?resize=350%2C200&ssl=1","width":350,"height":200},"classes":[]},{"id":19456,"url":"https:\/\/satg.pl\/geolog\/archiwa\/msza-swieta\/","url_meta":{"origin":22220,"position":1},"title":"Msza \u015bwi\u0119ta","author":"Garapozales","date":"2016-06-20","format":false,"excerpt":"\u00a0 W dniu 27 czerwca o godzinie 18:00 na Karcz\u00f3wce odb\u0119dzie si\u0119 msza \u015bwi\u0119ta za \u015bp. Jana Kami\u0144skiego i \u015bp. W\u0142adys\u0142awa Kamusi\u0144skiego \u00a0","rel":"","context":"W \u201epo\u017cegnanie&quot;","block_context":{"text":"po\u017cegnanie","link":"https:\/\/satg.pl\/geolog\/archiwa\/category\/pozegnanie\/"},"img":{"alt_text":"","src":"","width":0,"height":0},"classes":[]},{"id":3977,"url":"https:\/\/satg.pl\/geolog\/archiwa\/ostatnie-pozegnanie-wladyslaw-kamusinski-nekrolog\/","url_meta":{"origin":22220,"position":2},"title":"Ostatnie po\u017cegnanie &#8211; W\u0142adys\u0142aw Kamusi\u0144ski &#8211; nekrolog","author":"Garapozales","date":"2015-12-23","format":false,"excerpt":"Dnia 17.12.2015 roku zmar\u0142 w Krakowie nasz Wielki Przyjaciel, Dobry Duch Stowarzyszenia Absolwent\u00f3w Technikum Geologicznego w Kielcach \u015bp. W\u0142adys\u0142aw Kamusi\u0144ski \"Dziadek W\u0142adek\". Msza \u015bw. po\u017cegnalna w Bazylice Mariackiej w Krakowie odprawiona b\u0119dzie dnia 28.12.2015 roku o godz. 17.00. Msza \u015bw. pogrzebowa w Ko\u015bciele Parafialnym w Tumlinie odprawiona zostanie w dniu\u2026","rel":"","context":"W \u201epo\u017cegnanie&quot;","block_context":{"text":"po\u017cegnanie","link":"https:\/\/satg.pl\/geolog\/archiwa\/category\/pozegnanie\/"},"img":{"alt_text":"nekrolog-kamusinski","src":"https:\/\/i0.wp.com\/garapo.o12.pl\/wp-content\/uploads\/2015\/12\/nekrolog-kamusinski.png?resize=350%2C200","width":350,"height":200},"classes":[]},{"id":21447,"url":"https:\/\/satg.pl\/geolog\/archiwa\/ostatnie-pozegnanie-stanislaw-madejski\/","url_meta":{"origin":22220,"position":3},"title":"Ostatnie po\u017cegnanie &#8211; Stanis\u0142aw Madejski","author":"Garapozales","date":"2021-01-26","format":false,"excerpt":"\u00a0 Z przykro\u015bci\u0105 zawiadamiamy, \u017ce zmar\u0142 nasz absolwent Stanis\u0142aw Madejski (matura 1966). Msza pogrzebowa odby\u0142a si\u0119 26 stycznia\u00a0 2021roku\u00a0 o godz. 12.00 w Ko\u015bciele \u015bw. Wojciecha w G\u00f3rze Pu\u0142awskiej.","rel":"","context":"W \u201epo\u017cegnanie&quot;","block_context":{"text":"po\u017cegnanie","link":"https:\/\/satg.pl\/geolog\/archiwa\/category\/pozegnanie\/"},"img":{"alt_text":"","src":"","width":0,"height":0},"classes":[]},{"id":22568,"url":"https:\/\/satg.pl\/geolog\/archiwa\/ostatnie-pozegnanie-czeslaw-klimas\/","url_meta":{"origin":22220,"position":4},"title":"Ostatnie po\u017cegnanie &#8211; Czes\u0142aw Klimas","author":"Garapozales","date":"2025-09-27","format":false,"excerpt":"Z przykro\u015bci\u0105 zawiadamiamy, \u017ce 23.09. 2025 zmar\u0142 nasz kolega Czes\u0142aw Klimas. Msza \u015awi\u0119ta \u017ba\u0142obna odb\u0119dzie 30.09.2025 o godzinie 13.00 w Ko\u015bciele Chrystusa Kr\u00f3la w Kielcach, a nast\u0119pnie przewiezienie i pochowanie na cmentarzu w Bilczy. \u00a0","rel":"","context":"W \u201epo\u017cegnanie&quot;","block_context":{"text":"po\u017cegnanie","link":"https:\/\/satg.pl\/geolog\/archiwa\/category\/pozegnanie\/"},"img":{"alt_text":"","src":"https:\/\/i0.wp.com\/satg.pl\/geolog\/wp-content\/uploads\/2025\/09\/Screenshot_20250927_092105_Adobe-Acrobat.png?resize=350%2C200&ssl=1","width":350,"height":200,"srcset":"https:\/\/i0.wp.com\/satg.pl\/geolog\/wp-content\/uploads\/2025\/09\/Screenshot_20250927_092105_Adobe-Acrobat.png?resize=350%2C200&ssl=1 1x, https:\/\/i0.wp.com\/satg.pl\/geolog\/wp-content\/uploads\/2025\/09\/Screenshot_20250927_092105_Adobe-Acrobat.png?resize=525%2C300&ssl=1 1.5x, https:\/\/i0.wp.com\/satg.pl\/geolog\/wp-content\/uploads\/2025\/09\/Screenshot_20250927_092105_Adobe-Acrobat.png?resize=700%2C400&ssl=1 2x, https:\/\/i0.wp.com\/satg.pl\/geolog\/wp-content\/uploads\/2025\/09\/Screenshot_20250927_092105_Adobe-Acrobat.png?resize=1050%2C600&ssl=1 3x, https:\/\/i0.wp.com\/satg.pl\/geolog\/wp-content\/uploads\/2025\/09\/Screenshot_20250927_092105_Adobe-Acrobat.png?resize=1400%2C800&ssl=1 4x"},"classes":[]},{"id":8239,"url":"https:\/\/satg.pl\/geolog\/archiwa\/ostatnie-pozegnanie-jerzy-wrona\/","url_meta":{"origin":22220,"position":5},"title":"Ostatnie po\u017cegnanie &#8211; Jerzy Wrona","author":"Garapozales","date":"2015-12-30","format":false,"excerpt":"Z wielkim smutkiem zawiadamiamy, \u017ce zmar\u0142 nasz kolega Jerzy Wrona (matura 1961). Msza pogrzebowa odb\u0119dzie si\u0119 2 stycznia 2016r. w Kielcach w Ko\u015bciele \u015bw. J\u00f3zefa Robotnika o godzinie 12.00\"","rel":"","context":"W \u201epo\u017cegnanie&quot;","block_context":{"text":"po\u017cegnanie","link":"https:\/\/satg.pl\/geolog\/archiwa\/category\/pozegnanie\/"},"img":{"alt_text":"","src":"","width":0,"height":0},"classes":[]}],"jetpack_likes_enabled":true,"_links":{"self":[{"href":"https:\/\/satg.pl\/geolog\/wp-json\/wp\/v2\/posts\/22220","targetHints":{"allow":["GET"]}}],"collection":[{"href":"https:\/\/satg.pl\/geolog\/wp-json\/wp\/v2\/posts"}],"about":[{"href":"https:\/\/satg.pl\/geolog\/wp-json\/wp\/v2\/types\/post"}],"author":[{"embeddable":true,"href":"https:\/\/satg.pl\/geolog\/wp-json\/wp\/v2\/users\/1"}],"replies":[{"embeddable":true,"href":"https:\/\/satg.pl\/geolog\/wp-json\/wp\/v2\/comments?post=22220"}],"version-history":[{"count":1,"href":"https:\/\/satg.pl\/geolog\/wp-json\/wp\/v2\/posts\/22220\/revisions"}],"predecessor-version":[{"id":22221,"href":"https:\/\/satg.pl\/geolog\/wp-json\/wp\/v2\/posts\/22220\/revisions\/22221"}],"wp:attachment":[{"href":"https:\/\/satg.pl\/geolog\/wp-json\/wp\/v2\/media?parent=22220"}],"wp:term":[{"taxonomy":"category","embeddable":true,"href":"https:\/\/satg.pl\/geolog\/wp-json\/wp\/v2\/categories?post=22220"},{"taxonomy":"post_tag","embeddable":true,"href":"https:\/\/satg.pl\/geolog\/wp-json\/wp\/v2\/tags?post=22220"}],"curies":[{"name":"wp","href":"https:\/\/api.w.org\/{rel}","templated":true}]}}