{"id":22178,"date":"2024-06-27T08:37:31","date_gmt":"2024-06-27T06:37:31","guid":{"rendered":"https:\/\/satg.pl\/geolog\/?p=22178"},"modified":"2024-06-27T08:37:31","modified_gmt":"2024-06-27T06:37:31","slug":"ponidzie-2024","status":"publish","type":"post","link":"https:\/\/satg.pl\/geolog\/archiwa\/ponidzie-2024\/","title":{"rendered":"PoNidzie 2024"},"content":{"rendered":"<p>15 czerwca odby\u0142 si\u0119 przejazd cichci\u0105 po Ponidziu.<\/p>\n<p>Tak si\u0119 bawli absolwenci, profesorki oraz go\u015bcie. \u0141\u0105cznie 70 os\u00f3b. Pogoda dopisa\u0142a, kie\u0142basa, kaszanka, zimne piwo oraz pieczone ziemniaki smakowa\u0142y. Niech \u017ca\u0142uj\u0105 Ci co nie byli. A za rok planujemy podob\u0105 wypraw\u0119.<\/p>\n<p>Prezes<\/p>\nngg_shortcode_0_placeholder\n","protected":false},"excerpt":{"rendered":"<p>15 czerwca odby\u0142 si\u0119 przejazd cichci\u0105 po Ponidziu. Tak si\u0119 bawli absolwenci, profesorki oraz go\u015bcie. \u0141\u0105cznie 70 os\u00f3b. Pogoda dopisa\u0142a, kie\u0142basa, kaszanka, zimne piwo oraz pieczone ziemniaki smakowa\u0142y. Niech \u017ca\u0142uj\u0105 Ci co nie byli. A za rok planujemy podob\u0105 wypraw\u0119. Prezes<\/p>\n<p class=\"continue-reading-button\"> <a class=\"continue-reading-link\" href=\"https:\/\/satg.pl\/geolog\/archiwa\/ponidzie-2024\/\">Czytaj dalej<i class=\"crycon-right-dir\"><\/i><\/a><\/p>\n","protected":false},"author":1,"featured_media":22196,"comment_status":"open","ping_status":"open","sticky":false,"template":"","format":"standard","meta":{"ngg_post_thumbnail":0,"jetpack_post_was_ever_published":false,"_jetpack_newsletter_access":"","_jetpack_dont_email_post_to_subs":false,"_jetpack_newsletter_tier_id":0,"_jetpack_memberships_contains_paywalled_content":false,"_jetpack_memberships_contains_paid_content":false,"footnotes":"","jetpack_publicize_message":"","jetpack_publicize_feature_enabled":true,"jetpack_social_post_already_shared":true,"jetpack_social_options":{"image_generator_settings":{"template":"highway","default_image_id":0,"font":"","enabled":false},"version":2}},"categories":[1],"tags":[],"class_list":["post-22178","post","type-post","status-publish","format-standard","has-post-thumbnail","hentry","category-bez-kategorii"],"jetpack_publicize_connections":[],"jetpack_featured_media_url":"https:\/\/i0.wp.com\/satg.pl\/geolog\/wp-content\/uploads\/2024\/06\/nggallery_import\/IMG-20240615-WA0004.jpg?fit=768%2C1024&ssl=1","jetpack_sharing_enabled":true,"jetpack_shortlink":"https:\/\/wp.me\/p7jPbe-5LI","jetpack-related-posts":[{"id":21537,"url":"https:\/\/satg.pl\/geolog\/archiwa\/komunikat-nr-3-4-grudnia\/","url_meta":{"origin":22178,"position":0},"title":"Komunikat nr 3 &#8211; 4 grudnia","author":"Garapozales","date":"2021-11-10","format":false,"excerpt":"Komunikat Nr 2 Serdecznie zapraszamy nauczycieli i absolwent\u00f3w Technikum Geologicznego oraz wszystkich ch\u0119tnych na uroczyste ods\u0142oni\u0119cie pomnika Hilarego Mali, kt\u00f3ry wsp\u00f3lnymi si\u0142ami odrestaurowali\u015bmy. Uroczysto\u015b\u0107 odb\u0119dzie si\u0119 w Kielcach w Ogrodzie Botanicznym w dniu 4 grudnia 2021 roku o godzinie 15,00. Zapraszamy na spotkanie pod pomnikiem. Po uroczysto\u015bci ods\u0142oni\u0119cia odb\u0119dzie si\u0119\u2026","rel":"","context":"W \u201eBez kategorii&quot;","block_context":{"text":"Bez kategorii","link":"https:\/\/satg.pl\/geolog\/archiwa\/category\/bez-kategorii\/"},"img":{"alt_text":"","src":"https:\/\/i0.wp.com\/satg.pl\/geolog\/wp-content\/uploads\/2016\/10\/godlo-gornicze.png?fit=220%2C220&ssl=1&resize=350%2C200","width":350,"height":200},"classes":[]},{"id":20113,"url":"https:\/\/satg.pl\/geolog\/archiwa\/spotkanie-w-sercu-gor-swietokrzyskich\/","url_meta":{"origin":22178,"position":1},"title":"Spotkanie w sercu G\u00f3r \u015awi\u0119tokrzyskich","author":"Garapozales","date":"2017-10-10","format":false,"excerpt":"Rubinowy jubileusz absolwent\u00f3w Technikum Geologicznego w Kielcach Absolwenci Technikum Geologicznego rocznik 1972 \u2013 1977 po czterdziestu latach od egzaminu maturalnego spotkali si\u0119 w samym sercu G\u00f3r \u015awi\u0119tokrzyskich, czyli w Nowej S\u0142upi. Widoczny st\u0105d klasztor Oblat\u00f3w na \u015awi\u0119tym Krzy\u017cu oraz pasmo \u0141ysog\u00f3r by\u0142o t\u0142em zdj\u0119cia, do kt\u00f3rego rado\u015bnie ustawili si\u0119 absolwenci\u2026","rel":"","context":"W \u201eBez kategorii&quot;","block_context":{"text":"Bez kategorii","link":"https:\/\/satg.pl\/geolog\/archiwa\/category\/bez-kategorii\/"},"img":{"alt_text":"Grupowe zdj\u0119cie absolwent\u00f3w wraz z pani\u0105 prof. Teres\u0105 Taszek na tle \u015aw. Krzy\u017ca","src":"https:\/\/i0.wp.com\/satg.pl\/geolog\/wp-content\/uploads\/2017\/10\/Zjazd-Absolwent%C3%B3wTG-Kielce-2017_na-portal-1024x576.jpg?resize=350%2C200","width":350,"height":200,"srcset":"https:\/\/i0.wp.com\/satg.pl\/geolog\/wp-content\/uploads\/2017\/10\/Zjazd-Absolwent%C3%B3wTG-Kielce-2017_na-portal-1024x576.jpg?resize=350%2C200 1x, https:\/\/i0.wp.com\/satg.pl\/geolog\/wp-content\/uploads\/2017\/10\/Zjazd-Absolwent%C3%B3wTG-Kielce-2017_na-portal-1024x576.jpg?resize=525%2C300 1.5x, https:\/\/i0.wp.com\/satg.pl\/geolog\/wp-content\/uploads\/2017\/10\/Zjazd-Absolwent%C3%B3wTG-Kielce-2017_na-portal-1024x576.jpg?resize=700%2C400 2x"},"classes":[]},{"id":3048,"url":"https:\/\/satg.pl\/geolog\/archiwa\/protokol-12015\/","url_meta":{"origin":22178,"position":2},"title":"Protok\u00f3\u0142 1\/2015","author":"Garapozales","date":"2015-01-21","format":false,"excerpt":"Wycinki z protoko\u0142u 1\/2015 oraz zdj\u0119cia ze spotkania noworocznego Zgodnie z wcze\u015bniejszymi informacjami w dniu 16 stycznia o godzinie 14.30 odby\u0142o si\u0119 poszerzone zebranie naszego stowarzyszenia w Centrum Geoedukacji na Wietrzni w Kielcach. W spotkaniu sprawozdawczo-noworocznym uczestniczy\u0142o 26 os\u00f3b z Kielc, Krakowa i Lublina . W pierwszej cz\u0119\u015bci zebrania podsumowali\u015bmy\u2026","rel":"","context":"W \u201eBez kategorii&quot;","block_context":{"text":"Bez kategorii","link":"https:\/\/satg.pl\/geolog\/archiwa\/category\/bez-kategorii\/"},"img":{"alt_text":"","src":"https:\/\/i0.wp.com\/satg.pl\/geolog\/wp-content\/uploads\/ngg_featured\/spotkanie_noworoczne_satg_01.jpg?fit=1074%2C818&ssl=1&resize=350%2C200","width":350,"height":200,"srcset":"https:\/\/i0.wp.com\/satg.pl\/geolog\/wp-content\/uploads\/ngg_featured\/spotkanie_noworoczne_satg_01.jpg?fit=1074%2C818&ssl=1&resize=350%2C200 1x, https:\/\/i0.wp.com\/satg.pl\/geolog\/wp-content\/uploads\/ngg_featured\/spotkanie_noworoczne_satg_01.jpg?fit=1074%2C818&ssl=1&resize=525%2C300 1.5x, https:\/\/i0.wp.com\/satg.pl\/geolog\/wp-content\/uploads\/ngg_featured\/spotkanie_noworoczne_satg_01.jpg?fit=1074%2C818&ssl=1&resize=700%2C400 2x, https:\/\/i0.wp.com\/satg.pl\/geolog\/wp-content\/uploads\/ngg_featured\/spotkanie_noworoczne_satg_01.jpg?fit=1074%2C818&ssl=1&resize=1050%2C600 3x"},"classes":[]},{"id":8829,"url":"https:\/\/satg.pl\/geolog\/archiwa\/8829\/","url_meta":{"origin":22178,"position":3},"title":"Spotkanie \u00f3smego stycznia","author":"Garapozales","date":"2016-01-18","format":false,"excerpt":"Protok\u00f3\u0142 nr 1\/2016 Zgodnie z wcze\u015bniejszymi informacjami w dniu 8 stycznia o godzinie 15.30 odby\u0142o si\u0119 poszerzone zebranie naszego stowarzyszenia w Centrum Geoedukacji na Wietrzni w Kielcach. W spotkaniu noworocznym uczestniczy\u0142o 30 os\u00f3b. Swoj\u0105 obecno\u015bci\u0105 zaszczyci\u0142o nas niezawodne grono pedagogiczne w osobach pa\u0144 profesorek: Jolanty Szajn, El\u017cbiety Religa i Krystyny\u2026","rel":"","context":"W \u201eBez kategorii&quot;","block_context":{"text":"Bez kategorii","link":"https:\/\/satg.pl\/geolog\/archiwa\/category\/bez-kategorii\/"},"img":{"alt_text":"04-20160108_161707","src":"https:\/\/i0.wp.com\/satg.pl\/geolog\/wp-content\/uploads\/2016\/03\/04-20160108_161707-300x168.jpg?resize=350%2C200","width":350,"height":200},"classes":[]},{"id":59,"url":"https:\/\/satg.pl\/geolog\/archiwa\/osloniecie\/","url_meta":{"origin":22178,"position":4},"title":"Ods\u0142oni\u0119cie","author":"Garapozales","date":"2010-06-10","format":false,"excerpt":"24 czerwca odb\u0119dzie si\u0119 uroczyste ods\u0142oni\u0119cie tablicy, o kt\u00f3rej pisali\u015bmy wcze\u015bniej. Zapraszamy wszystkich Absolwent\u00f3w oraz sympatyk\u00f3w. Uczcijmy pami\u0119\u0107 naszego ukochanego dyr. Jana Kami\u0144skiego licznym przybyciem. Ods\u0142oni\u0119cie rozpocznie si\u0119 o godzinie 14:00 przy starym budynku Geologa (obecnie Wojew\u00f3dzka Biblioteka Publiczna) [gview file=\"http:\/\/satg.pl\/geolog\/wp-content\/uploads\/2010\/06\/tablica-prezydium.pdf\"]","rel":"","context":"W \u201eKielce&quot;","block_context":{"text":"Kielce","link":"https:\/\/satg.pl\/geolog\/archiwa\/category\/kielce\/"},"img":{"alt_text":"","src":"https:\/\/i0.wp.com\/satg.pl\/geolog\/wp-content\/uploads\/2010\/06\/plyta-Kopia.jpg?fit=400%2C292&ssl=1&resize=350%2C200","width":350,"height":200},"classes":[]},{"id":1262,"url":"https:\/\/satg.pl\/geolog\/archiwa\/lata-80\/","url_meta":{"origin":22178,"position":5},"title":"Lata 80","author":"Garapozales","date":"2012-12-26","format":false,"excerpt":"Pojawi\u0142y si\u0119 zdj\u0119cia z Rajdu G\u00f3rskiego z 1987, Rajdu Geologa z 1986 oraz kilka uj\u0119\u0107 zwi\u0105zanych z Gagatami. \u00a0 \u00a0","rel":"","context":"W \u201eBez kategorii&quot;","block_context":{"text":"Bez kategorii","link":"https:\/\/satg.pl\/geolog\/archiwa\/category\/bez-kategorii\/"},"img":{"alt_text":"","src":"https:\/\/i0.wp.com\/satg.pl\/geolog\/wp-content\/uploads\/ngg_featured\/wigilia1991_1.jpg?fit=800%2C493&ssl=1&resize=350%2C200","width":350,"height":200,"srcset":"https:\/\/i0.wp.com\/satg.pl\/geolog\/wp-content\/uploads\/ngg_featured\/wigilia1991_1.jpg?fit=800%2C493&ssl=1&resize=350%2C200 1x, https:\/\/i0.wp.com\/satg.pl\/geolog\/wp-content\/uploads\/ngg_featured\/wigilia1991_1.jpg?fit=800%2C493&ssl=1&resize=525%2C300 1.5x, https:\/\/i0.wp.com\/satg.pl\/geolog\/wp-content\/uploads\/ngg_featured\/wigilia1991_1.jpg?fit=800%2C493&ssl=1&resize=700%2C400 2x"},"classes":[]}],"jetpack_likes_enabled":true,"_links":{"self":[{"href":"https:\/\/satg.pl\/geolog\/wp-json\/wp\/v2\/posts\/22178","targetHints":{"allow":["GET"]}}],"collection":[{"href":"https:\/\/satg.pl\/geolog\/wp-json\/wp\/v2\/posts"}],"about":[{"href":"https:\/\/satg.pl\/geolog\/wp-json\/wp\/v2\/types\/post"}],"author":[{"embeddable":true,"href":"https:\/\/satg.pl\/geolog\/wp-json\/wp\/v2\/users\/1"}],"replies":[{"embeddable":true,"href":"https:\/\/satg.pl\/geolog\/wp-json\/wp\/v2\/comments?post=22178"}],"version-history":[{"count":1,"href":"https:\/\/satg.pl\/geolog\/wp-json\/wp\/v2\/posts\/22178\/revisions"}],"predecessor-version":[{"id":22194,"href":"https:\/\/satg.pl\/geolog\/wp-json\/wp\/v2\/posts\/22178\/revisions\/22194"}],"wp:featuredmedia":[{"embeddable":true,"href":"https:\/\/satg.pl\/geolog\/wp-json\/wp\/v2\/media\/22196"}],"wp:attachment":[{"href":"https:\/\/satg.pl\/geolog\/wp-json\/wp\/v2\/media?parent=22178"}],"wp:term":[{"taxonomy":"category","embeddable":true,"href":"https:\/\/satg.pl\/geolog\/wp-json\/wp\/v2\/categories?post=22178"},{"taxonomy":"post_tag","embeddable":true,"href":"https:\/\/satg.pl\/geolog\/wp-json\/wp\/v2\/tags?post=22178"}],"curies":[{"name":"wp","href":"https:\/\/api.w.org\/{rel}","templated":true}]}}