{"id":22161,"date":"2024-05-12T18:35:34","date_gmt":"2024-05-12T16:35:34","guid":{"rendered":"https:\/\/satg.pl\/geolog\/?p=22161"},"modified":"2024-05-12T18:35:34","modified_gmt":"2024-05-12T16:35:34","slug":"wycieczka-satg-ciuchcia-po-ponidziu","status":"publish","type":"post","link":"https:\/\/satg.pl\/geolog\/archiwa\/wycieczka-satg-ciuchcia-po-ponidziu\/","title":{"rendered":"Wycieczka SATG : Ciuchci\u0105 po Ponidziu"},"content":{"rendered":"<div dir=\"auto\"><a href=\"https:\/\/i0.wp.com\/satg.pl\/geolog\/wp-content\/uploads\/2024\/05\/37244_ciuchcia_ponidzie_8.jpg?ssl=1\">foto: busko.com.pl<br \/>\n<img data-recalc-dims=\"1\" loading=\"lazy\" decoding=\"async\" data-attachment-id=\"22162\" data-permalink=\"https:\/\/satg.pl\/geolog\/archiwa\/wycieczka-satg-ciuchcia-po-ponidziu\/37244_ciuchcia_ponidzie_8\/\" data-orig-file=\"https:\/\/i0.wp.com\/satg.pl\/geolog\/wp-content\/uploads\/2024\/05\/37244_ciuchcia_ponidzie_8.jpg?fit=1024%2C643&amp;ssl=1\" data-orig-size=\"1024,643\" data-comments-opened=\"1\" data-image-meta=\"{&quot;aperture&quot;:&quot;0&quot;,&quot;credit&quot;:&quot;&quot;,&quot;camera&quot;:&quot;&quot;,&quot;caption&quot;:&quot;&quot;,&quot;created_timestamp&quot;:&quot;0&quot;,&quot;copyright&quot;:&quot;&quot;,&quot;focal_length&quot;:&quot;0&quot;,&quot;iso&quot;:&quot;0&quot;,&quot;shutter_speed&quot;:&quot;0&quot;,&quot;title&quot;:&quot;&quot;,&quot;orientation&quot;:&quot;0&quot;}\" data-image-title=\"37244_ciuchcia_ponidzie_8\" data-image-description=\"\" data-image-caption=\"\" data-large-file=\"https:\/\/i0.wp.com\/satg.pl\/geolog\/wp-content\/uploads\/2024\/05\/37244_ciuchcia_ponidzie_8.jpg?fit=900%2C565&amp;ssl=1\" class=\"alignleft size-medium wp-image-22162\" src=\"https:\/\/i0.wp.com\/satg.pl\/geolog\/wp-content\/uploads\/2024\/05\/37244_ciuchcia_ponidzie_8.jpg?resize=300%2C188&#038;ssl=1\" alt=\"\" width=\"300\" height=\"188\" srcset=\"https:\/\/i0.wp.com\/satg.pl\/geolog\/wp-content\/uploads\/2024\/05\/37244_ciuchcia_ponidzie_8.jpg?resize=300%2C188&amp;ssl=1 300w, https:\/\/i0.wp.com\/satg.pl\/geolog\/wp-content\/uploads\/2024\/05\/37244_ciuchcia_ponidzie_8.jpg?resize=150%2C94&amp;ssl=1 150w, https:\/\/i0.wp.com\/satg.pl\/geolog\/wp-content\/uploads\/2024\/05\/37244_ciuchcia_ponidzie_8.jpg?w=1024&amp;ssl=1 1024w\" sizes=\"auto, (max-width: 300px) 100vw, 300px\" \/><\/a><\/div>\n<div dir=\"auto\">Informacja o wycieczce SATG Ciuchci\u0105 po Ponidziu.<\/div>\n<div dir=\"auto\">-data 15.06.2024.<\/div>\n<div dir=\"auto\">-wyjazd autokarem z pod PIG-u godz.12.00<\/div>\n<div dir=\"auto\">-g.14.00 start z J\u0119drzejowa do Motkowic g.15.00<\/div>\n<div dir=\"auto\">-od g.15.00 do g.18.00<\/div>\n<div dir=\"auto\">tzw. ,,posiad piwny&#8221;<\/div>\n<div dir=\"auto\">&#8211; cena : Absolwenci,<\/div>\n<div dir=\"auto\">op\u0142acona<\/div>\n<div dir=\"auto\">sk\u0142adka roczna 30 z\u0142.<\/div>\n<div dir=\"auto\">-osoby towarzysz\u0105ce<\/div>\n<div dir=\"auto\">30 z\u0142 od osoby.<\/div>\n<div dir=\"auto\">-Zapisy u kol.Mariolki Dydak&nbsp; PIG ,w nieprzekraczalnym terminie 31.05.2024<\/div>\n<div dir=\"auto\">&#8211; nr. konta: <strong>17 1020 2629 0000 9902 0268 2136<\/strong> w PKO BP S.A. oddzia\u0142 2 w Kielcach<\/div>\n","protected":false},"excerpt":{"rendered":"<p>foto: busko.com.pl Informacja o wycieczce SATG Ciuchci\u0105 po Ponidziu. -data 15.06.2024. -wyjazd autokarem z pod PIG-u godz.12.00 -g.14.00 start z J\u0119drzejowa do Motkowic g.15.00 -od g.15.00 do g.18.00 tzw. ,,posiad piwny&#8221; &#8211; cena : Absolwenci, op\u0142acona sk\u0142adka roczna 30 z\u0142. -osoby towarzysz\u0105ce 30 z\u0142 od osoby. -Zapisy u kol.Mariolki Dydak&nbsp;\u2026<\/p>\n<p class=\"continue-reading-button\"> <a class=\"continue-reading-link\" href=\"https:\/\/satg.pl\/geolog\/archiwa\/wycieczka-satg-ciuchcia-po-ponidziu\/\">Czytaj dalej<i class=\"crycon-right-dir\"><\/i><\/a><\/p>\n","protected":false},"author":1,"featured_media":22162,"comment_status":"open","ping_status":"open","sticky":false,"template":"","format":"standard","meta":{"ngg_post_thumbnail":0,"jetpack_post_was_ever_published":false,"_jetpack_newsletter_access":"","_jetpack_dont_email_post_to_subs":false,"_jetpack_newsletter_tier_id":0,"_jetpack_memberships_contains_paywalled_content":false,"_jetpack_memberships_contains_paid_content":false,"footnotes":"","jetpack_publicize_message":"","jetpack_publicize_feature_enabled":true,"jetpack_social_post_already_shared":true,"jetpack_social_options":{"image_generator_settings":{"template":"highway","default_image_id":0,"font":"","enabled":false},"version":2}},"categories":[1],"tags":[],"class_list":["post-22161","post","type-post","status-publish","format-standard","has-post-thumbnail","hentry","category-bez-kategorii"],"jetpack_publicize_connections":[],"jetpack_featured_media_url":"https:\/\/i0.wp.com\/satg.pl\/geolog\/wp-content\/uploads\/2024\/05\/37244_ciuchcia_ponidzie_8.jpg?fit=1024%2C643&ssl=1","jetpack_sharing_enabled":true,"jetpack_shortlink":"https:\/\/wp.me\/p7jPbe-5Lr","jetpack-related-posts":[{"id":1424,"url":"https:\/\/satg.pl\/geolog\/archiwa\/po-spotkaniu-zarzadu\/","url_meta":{"origin":22161,"position":0},"title":"Po spotkaniu Zarz\u0105du","author":"Garapozales","date":"2013-01-11","format":false,"excerpt":"Dzi\u015b (pi\u0105tek 11.01.13) odby\u0142o si\u0119 zabranie Zarz\u0105du SATG. KOMUNIKAT NR 2 JUBILEUSZOWY X ZJAZD ABSOLWENT\u00d3W TG w dniach 8-9 czerwca 2013 r. Op\u0142ata za udzia\u0142 wynosi 220 z\u0142 (ma\u0142\u017ce\u0144stwa absolwenckie TG - 350 z\u0142). Wp\u0142at nale\u017cy dokonywa\u0107 na konto w PKO BP S.A. Oddzia\u0142 2 w Kielcach nr: 17 1020\u2026","rel":"","context":"W \u201espotkania&quot;","block_context":{"text":"spotkania","link":"https:\/\/satg.pl\/geolog\/archiwa\/category\/spotkania\/"},"img":{"alt_text":"","src":"https:\/\/i0.wp.com\/satg.pl\/geolog\/wp-content\/uploads\/2013\/01\/PIG_tablica_2.jpg?fit=320%2C213&ssl=1&resize=350%2C200","width":350,"height":200},"classes":[]},{"id":1110,"url":"https:\/\/satg.pl\/geolog\/archiwa\/barborka-2012\/","url_meta":{"origin":22161,"position":1},"title":"BARB\u00d3RKA 2012","author":"Garapozales","date":"2012-10-14","format":false,"excerpt":"STOWARZYSZENIE ABSOLWENT\u00d3W TECHNIKUM GEOLOGICZNEGO W KIELCACH ZAPRASZA\u00a0 1 GRUDNIA 2012r. na : \"VIII BARB\u00d3RK\u0118\", kt\u00f3ra odb\u0119dzie si\u0119 w hotelu KAMERALNYM, ul. Tarnowska 7 w Kielcach, tel.0 41 348-25-30 od godz.18.00 O godzinie 17.00 spotkanie uczestnik\u00f3w \"BIESIADY\" i absolwent\u00f3w TG przed budynkiem szko\u0142y na \u015aciegiennego obecnie biblioteka Wojew\u00f3dzka przy g\u0142azie JANA.\u2026","rel":"","context":"W \u201eBarb\u00f3rka&quot;","block_context":{"text":"Barb\u00f3rka","link":"https:\/\/satg.pl\/geolog\/archiwa\/category\/barborka\/"},"img":{"alt_text":"","src":"https:\/\/i0.wp.com\/satg.pl\/geolog\/wp-content\/uploads\/2012\/10\/symbol_gorniczy.jpg?fit=640%2C640&ssl=1&resize=350%2C200","width":350,"height":200,"srcset":"https:\/\/i0.wp.com\/satg.pl\/geolog\/wp-content\/uploads\/2012\/10\/symbol_gorniczy.jpg?fit=640%2C640&ssl=1&resize=350%2C200 1x, https:\/\/i0.wp.com\/satg.pl\/geolog\/wp-content\/uploads\/2012\/10\/symbol_gorniczy.jpg?fit=640%2C640&ssl=1&resize=525%2C300 1.5x"},"classes":[]},{"id":1705,"url":"https:\/\/satg.pl\/geolog\/archiwa\/biesiada-barborkowa\/","url_meta":{"origin":22161,"position":2},"title":"Biesiada Barb\u00f3rkowa","author":"Garapozales","date":"2013-11-15","format":false,"excerpt":"\"Cena za nocleg dla uczestnik\u00f3w Biesiady w Hotelu Kameralnym wynosi 100 z\u0142. od osoby\". Cena obejmuje nocleg oraz \u015bniadanie.","rel":"","context":"W \u201eBez kategorii&quot;","block_context":{"text":"Bez kategorii","link":"https:\/\/satg.pl\/geolog\/archiwa\/category\/bez-kategorii\/"},"img":{"alt_text":"","src":"","width":0,"height":0},"classes":[]},{"id":1679,"url":"https:\/\/satg.pl\/geolog\/archiwa\/protokol-z-zebrania-w-dniu-14-10-2013r\/","url_meta":{"origin":22161,"position":3},"title":"PROTOK\u00d3\u0141 z ZEBRANIA w dniu 14.10.2013r.","author":"Garapozales","date":"2013-10-15","format":false,"excerpt":"STOWARZYSZENIA ABSOLWENT\u00d3W TECHNIKUM GEOLOGICZNEGO W KIELCACH 1. Powo\u0142ano nowy Zarz\u0105d SATG w sk\u0142adzie: Prezes - Jan Kowalski V-ce Prezes - Marzena Bakalarz-Doropowicz Skarbnik - Antonina Gad Skarbnik - Stanis\u0142awa Zbroja Sekretarz - Mariola Dydak Cz\u0142onek - Dorota G\u00f3rczak Cz\u0142onek - Ryszard Zwierzchowski Prezes Honorowy - Stanis\u0142aw Dziura 2. Om\u00f3wiono sprawy\u2026","rel":"","context":"W \u201eBarb\u00f3rka&quot;","block_context":{"text":"Barb\u00f3rka","link":"https:\/\/satg.pl\/geolog\/archiwa\/category\/barborka\/"},"img":{"alt_text":"","src":"","width":0,"height":0},"classes":[]},{"id":22580,"url":"https:\/\/satg.pl\/geolog\/archiwa\/barborka-2025\/","url_meta":{"origin":22161,"position":4},"title":"Barb\u00f3rka 2025","author":"Garapozales","date":"2025-10-26","format":false,"excerpt":"STOWARZYSZENIE ABSOLWENT\u00d3W TECHNIKUM GEOLOGICZNEGO w Kielcach UPRZEJMIE ZAPRASZA NA XVIII \u201eBIESIAD\u0118 BARB\u00d3RKOW\u0104\u201d, kt\u00f3ra odb\u0119dzie si\u0119 dnia 6 GRUDNIA 2025 r. w Hotelu \u201eS\u0141OWIK\u201d w Kielcach, przy ulicy Krakowskiej 307 Rozpocz\u0119cie \u201eBIESIADY\u201d w hotelu \u201eS\u0141OWIK\u201d o godz. 18oo. O godz. 17oo spotkanie uczestnik\u00f3w \u201eBIESIADY\u201d i absolwent\u00f3w Technikum Geologicznego przed budynkiem szko\u0142y\u2026","rel":"","context":"W \u201eBez kategorii&quot;","block_context":{"text":"Bez kategorii","link":"https:\/\/satg.pl\/geolog\/archiwa\/category\/bez-kategorii\/"},"img":{"alt_text":"","src":"https:\/\/i0.wp.com\/satg.pl\/geolog\/wp-content\/uploads\/2012\/10\/symbol_gorniczy.jpg?fit=640%2C640&ssl=1&resize=350%2C200","width":350,"height":200,"srcset":"https:\/\/i0.wp.com\/satg.pl\/geolog\/wp-content\/uploads\/2012\/10\/symbol_gorniczy.jpg?fit=640%2C640&ssl=1&resize=350%2C200 1x, https:\/\/i0.wp.com\/satg.pl\/geolog\/wp-content\/uploads\/2012\/10\/symbol_gorniczy.jpg?fit=640%2C640&ssl=1&resize=525%2C300 1.5x"},"classes":[]},{"id":22550,"url":"https:\/\/satg.pl\/geolog\/archiwa\/splyw-kajakowy-2025\/","url_meta":{"origin":22161,"position":5},"title":"Sp\u0142yw kajakowy &#8211; 2025","author":"Garapozales","date":"2025-05-22","format":false,"excerpt":"Zarz\u0105d SATG zaprasza na wypraw\u0119 kajakow\u0105, kt\u00f3ra odb\u0119dzie si\u0119 14 czerwca 2025 r. B\u0119dzie to sp\u0142yw Nid\u0105 z Tokarni do Mokrska. Zbi\u00f3rka i wyjazd autokarem z Kielc spod cmentarza przy ul. Ksi\u0119dza Piotra \u015aciegiennego (przy pomniku Homo Homini) o godzinie 12.00. Start w Tokarni o 13.00 a meta w Mokrsku\u2026","rel":"","context":"W \u201eBez kategorii&quot;","block_context":{"text":"Bez kategorii","link":"https:\/\/satg.pl\/geolog\/archiwa\/category\/bez-kategorii\/"},"img":{"alt_text":"","src":"","width":0,"height":0},"classes":[]}],"jetpack_likes_enabled":true,"_links":{"self":[{"href":"https:\/\/satg.pl\/geolog\/wp-json\/wp\/v2\/posts\/22161","targetHints":{"allow":["GET"]}}],"collection":[{"href":"https:\/\/satg.pl\/geolog\/wp-json\/wp\/v2\/posts"}],"about":[{"href":"https:\/\/satg.pl\/geolog\/wp-json\/wp\/v2\/types\/post"}],"author":[{"embeddable":true,"href":"https:\/\/satg.pl\/geolog\/wp-json\/wp\/v2\/users\/1"}],"replies":[{"embeddable":true,"href":"https:\/\/satg.pl\/geolog\/wp-json\/wp\/v2\/comments?post=22161"}],"version-history":[{"count":1,"href":"https:\/\/satg.pl\/geolog\/wp-json\/wp\/v2\/posts\/22161\/revisions"}],"predecessor-version":[{"id":22163,"href":"https:\/\/satg.pl\/geolog\/wp-json\/wp\/v2\/posts\/22161\/revisions\/22163"}],"wp:featuredmedia":[{"embeddable":true,"href":"https:\/\/satg.pl\/geolog\/wp-json\/wp\/v2\/media\/22162"}],"wp:attachment":[{"href":"https:\/\/satg.pl\/geolog\/wp-json\/wp\/v2\/media?parent=22161"}],"wp:term":[{"taxonomy":"category","embeddable":true,"href":"https:\/\/satg.pl\/geolog\/wp-json\/wp\/v2\/categories?post=22161"},{"taxonomy":"post_tag","embeddable":true,"href":"https:\/\/satg.pl\/geolog\/wp-json\/wp\/v2\/tags?post=22161"}],"curies":[{"name":"wp","href":"https:\/\/api.w.org\/{rel}","templated":true}]}}