{"id":22154,"date":"2024-05-10T08:54:41","date_gmt":"2024-05-10T06:54:41","guid":{"rendered":"https:\/\/satg.pl\/geolog\/?p=22154"},"modified":"2024-05-10T08:54:41","modified_gmt":"2024-05-10T06:54:41","slug":"wniosek-o-nadanie-stopnia-gorniczego","status":"publish","type":"post","link":"https:\/\/satg.pl\/geolog\/archiwa\/wniosek-o-nadanie-stopnia-gorniczego\/","title":{"rendered":"Wniosek o nadanie stopnia g\u00f3rniczego"},"content":{"rendered":"<p>W zwiazku z zainteresowaniem stopniami g\u00f3rniczymi przekazujemy do pobrania plik do wype\u0142nienia.<\/p>\n<p><a href=\"https:\/\/satg.pl\/geolog\/wp-content\/uploads\/2024\/05\/wniosek-o-stopien-gorniczy.pdf\">wniosek o stopie\u0144 g\u00f3rniczy (DOC)<\/a><\/p>\n<p><a href=\"https:\/\/satg.pl\/geolog\/wp-content\/uploads\/2024\/05\/wniosek-o-stopien-gorniczy.doc\">wniosek o stopie\u0144 g\u00f3rniczy (PDF)<\/a><\/p>\n","protected":false},"excerpt":{"rendered":"<p>W zwiazku z zainteresowaniem stopniami g\u00f3rniczymi przekazujemy do pobrania plik do wype\u0142nienia. wniosek o stopie\u0144 g\u00f3rniczy (DOC) wniosek o stopie\u0144 g\u00f3rniczy (PDF)<\/p>\n<p class=\"continue-reading-button\"> <a class=\"continue-reading-link\" href=\"https:\/\/satg.pl\/geolog\/archiwa\/wniosek-o-nadanie-stopnia-gorniczego\/\">Czytaj dalej<i class=\"crycon-right-dir\"><\/i><\/a><\/p>\n","protected":false},"author":1,"featured_media":0,"comment_status":"open","ping_status":"open","sticky":false,"template":"","format":"standard","meta":{"ngg_post_thumbnail":0,"jetpack_post_was_ever_published":false,"_jetpack_newsletter_access":"","_jetpack_dont_email_post_to_subs":false,"_jetpack_newsletter_tier_id":0,"_jetpack_memberships_contains_paywalled_content":false,"_jetpack_memberships_contains_paid_content":false,"footnotes":"","jetpack_publicize_message":"","jetpack_publicize_feature_enabled":true,"jetpack_social_post_already_shared":true,"jetpack_social_options":{"image_generator_settings":{"template":"highway","default_image_id":0,"font":"","enabled":false},"version":2}},"categories":[1],"tags":[],"class_list":["post-22154","post","type-post","status-publish","format-standard","hentry","category-bez-kategorii"],"jetpack_publicize_connections":[],"jetpack_featured_media_url":"","jetpack_sharing_enabled":true,"jetpack_shortlink":"https:\/\/wp.me\/p7jPbe-5Lk","jetpack-related-posts":[{"id":1198,"url":"https:\/\/satg.pl\/geolog\/archiwa\/barborka-od-dziury-do-wylotu\/","url_meta":{"origin":22154,"position":0},"title":"Barb\u00f3rka od Dziury do Wylotu","author":"Garapozales","date":"2012-12-10","format":false,"excerpt":"Barb\u00f3rka, a raczej g\u00f3rnicza karczma piwna (cho\u0107 w naszym przypadku chyba geologiczna) odby\u0142a si\u0119 1 grudnia. Bra\u0107 geologiczna przyby\u0142a w znacznym i zacnym gronie. Mo\u017cna by nawet si\u0119 pokusic na stwierdzenie \u201eod dziury do wylotu\u201d, od pocz\u0105tku do ko\u0144ca (poniewa\u017c zjawi\u0142y si\u0119 osoby z niemal\u017ce ostatniego rocznika, a Dziura Stanis\u0142aw\u2026","rel":"","context":"W \u201eBez kategorii&quot;","block_context":{"text":"Bez kategorii","link":"https:\/\/satg.pl\/geolog\/archiwa\/category\/bez-kategorii\/"},"img":{"alt_text":"","src":"","width":0,"height":0},"classes":[]},{"id":2840,"url":"https:\/\/satg.pl\/geolog\/archiwa\/barborka-barburka\/","url_meta":{"origin":22154,"position":1},"title":"Barb\u00f3rka, Barburka","author":"Garapozales","date":"2014-12-04","format":false,"excerpt":"z g\u00f3rniczym pozdrowieniem Szcz\u0119\u015b\u0107 Bo\u017ce ... G\u00f3rniczy stan hej niech nam \u017cyje, niech \u017cyje nam g\u00f3rniczy stan ...","rel":"","context":"W \u201eBarb\u00f3rka&quot;","block_context":{"text":"Barb\u00f3rka","link":"https:\/\/satg.pl\/geolog\/archiwa\/category\/barborka\/"},"img":{"alt_text":"","src":"https:\/\/i0.wp.com\/satg.pl\/geolog\/wp-content\/uploads\/2014\/12\/Barbara-karczowka.png?fit=468%2C692&ssl=1&resize=350%2C200","width":350,"height":200},"classes":[]},{"id":2813,"url":"https:\/\/satg.pl\/geolog\/archiwa\/biesiada-w-tekscie\/","url_meta":{"origin":22154,"position":2},"title":"Biesiada w tek\u015bcie","author":"Garapozales","date":"2014-11-25","format":false,"excerpt":"Kr\u00f3tka historia Biesiady Barb\u00f3rkowej Na jubileuszow\u0105 X Biesiad\u0119 Barb\u00f3rkow\u0105 przybyli w zdumiewaj\u0105cej ilo\u015bci z ca\u0142ej Polski absolwenci \"Geologa\". Swoj\u0105 obecno\u015bci\u0105 zaszczyci\u0142o nas r\u00f3wnie\u017c licznie grono pedagogiczne. Przybyli Pani Dyrektor Jolanta Szajn i Dyrektor Tadeusz Mertyna, Profesorowie: Krystyna J\u00f3\u017awik, Barbara So\u0142owow, El\u017cbieta Religa, Barbara Nowak, Andrzej Mazur, J\u00f3zef Mrozicki. Przed rozpocz\u0119ciem\u2026","rel":"","context":"W \u201eBarb\u00f3rka&quot;","block_context":{"text":"Barb\u00f3rka","link":"https:\/\/satg.pl\/geolog\/archiwa\/category\/barborka\/"},"img":{"alt_text":"","src":"","width":0,"height":0},"classes":[]},{"id":19488,"url":"https:\/\/satg.pl\/geolog\/archiwa\/godlo-gornicze-czyli-co-i-jak-z-kulpa\/","url_meta":{"origin":22154,"position":3},"title":"God\u0142o g\u00f3rnicze czyli co i jak z kupl\u0105","author":"Garapozales","date":"2016-10-13","format":false,"excerpt":"Barb\u00f3rka tu\u017c, tu\u017c ... wi\u0119c mo\u017ce troch\u0119 o godle ... g\u00f3rniczym godle. God\u0142o g\u00f3rnicze sk\u0142adaj\u0105ce si\u0119 z \u017celoska i le\u017c\u0105cego na nim pyrlika znane by\u0142o ju\u017c w \u015bredniowieczu (niestety w Krzemionkach Opatowskich nie znano pyrlika w tej formie). Uk\u0142adanie narz\u0119dzi na krzy\u017c mia\u0142o odstraszy\u0107 z\u0142e moce (duchy) - prawdopodobnie jeszcze\u2026","rel":"","context":"W \u201eBarb\u00f3rka&quot;","block_context":{"text":"Barb\u00f3rka","link":"https:\/\/satg.pl\/geolog\/archiwa\/category\/barborka\/"},"img":{"alt_text":"godlogornicze","src":"https:\/\/i0.wp.com\/satg.pl\/geolog\/wp-content\/uploads\/2016\/10\/Godlogornicze.jpg?resize=350%2C200","width":350,"height":200},"classes":[]},{"id":21545,"url":"https:\/\/satg.pl\/geolog\/archiwa\/4-grudnia-barborka-barburka\/","url_meta":{"origin":22154,"position":4},"title":"4 grudnia &#8211; Barb\u00f3rka, Barburka","author":"Garapozales","date":"2021-12-03","format":false,"excerpt":"Wszystkim g\u00f3rnikom sk\u0142adamy \u017cyczenia lepszej przysz\u0142o\u015bci. G\u00f3rniczy stan hej niech nam \u017cyje... O \u015aw. Barbarze","rel":"","context":"W \u201eBez kategorii&quot;","block_context":{"text":"Bez kategorii","link":"https:\/\/satg.pl\/geolog\/archiwa\/category\/bez-kategorii\/"},"img":{"alt_text":"","src":"","width":0,"height":0},"classes":[]},{"id":21807,"url":"https:\/\/satg.pl\/geolog\/archiwa\/kielecki-geolog-ryszard-kielek\/","url_meta":{"origin":22154,"position":5},"title":"Kielecki Geolog &#8211; Ryszard Kie\u0142ek (tekst oryginalny)","author":"Garapozales","date":"2023-06-28","format":false,"excerpt":"Kielecki Geolog -\u00a0 Ryszard Kie\u0142ek (tekst oryginalny) \u00a0 \u00a0 \u00a0 \u00a0 W \u015bwi\u0119tokrzyskich g\u00f3r enklawie dzia\u0142a\u0142a kiedy\u015b pi\u0119kna szko\u0142a o nie tylko regionalnej, kieleckiej ale i narodowej s\u0142awie. Ten monolog m\u00f3wi o \u015bredniej szkole o nazwie \"Geolog\". Jego historia wiele lat si\u0119ga, to prawdziwa edukacyjna pot\u0119ga, technicy wiertnicy, p\u00f3\u017aniejsi in\u017cynierowie,\u2026","rel":"","context":"W \u201eBez kategorii&quot;","block_context":{"text":"Bez kategorii","link":"https:\/\/satg.pl\/geolog\/archiwa\/category\/bez-kategorii\/"},"img":{"alt_text":"","src":"https:\/\/i0.wp.com\/satg.pl\/geolog\/wp-content\/uploads\/2023\/06\/Ryszard-Kielek-scaled.jpg?fit=780%2C1200&ssl=1&resize=350%2C200","width":350,"height":200,"srcset":"https:\/\/i0.wp.com\/satg.pl\/geolog\/wp-content\/uploads\/2023\/06\/Ryszard-Kielek-scaled.jpg?fit=780%2C1200&ssl=1&resize=350%2C200 1x, https:\/\/i0.wp.com\/satg.pl\/geolog\/wp-content\/uploads\/2023\/06\/Ryszard-Kielek-scaled.jpg?fit=780%2C1200&ssl=1&resize=525%2C300 1.5x, https:\/\/i0.wp.com\/satg.pl\/geolog\/wp-content\/uploads\/2023\/06\/Ryszard-Kielek-scaled.jpg?fit=780%2C1200&ssl=1&resize=700%2C400 2x"},"classes":[]}],"jetpack_likes_enabled":true,"_links":{"self":[{"href":"https:\/\/satg.pl\/geolog\/wp-json\/wp\/v2\/posts\/22154","targetHints":{"allow":["GET"]}}],"collection":[{"href":"https:\/\/satg.pl\/geolog\/wp-json\/wp\/v2\/posts"}],"about":[{"href":"https:\/\/satg.pl\/geolog\/wp-json\/wp\/v2\/types\/post"}],"author":[{"embeddable":true,"href":"https:\/\/satg.pl\/geolog\/wp-json\/wp\/v2\/users\/1"}],"replies":[{"embeddable":true,"href":"https:\/\/satg.pl\/geolog\/wp-json\/wp\/v2\/comments?post=22154"}],"version-history":[{"count":3,"href":"https:\/\/satg.pl\/geolog\/wp-json\/wp\/v2\/posts\/22154\/revisions"}],"predecessor-version":[{"id":22159,"href":"https:\/\/satg.pl\/geolog\/wp-json\/wp\/v2\/posts\/22154\/revisions\/22159"}],"wp:attachment":[{"href":"https:\/\/satg.pl\/geolog\/wp-json\/wp\/v2\/media?parent=22154"}],"wp:term":[{"taxonomy":"category","embeddable":true,"href":"https:\/\/satg.pl\/geolog\/wp-json\/wp\/v2\/categories?post=22154"},{"taxonomy":"post_tag","embeddable":true,"href":"https:\/\/satg.pl\/geolog\/wp-json\/wp\/v2\/tags?post=22154"}],"curies":[{"name":"wp","href":"https:\/\/api.w.org\/{rel}","templated":true}]}}