{"id":21993,"date":"2023-11-29T14:20:10","date_gmt":"2023-11-29T13:20:10","guid":{"rendered":"https:\/\/satg.pl\/geolog\/?p=21993"},"modified":"2023-11-29T14:21:27","modified_gmt":"2023-11-29T13:21:27","slug":"tablica-na-karczowce-pamieci-swietokrzyskich-geologow","status":"publish","type":"post","link":"https:\/\/satg.pl\/geolog\/archiwa\/tablica-na-karczowce-pamieci-swietokrzyskich-geologow\/","title":{"rendered":"Tablica na Karcz\u00f3wce pami\u0119ci \u015bwi\u0119tokrzyskich geolog\u00f3w"},"content":{"rendered":"<p>3 grudnia &#8211; niedziela godzina 12:00&nbsp;<\/p>\n<p>Tablic\u0105 upami\u0119tni\u0105 \u015bwi\u0119tokrzyskich geolog\u00f3w<br \/>\nKsi\u0119\u017ca Pallotyni z Karcz\u00f3wki, Stowarzyszenie Ochrony Dziedzictwa Narodowego i Stowarzyszenie Genius Loci \u201eKarcz\u00f3wka\u201d zapraszaj\u0105 na uroczysto\u015b\u0107 ods\u0142oni\u0119cia tablicy epitafijnej po\u015bwi\u0119conej geologom i badaczom \u0141ysog\u00f3r, w tym i Karcz\u00f3wki.<br \/>\nNazwisk jest wiele, ale te\u017c nasz region jest bardzo ciekawy pod wzgl\u0119dem geologicznym i odkrycia naukowc\u00f3w tu pracuj\u0105cych mia\u0142y ogromne znaczenie dla nauki \u2013 wyja\u015bnia kieruj\u0105cy Stowarzyszeniem Genius Loci Stanis\u0142aw Szrek.<br \/>\nUroczysto\u015b\u0107 odb\u0119dzie si\u0119 w niedziel\u0119 03 grudnia. Rozpocznie j\u0105 o godz. 12 msza \u015bw. g\u00f3rnicza, po kt\u00f3rej nast\u0105pi ods\u0142oni\u0119cie i po\u015bwi\u0119cenie tablicy na majdanie klasztornym. Po, ok. godz. 13.45 przewidziano pocz\u0119stunek i rozmowy w refektarzu klasztoru.<br \/>\nWsp\u00f3\u0142fundatorem tablicy jest Pa\u0144stwowy Instytut Geologiczny &#8211; Pa\u0144stwowy Instytut Badawczy w Warszawie.<\/p>\n","protected":false},"excerpt":{"rendered":"<p>3 grudnia &#8211; niedziela godzina 12:00&nbsp; Tablic\u0105 upami\u0119tni\u0105 \u015bwi\u0119tokrzyskich geolog\u00f3w Ksi\u0119\u017ca Pallotyni z Karcz\u00f3wki, Stowarzyszenie Ochrony Dziedzictwa Narodowego i Stowarzyszenie Genius Loci \u201eKarcz\u00f3wka\u201d zapraszaj\u0105 na uroczysto\u015b\u0107 ods\u0142oni\u0119cia tablicy epitafijnej po\u015bwi\u0119conej geologom i badaczom \u0141ysog\u00f3r, w tym i Karcz\u00f3wki. Nazwisk jest wiele, ale te\u017c nasz region jest bardzo ciekawy pod wzgl\u0119dem\u2026<\/p>\n<p class=\"continue-reading-button\"> <a class=\"continue-reading-link\" href=\"https:\/\/satg.pl\/geolog\/archiwa\/tablica-na-karczowce-pamieci-swietokrzyskich-geologow\/\">Czytaj dalej<i class=\"crycon-right-dir\"><\/i><\/a><\/p>\n","protected":false},"author":1,"featured_media":0,"comment_status":"open","ping_status":"open","sticky":false,"template":"","format":"standard","meta":{"ngg_post_thumbnail":0,"jetpack_post_was_ever_published":false,"_jetpack_newsletter_access":"","_jetpack_dont_email_post_to_subs":false,"_jetpack_newsletter_tier_id":0,"_jetpack_memberships_contains_paywalled_content":false,"_jetpack_memberships_contains_paid_content":false,"footnotes":"","jetpack_publicize_message":"","jetpack_publicize_feature_enabled":true,"jetpack_social_post_already_shared":true,"jetpack_social_options":{"image_generator_settings":{"template":"highway","default_image_id":0,"font":"","enabled":false},"version":2}},"categories":[1],"tags":[],"class_list":["post-21993","post","type-post","status-publish","format-standard","hentry","category-bez-kategorii"],"jetpack_publicize_connections":[],"jetpack_featured_media_url":"","jetpack_sharing_enabled":true,"jetpack_shortlink":"https:\/\/wp.me\/p7jPbe-5IJ","jetpack-related-posts":[{"id":10249,"url":"https:\/\/satg.pl\/geolog\/archiwa\/jeszcze-kilka-slow-janie-kaminskim\/","url_meta":{"origin":21993,"position":0},"title":"Jeszcze kilka s\u0142\u00f3w o Janie Kami\u0144skim","author":"Garapozales","date":"2016-01-21","format":false,"excerpt":"autor Jerzy J\u0119drychowski W dniu 5 grudnia 2015 w ko\u015bciele na Karcz\u00f3wce odby\u0142a si\u0119 uroczysta msza po\u015bwi\u0119cona pami\u0119ci pierwszego dyrektora Technikum Geologicznego w Kielcach \u2013 Jana Rafa\u0142a Kami\u0144skiego. Ten wybitny pedagog, budowniczy a nade wszystko ogromnej zacno\u015bci cz\u0142owiek i przyjaciel m\u0142odzie\u017cy pozosta\u0142 w pami\u0119ci wielu pokole\u0144 absolwent\u00f3w. By\u0142 budowniczym nie\u2026","rel":"","context":"W \u201eJubileusz&quot;","block_context":{"text":"Jubileusz","link":"https:\/\/satg.pl\/geolog\/archiwa\/category\/jubileusz\/"},"img":{"alt_text":"","src":"","width":0,"height":0},"classes":[]},{"id":22232,"url":"https:\/\/satg.pl\/geolog\/archiwa\/zaproszenie-na-wystawe-2\/","url_meta":{"origin":21993,"position":1},"title":"Zaproszenie na wystaw\u0119","author":"Garapozales","date":"2024-10-10","format":false,"excerpt":"ZAPROSZENIE Stowarzyszenie Absolwent\u00f3w Technikum Geologicznego ma zaszczyt zaprosi\u0107 Dyrekcje, pracownik\u00f3w Instytutu Geologicznego oraz Absolwent\u00f3w Technikum Geologicznego \u00a0na uroczyste otwarcie wystawy po\u015bwi\u0119conej historii Technikum Geologicznego mieszcz\u0105cej si\u0119 w Sali muzealnej Instytutu. Termin \u2013 sobota 19.10. 2024r.,od godziny 15,00 \u2013 16.00. Zaplanowano pocz\u0119stunek lampk\u0105 szampana. \u00a0 P.S. Po otwarciu wystawy ch\u0119tnych zapraszamy\u2026","rel":"","context":"W \u201eKielce&quot;","block_context":{"text":"Kielce","link":"https:\/\/satg.pl\/geolog\/archiwa\/category\/kielce\/"},"img":{"alt_text":"","src":"","width":0,"height":0},"classes":[]},{"id":21581,"url":"https:\/\/satg.pl\/geolog\/archiwa\/droga-hilarego-mali\/","url_meta":{"origin":21993,"position":2},"title":"Droga Hilarego Mali","author":"Garapozales","date":"2022-01-24","format":false,"excerpt":"We wrze\u015bniu 2021 roku odrestaurowali\u015bmy rze\u017ab\u0119 upami\u0119tniaj\u0105c\u0105 posta\u0107 Hilarego Mali \u2013 g\u00f3rnika z Niewachlowa i przenie\u015bli\u015bmy j\u0105 do Ogrodu Botanicznego. Towarzyszy jej teraz nowa tablica pami\u0105tkowa z napisem: Przeniesienia rze\u017aby Hilarego Mali z ulicy Szkolnej w Kielcach do Ogrodu Botanicznego przy ul. Karcz\u00f3wkowskiej dokona\u0142o ze \u015brodk\u00f3w sk\u0142adkowych Stowarzyszenie Absolwent\u00f3w Technikum\u2026","rel":"","context":"W \u201eBez kategorii&quot;","block_context":{"text":"Bez kategorii","link":"https:\/\/satg.pl\/geolog\/archiwa\/category\/bez-kategorii\/"},"img":{"alt_text":"","src":"https:\/\/i0.wp.com\/satg.pl\/geolog\/wp-content\/uploads\/2022\/01\/efekt-koncowy-3.jpg?fit=656%2C1200&ssl=1&resize=350%2C200","width":350,"height":200,"srcset":"https:\/\/i0.wp.com\/satg.pl\/geolog\/wp-content\/uploads\/2022\/01\/efekt-koncowy-3.jpg?fit=656%2C1200&ssl=1&resize=350%2C200 1x, https:\/\/i0.wp.com\/satg.pl\/geolog\/wp-content\/uploads\/2022\/01\/efekt-koncowy-3.jpg?fit=656%2C1200&ssl=1&resize=525%2C300 1.5x"},"classes":[]},{"id":68,"url":"https:\/\/satg.pl\/geolog\/archiwa\/barborka-i-finalodsloniecia\/","url_meta":{"origin":21993,"position":3},"title":"Barb\u00f3rka i &#8222;fina\u0142&#8221;ods\u0142oni\u0119cia","author":"Garapozales","date":"2010-10-08","format":false,"excerpt":"Stowarzyszenie zaprasza 13 listopada 2010 roku na \u00a0uroczyste ods\u0142oni\u0119cie tablicy ku czci Jana Kami\u0144skiego, kt\u00f3re odb\u0119dzie si\u0119 o godzinie 17.00 oraz \u00a0na coroczn\u0105 Barb\u00f3rk\u0119. VI biesiada odb\u0119dzie si\u0119 w hotelu Kameralnym przy ul. Tarnowskiej 7 \u2013 start godzina 18.00. tablica-barborka","rel":"","context":"W \u201eBarb\u00f3rka&quot;","block_context":{"text":"Barb\u00f3rka","link":"https:\/\/satg.pl\/geolog\/archiwa\/category\/barborka\/"},"img":{"alt_text":"","src":"https:\/\/i0.wp.com\/satg.pl\/geolog\/wp-content\/uploads\/2010\/06\/plyta-Kopia.jpg?fit=400%2C292&ssl=1&resize=350%2C200","width":350,"height":200},"classes":[]},{"id":8824,"url":"https:\/\/satg.pl\/geolog\/archiwa\/stasiu-wladkowi\/","url_meta":{"origin":21993,"position":4},"title":"Wspomnienie Stasia o W\u0142adku &#8230;","author":"Garapozales","date":"2016-01-11","format":false,"excerpt":"OSTATNIE PO\u017bEGNANIE naszego przyjaciela i absolwenta Technikum Geologicznego w Kielcach \u201eDziadka W\u0142adka\u201d \u015aP.W\u0141ADYS\u0141AWA KAMUSI\u0143SKIEGO - urodzonego 10.07.1941 r. w miejscowo\u015bci Umer k. Kielc, gm. Zagna\u0144sk - zmar\u0142ego 17.12.2015 r. w Krakowie prze\u017cywszy lat 74 Przebieg pracy zawodowej: 1962 r., uko\u0144czy\u0142 Technikum Geologiczne w Kielcach, kierunek wiertnictwo 1962 \u2013 1965 r.\u2026","rel":"","context":"W \u201eBez kategorii&quot;","block_context":{"text":"Bez kategorii","link":"https:\/\/satg.pl\/geolog\/archiwa\/category\/bez-kategorii\/"},"img":{"alt_text":"WKamusinski","src":"https:\/\/i0.wp.com\/satg.pl\/geolog\/wp-content\/uploads\/2016\/01\/WKamusinski-171x300.png?resize=350%2C200","width":350,"height":200},"classes":[]},{"id":20113,"url":"https:\/\/satg.pl\/geolog\/archiwa\/spotkanie-w-sercu-gor-swietokrzyskich\/","url_meta":{"origin":21993,"position":5},"title":"Spotkanie w sercu G\u00f3r \u015awi\u0119tokrzyskich","author":"Garapozales","date":"2017-10-10","format":false,"excerpt":"Rubinowy jubileusz absolwent\u00f3w Technikum Geologicznego w Kielcach Absolwenci Technikum Geologicznego rocznik 1972 \u2013 1977 po czterdziestu latach od egzaminu maturalnego spotkali si\u0119 w samym sercu G\u00f3r \u015awi\u0119tokrzyskich, czyli w Nowej S\u0142upi. Widoczny st\u0105d klasztor Oblat\u00f3w na \u015awi\u0119tym Krzy\u017cu oraz pasmo \u0141ysog\u00f3r by\u0142o t\u0142em zdj\u0119cia, do kt\u00f3rego rado\u015bnie ustawili si\u0119 absolwenci\u2026","rel":"","context":"W \u201eBez kategorii&quot;","block_context":{"text":"Bez kategorii","link":"https:\/\/satg.pl\/geolog\/archiwa\/category\/bez-kategorii\/"},"img":{"alt_text":"Grupowe zdj\u0119cie absolwent\u00f3w wraz z pani\u0105 prof. Teres\u0105 Taszek na tle \u015aw. Krzy\u017ca","src":"https:\/\/i0.wp.com\/satg.pl\/geolog\/wp-content\/uploads\/2017\/10\/Zjazd-Absolwent%C3%B3wTG-Kielce-2017_na-portal-1024x576.jpg?resize=350%2C200","width":350,"height":200,"srcset":"https:\/\/i0.wp.com\/satg.pl\/geolog\/wp-content\/uploads\/2017\/10\/Zjazd-Absolwent%C3%B3wTG-Kielce-2017_na-portal-1024x576.jpg?resize=350%2C200 1x, https:\/\/i0.wp.com\/satg.pl\/geolog\/wp-content\/uploads\/2017\/10\/Zjazd-Absolwent%C3%B3wTG-Kielce-2017_na-portal-1024x576.jpg?resize=525%2C300 1.5x, https:\/\/i0.wp.com\/satg.pl\/geolog\/wp-content\/uploads\/2017\/10\/Zjazd-Absolwent%C3%B3wTG-Kielce-2017_na-portal-1024x576.jpg?resize=700%2C400 2x"},"classes":[]}],"jetpack_likes_enabled":true,"_links":{"self":[{"href":"https:\/\/satg.pl\/geolog\/wp-json\/wp\/v2\/posts\/21993","targetHints":{"allow":["GET"]}}],"collection":[{"href":"https:\/\/satg.pl\/geolog\/wp-json\/wp\/v2\/posts"}],"about":[{"href":"https:\/\/satg.pl\/geolog\/wp-json\/wp\/v2\/types\/post"}],"author":[{"embeddable":true,"href":"https:\/\/satg.pl\/geolog\/wp-json\/wp\/v2\/users\/1"}],"replies":[{"embeddable":true,"href":"https:\/\/satg.pl\/geolog\/wp-json\/wp\/v2\/comments?post=21993"}],"version-history":[{"count":2,"href":"https:\/\/satg.pl\/geolog\/wp-json\/wp\/v2\/posts\/21993\/revisions"}],"predecessor-version":[{"id":21995,"href":"https:\/\/satg.pl\/geolog\/wp-json\/wp\/v2\/posts\/21993\/revisions\/21995"}],"wp:attachment":[{"href":"https:\/\/satg.pl\/geolog\/wp-json\/wp\/v2\/media?parent=21993"}],"wp:term":[{"taxonomy":"category","embeddable":true,"href":"https:\/\/satg.pl\/geolog\/wp-json\/wp\/v2\/categories?post=21993"},{"taxonomy":"post_tag","embeddable":true,"href":"https:\/\/satg.pl\/geolog\/wp-json\/wp\/v2\/tags?post=21993"}],"curies":[{"name":"wp","href":"https:\/\/api.w.org\/{rel}","templated":true}]}}