{"id":21706,"date":"2022-11-10T21:48:12","date_gmt":"2022-11-10T20:48:12","guid":{"rendered":"http:\/\/satg.pl\/geolog\/?p=21706"},"modified":"2022-11-10T21:54:38","modified_gmt":"2022-11-10T20:54:38","slug":"barborka-zmiana-ceny-za-nocleg","status":"publish","type":"post","link":"https:\/\/satg.pl\/geolog\/archiwa\/barborka-zmiana-ceny-za-nocleg\/","title":{"rendered":"Barb\u00f3rka &#8211; zmiana ceny za nocleg"},"content":{"rendered":"<p>Uleg\u0142a zmianie cena za nocleg w Dworku Bi\u0144kowskiego na Barb\u00f3rki. Cena pokoju 2 osobowego to 390 z\u0142, 1 osobowy 320 z\u0142.<\/p>\n","protected":false},"excerpt":{"rendered":"<p>Uleg\u0142a zmianie cena za nocleg w Dworku Bi\u0144kowskiego na Barb\u00f3rki. Cena pokoju 2 osobowego to 390 z\u0142, 1 osobowy 320 z\u0142.<\/p>\n<p class=\"continue-reading-button\"> <a class=\"continue-reading-link\" href=\"https:\/\/satg.pl\/geolog\/archiwa\/barborka-zmiana-ceny-za-nocleg\/\">Czytaj dalej<i class=\"crycon-right-dir\"><\/i><\/a><\/p>\n","protected":false},"author":1,"featured_media":0,"comment_status":"open","ping_status":"open","sticky":false,"template":"","format":"standard","meta":{"ngg_post_thumbnail":0,"jetpack_post_was_ever_published":false,"_jetpack_newsletter_access":"","_jetpack_dont_email_post_to_subs":false,"_jetpack_newsletter_tier_id":0,"_jetpack_memberships_contains_paywalled_content":false,"_jetpack_memberships_contains_paid_content":false,"footnotes":"","jetpack_publicize_message":"","jetpack_publicize_feature_enabled":true,"jetpack_social_post_already_shared":true,"jetpack_social_options":{"image_generator_settings":{"template":"highway","default_image_id":0,"font":"","enabled":false},"version":2}},"categories":[2],"tags":[],"class_list":["post-21706","post","type-post","status-publish","format-standard","hentry","category-barborka"],"jetpack_publicize_connections":[],"jetpack_featured_media_url":"","jetpack_sharing_enabled":true,"jetpack_shortlink":"https:\/\/wp.me\/p7jPbe-5E6","jetpack-related-posts":[{"id":2406,"url":"https:\/\/satg.pl\/geolog\/archiwa\/biesiada-barborkowa-2\/","url_meta":{"origin":21706,"position":0},"title":"Biesiada Barb\u00f3rkowa","author":"Garapozales","date":"2014-11-04","format":false,"excerpt":"Przypominamy o Biesiadzie Barb\u00f3rkowej\u00a0. Znane s\u0105 ju\u017c ceny za nocleg. Pok\u00f3j jednoosobowy 150 z\u0142, dwuosobowy 200 z\u0142. W cen\u0119 wliczone jest \u015bniadanie. Warto te\u017c b\u0119dzie, przed przyjazdem na Barb\u00f3rk\u0119, zapozna\u0107 si\u0119 z piosenk\u0105 Wiertacz. \u00a0","rel":"","context":"W \u201eBarb\u00f3rka&quot;","block_context":{"text":"Barb\u00f3rka","link":"https:\/\/satg.pl\/geolog\/archiwa\/category\/barborka\/"},"img":{"alt_text":"","src":"https:\/\/i0.wp.com\/satg.pl\/geolog\/wp-content\/uploads\/2014\/11\/WIERTACZ_zm.jpg?fit=1024%2C721&ssl=1&resize=350%2C200","width":350,"height":200,"srcset":"https:\/\/i0.wp.com\/satg.pl\/geolog\/wp-content\/uploads\/2014\/11\/WIERTACZ_zm.jpg?fit=1024%2C721&ssl=1&resize=350%2C200 1x, https:\/\/i0.wp.com\/satg.pl\/geolog\/wp-content\/uploads\/2014\/11\/WIERTACZ_zm.jpg?fit=1024%2C721&ssl=1&resize=525%2C300 1.5x, https:\/\/i0.wp.com\/satg.pl\/geolog\/wp-content\/uploads\/2014\/11\/WIERTACZ_zm.jpg?fit=1024%2C721&ssl=1&resize=700%2C400 2x"},"classes":[]},{"id":1705,"url":"https:\/\/satg.pl\/geolog\/archiwa\/biesiada-barborkowa\/","url_meta":{"origin":21706,"position":1},"title":"Biesiada Barb\u00f3rkowa","author":"Garapozales","date":"2013-11-15","format":false,"excerpt":"\"Cena za nocleg dla uczestnik\u00f3w Biesiady w Hotelu Kameralnym wynosi 100 z\u0142. od osoby\". Cena obejmuje nocleg oraz \u015bniadanie.","rel":"","context":"W \u201eBez kategorii&quot;","block_context":{"text":"Bez kategorii","link":"https:\/\/satg.pl\/geolog\/archiwa\/category\/bez-kategorii\/"},"img":{"alt_text":"","src":"","width":0,"height":0},"classes":[]},{"id":1170,"url":"https:\/\/satg.pl\/geolog\/archiwa\/barborka-2012-2\/","url_meta":{"origin":21706,"position":2},"title":"Barb\u00f3rka 2012","author":"Garapozales","date":"2012-11-13","format":false,"excerpt":"Barb\u00f3rka tu\u017c, tu\u017c. Znana jest ju\u017c cena noclegu w Hotelu Kameralnym i wynosi ona 90 z\u0142 od osoby. Rezerwacji mo\u017cna dokona\u0107 pod numerem +48 41 348 25 30. W cen\u0119 wliczone jest \u015bniadanie 2 grudnia oraz parking. Szczeg\u00f3\u0142y we wcze\u015bniejszym wpisie o Barb\u00f3rce ZAPRAZSZAMY","rel":"","context":"W \u201eBarb\u00f3rka&quot;","block_context":{"text":"Barb\u00f3rka","link":"https:\/\/satg.pl\/geolog\/archiwa\/category\/barborka\/"},"img":{"alt_text":"","src":"https:\/\/i0.wp.com\/satg.pl\/geolog\/wp-content\/uploads\/2012\/10\/symbol_gorniczy.jpg?fit=640%2C640&ssl=1&resize=350%2C200","width":350,"height":200,"srcset":"https:\/\/i0.wp.com\/satg.pl\/geolog\/wp-content\/uploads\/2012\/10\/symbol_gorniczy.jpg?fit=640%2C640&ssl=1&resize=350%2C200 1x, https:\/\/i0.wp.com\/satg.pl\/geolog\/wp-content\/uploads\/2012\/10\/symbol_gorniczy.jpg?fit=640%2C640&ssl=1&resize=525%2C300 1.5x"},"classes":[]},{"id":1110,"url":"https:\/\/satg.pl\/geolog\/archiwa\/barborka-2012\/","url_meta":{"origin":21706,"position":3},"title":"BARB\u00d3RKA 2012","author":"Garapozales","date":"2012-10-14","format":false,"excerpt":"STOWARZYSZENIE ABSOLWENT\u00d3W TECHNIKUM GEOLOGICZNEGO W KIELCACH ZAPRASZA\u00a0 1 GRUDNIA 2012r. na : \"VIII BARB\u00d3RK\u0118\", kt\u00f3ra odb\u0119dzie si\u0119 w hotelu KAMERALNYM, ul. Tarnowska 7 w Kielcach, tel.0 41 348-25-30 od godz.18.00 O godzinie 17.00 spotkanie uczestnik\u00f3w \"BIESIADY\" i absolwent\u00f3w TG przed budynkiem szko\u0142y na \u015aciegiennego obecnie biblioteka Wojew\u00f3dzka przy g\u0142azie JANA.\u2026","rel":"","context":"W \u201eBarb\u00f3rka&quot;","block_context":{"text":"Barb\u00f3rka","link":"https:\/\/satg.pl\/geolog\/archiwa\/category\/barborka\/"},"img":{"alt_text":"","src":"https:\/\/i0.wp.com\/satg.pl\/geolog\/wp-content\/uploads\/2012\/10\/symbol_gorniczy.jpg?fit=640%2C640&ssl=1&resize=350%2C200","width":350,"height":200,"srcset":"https:\/\/i0.wp.com\/satg.pl\/geolog\/wp-content\/uploads\/2012\/10\/symbol_gorniczy.jpg?fit=640%2C640&ssl=1&resize=350%2C200 1x, https:\/\/i0.wp.com\/satg.pl\/geolog\/wp-content\/uploads\/2012\/10\/symbol_gorniczy.jpg?fit=640%2C640&ssl=1&resize=525%2C300 1.5x"},"classes":[]},{"id":21697,"url":"https:\/\/satg.pl\/geolog\/archiwa\/barborka-2022\/","url_meta":{"origin":21706,"position":4},"title":"Barb\u00f3rka 2022","author":"Garapozales","date":"2022-10-09","format":false,"excerpt":"STOWARZYSZENIE ABSOLWENT\u00d3W TECHNIKUM GEOLOGICZNEGO w Kielcach UPRZEJMIE ZAPRASZA NA XVI \u201eBIESIAD\u0118 BARB\u00d3RKOW\u0104\u201d, kt\u00f3ra odb\u0119dzie si\u0119 dnia 3 GRUDNIA 2022 r. w Hotelu \u201eBI\u0143KOWSKI DWOREK\u201d w Kielcach, przy ulicy Szczepanika 42. \u00a0 Rozpocz\u0119cie \u201eBIESIADY\u201d w hotelu \u201eBI\u0143KOWSKI DWOREK\u201d o godz. 18oo. O godz. 17oo spotkanie uczestnik\u00f3w \u201eBIESIADY\u201d i absolwent\u00f3w Technikum Geologicznego\u2026","rel":"","context":"W \u201eBarb\u00f3rka&quot;","block_context":{"text":"Barb\u00f3rka","link":"https:\/\/satg.pl\/geolog\/archiwa\/category\/barborka\/"},"img":{"alt_text":"","src":"https:\/\/i0.wp.com\/satg.pl\/geolog\/wp-content\/uploads\/2022\/10\/Barborka-2022.png?resize=350%2C200","width":350,"height":200,"srcset":"https:\/\/i0.wp.com\/satg.pl\/geolog\/wp-content\/uploads\/2022\/10\/Barborka-2022.png?resize=350%2C200 1x, https:\/\/i0.wp.com\/satg.pl\/geolog\/wp-content\/uploads\/2022\/10\/Barborka-2022.png?resize=525%2C300 1.5x"},"classes":[]},{"id":2411,"url":"https:\/\/satg.pl\/geolog\/archiwa\/2411\/","url_meta":{"origin":21706,"position":5},"title":"Barb\u00f3rka &#8222;Geologa&#8221;","author":"Garapozales","date":"2014-11-18","format":false,"excerpt":"Biesiada Barb\u00f3rkowa ju\u017c za 4 dni. Przypominamy: STOWARZYSZENIE ABSOLWENT\u00d3W TECHNIKUM GEOLOGICZNEGO w Kielcach UPRZEJMIE ZAPRASZA NA JUBILEUSZOW\u0104 X BIESIAD\u0118 BARB\u00d3RKOW\u0104, kt\u00f3ra odb\u0119dzie si\u0119 dnia 22 LISTOPADA 2014 r. w Hotelu \u201eKAMERALNY\u201d w Kielcach, przy ulicy Tarnowskiej 7. Rozpocz\u0119cie \u201eBIESIADY\u201d w hotelu \u201eKameralny\u201d o godz. 18oo. O godz. 17oo spotkanie uczestnik\u00f3w\u2026","rel":"","context":"W \u201eBarb\u00f3rka&quot;","block_context":{"text":"Barb\u00f3rka","link":"https:\/\/satg.pl\/geolog\/archiwa\/category\/barborka\/"},"img":{"alt_text":"","src":"https:\/\/i0.wp.com\/satg.pl\/geolog\/wp-content\/uploads\/2014\/11\/Sw.Barbara.jpg?fit=656%2C1132&ssl=1&resize=350%2C200","width":350,"height":200,"srcset":"https:\/\/i0.wp.com\/satg.pl\/geolog\/wp-content\/uploads\/2014\/11\/Sw.Barbara.jpg?fit=656%2C1132&ssl=1&resize=350%2C200 1x, https:\/\/i0.wp.com\/satg.pl\/geolog\/wp-content\/uploads\/2014\/11\/Sw.Barbara.jpg?fit=656%2C1132&ssl=1&resize=525%2C300 1.5x"},"classes":[]}],"jetpack_likes_enabled":true,"_links":{"self":[{"href":"https:\/\/satg.pl\/geolog\/wp-json\/wp\/v2\/posts\/21706","targetHints":{"allow":["GET"]}}],"collection":[{"href":"https:\/\/satg.pl\/geolog\/wp-json\/wp\/v2\/posts"}],"about":[{"href":"https:\/\/satg.pl\/geolog\/wp-json\/wp\/v2\/types\/post"}],"author":[{"embeddable":true,"href":"https:\/\/satg.pl\/geolog\/wp-json\/wp\/v2\/users\/1"}],"replies":[{"embeddable":true,"href":"https:\/\/satg.pl\/geolog\/wp-json\/wp\/v2\/comments?post=21706"}],"version-history":[{"count":1,"href":"https:\/\/satg.pl\/geolog\/wp-json\/wp\/v2\/posts\/21706\/revisions"}],"predecessor-version":[{"id":21707,"href":"https:\/\/satg.pl\/geolog\/wp-json\/wp\/v2\/posts\/21706\/revisions\/21707"}],"wp:attachment":[{"href":"https:\/\/satg.pl\/geolog\/wp-json\/wp\/v2\/media?parent=21706"}],"wp:term":[{"taxonomy":"category","embeddable":true,"href":"https:\/\/satg.pl\/geolog\/wp-json\/wp\/v2\/categories?post=21706"},{"taxonomy":"post_tag","embeddable":true,"href":"https:\/\/satg.pl\/geolog\/wp-json\/wp\/v2\/tags?post=21706"}],"curies":[{"name":"wp","href":"https:\/\/api.w.org\/{rel}","templated":true}]}}