{"id":21298,"date":"2020-01-12T14:16:55","date_gmt":"2020-01-12T13:16:55","guid":{"rendered":"http:\/\/satg.pl\/geolog\/?p=21298"},"modified":"2021-02-10T08:46:35","modified_gmt":"2021-02-10T07:46:35","slug":"spotkania-noworoczno-wyborcze","status":"publish","type":"post","link":"https:\/\/satg.pl\/geolog\/archiwa\/spotkania-noworoczno-wyborcze\/","title":{"rendered":"Spotkanie noworoczno-wyborcze"},"content":{"rendered":"\r\n<p>Zapraszamy Absolwent\u00f3w Technikum Geologicznego w Kielcach na spotkanie noworoczno-wyborcze, kt\u00f3re odb\u0119dzie si\u0119 17 stycznia 2020 roku o godzinie 15.30 w GeoCentrum na Wietrzni.<\/p>\r\n<p>Jednocze\u015bnie informujemy, \u017ce b\u0119dzie zbierana za ten rok sk\u0142adka cz\u0142onkowska w wysoko\u015bci 20 z\u0142. Mile widziane w\u0142asne produkty.<\/p>\r\n\r\n\r\n\r\n<div class=\"wp-block-group\">\r\n<div class=\"wp-block-group__inner-container is-layout-flow wp-block-group-is-layout-flow\"> \r\n\t\t\t\r\n\r\n\t\t\t<div style=\"display:block; width:100%;\">\r\n\r\n\t\t\t\t\r\n\t\t\t\r\n\t\t\t\t<div id=\"wpgmaps_directions_notification_3\" style=\"display:none;\">Pobieranie wskaz\u00f3wek......<\/div>\r\n\t\t\t\t<div id=\"wpgmaps_directions_reset_3\" style=\"display:none;\">\r\n\r\n\t\t\t\t\t<a href='javascript:void(0)' onclick='wpgmza_reset_directions(3);' id='wpgmaps_reset_directions' title='Wyczy\u015b\u0107 wskaz\u00f3wki'>Wyczy\u015b\u0107 wskaz\u00f3wki<\/a>\r\n\t\t\t\t\t<br \/>\r\n\t\t\t\t\t<a href='javascript: ;' id='wpgmaps_print_directions_3' target='_blank' title='Wyznaczanie trasy'>Wyznaczanie trasy<\/a>\r\n\t\t\t\t<\/div>\r\n\t\t\t\r\n\t\t\t\t<div id=\"directions_panel_3\"><\/div>\r\n\t\t\t\r\n\t\t\t<\/div>\r\n\r\n\t\t\t\r\n\t\t\t\r\n\t\t\t\r\n\r\n\t\t\t\r\n            <a name='map3'><\/a>\r\n\r\n\t\t\t<div class=\"wpgmza_map \" id=\"wpgmza_map_3\" style=\"display:block; overflow:auto; width:100%; height:400px; float:left;\" data-settings='{\"id\":\"3\",\"map_title\":\"Geopark\",\"map_width\":\"100\",\"map_height\":\"400\",\"map_start_lat\":\"50.852289\",\"map_start_lng\":\"20.649038\",\"map_start_location\":\"50.852289261736146,20.64903834883625\",\"map_start_zoom\":\"16\",\"default_marker\":\"0\",\"type\":\"1\",\"alignment\":\"1\",\"directions_enabled\":\"0\",\"styling_enabled\":\"0\",\"styling_json\":\"\",\"active\":\"0\",\"kml\":\"\",\"bicycle\":\"0\",\"traffic\":\"0\",\"dbox\":\"2\",\"dbox_width\":\"500\",\"listmarkers\":\"0\",\"listmarkers_advanced\":\"0\",\"filterbycat\":\"0\",\"ugm_enabled\":\"0\",\"ugm_category_enabled\":\"0\",\"fusion\":\"\",\"map_width_type\":\"\\\\%\",\"map_height_type\":\"px\",\"mass_marker_support\":\"0\",\"ugm_access\":\"0\",\"order_markers_by\":\"1\",\"order_markers_choice\":\"1\",\"show_user_location\":\"2\",\"default_to\":\"\",\"other_settings\":{\"wpgmza_store_locator_restrict\":\"\",\"store_locator_query_string\":\"Kod pocztowy\\\/Adres\",\"store_locator_name_string\":\"Title \\\/ Description:\",\"wpgmza_dbox_width_type\":\"px\",\"map_max_zoom\":\"3\",\"map_min_zoom\":\"21\",\"sl_stroke_color\":\"FF0000\",\"sl_stroke_opacity\":\"0.25\",\"sl_fill_color\":\"FF0000\",\"sl_fill_opacity\":\"0.15\",\"click_open_link\":2,\"transport_layer\":0,\"iw_primary_color\":\"2A3744\",\"iw_accent_color\":\"252F3A\",\"iw_text_color\":\"FFFFFF\",\"wpgmza_iw_type\":\"0\",\"list_markers_by\":\"0\",\"push_in_map\":\"\",\"push_in_map_placement\":\"9\",\"wpgmza_push_in_map_width\":\"\",\"wpgmza_push_in_map_height\":\"\",\"wpgmza_theme_data\":\"\",\"upload_default_ul_marker\":\"\",\"upload_default_sl_marker\":\"\",\"shortcodeAttributes\":{\"id\":\"3\"}}}' data-map-id='3' data-shortcode-attributes='{\"id\":\"3\"}' > <\/div>   \r\n\t\t\t\r\n\r\n\t\t\t\r\n\t\t\t\r\n\r\n         <\/div>\r\n<\/div>\r\n","protected":false},"excerpt":{"rendered":"<p>Zapraszamy Absolwent\u00f3w Technikum Geologicznego w Kielcach na spotkanie noworoczno-wyborcze, kt\u00f3re odb\u0119dzie si\u0119 17 stycznia 2020 roku o godzinie 15.30 w GeoCentrum na Wietrzni. Jednocze\u015bnie informujemy, \u017ce b\u0119dzie zbierana za ten rok sk\u0142adka cz\u0142onkowska w wysoko\u015bci 20 z\u0142. Mile widziane w\u0142asne produkty.<\/p>\n<p class=\"continue-reading-button\"> <a class=\"continue-reading-link\" href=\"https:\/\/satg.pl\/geolog\/archiwa\/spotkania-noworoczno-wyborcze\/\">Czytaj dalej<i class=\"crycon-right-dir\"><\/i><\/a><\/p>\n","protected":false},"author":1,"featured_media":20247,"comment_status":"open","ping_status":"open","sticky":false,"template":"","format":"standard","meta":{"ngg_post_thumbnail":0,"jetpack_post_was_ever_published":false,"_jetpack_newsletter_access":"","_jetpack_dont_email_post_to_subs":false,"_jetpack_newsletter_tier_id":0,"_jetpack_memberships_contains_paywalled_content":false,"_jetpack_memberships_contains_paid_content":false,"footnotes":"","jetpack_publicize_message":"","jetpack_publicize_feature_enabled":true,"jetpack_social_post_already_shared":false,"jetpack_social_options":{"image_generator_settings":{"template":"highway","default_image_id":0,"font":"","enabled":false},"version":2}},"categories":[11],"tags":[],"class_list":["post-21298","post","type-post","status-publish","format-standard","has-post-thumbnail","hentry","category-zebranie"],"jetpack_publicize_connections":[],"jetpack_featured_media_url":"https:\/\/i0.wp.com\/satg.pl\/geolog\/wp-content\/uploads\/2018\/01\/ecaa50c8b1eea5b5e1010578d6f26010_cr.jpg?fit=366%2C484&ssl=1","jetpack_sharing_enabled":true,"jetpack_shortlink":"https:\/\/wp.me\/p7jPbe-5xw","jetpack-related-posts":[{"id":21137,"url":"https:\/\/satg.pl\/geolog\/archiwa\/spotkanie-noworoczne-2\/","url_meta":{"origin":21298,"position":0},"title":"Spotkanie noworoczne","author":"Garapozales","date":"2019-01-08","format":false,"excerpt":"Zapraszamy Absolwent\u00f3w Technikum Geologicznego w Kielcach na spotkanie noworoczne, kt\u00f3re odb\u0119dzie si\u0119 w dniu 18.01.2019r. o godz. 16.00 w Geocentrum na Wietrzni. Mile widziane w\u0142asne produkty. Jednocze\u015bnie informujemy, \u017ce b\u0119dzie zbierana za ten rok sk\u0142adka cz\u0142onkowska w wysoko\u015bci 20 z\u0142. \u00a0\u00a0\u00a0\u00a0\u00a0\u00a0\u00a0\u00a0\u00a0\u00a0\u00a0\u00a0\u00a0\u00a0\u00a0\u00a0\u00a0\u00a0\u00a0\u00a0\u00a0\u00a0\u00a0\u00a0\u00a0\u00a0\u00a0\u00a0\u00a0\u00a0\u00a0\u00a0\u00a0\u00a0\u00a0\u00a0\u00a0\u00a0\u00a0\u00a0\u00a0\u00a0\u00a0\u00a0\u00a0\u00a0\u00a0\u00a0\u00a0\u00a0\u00a0\u00a0\u00a0\u00a0\u00a0\u00a0\u00a0\u00a0\u00a0\u00a0\u00a0\u00a0\u00a0\u00a0\u00a0\u00a0\u00a0\u00a0\u00a0\u00a0\u00a0\u00a0\u00a0\u00a0\u00a0\u00a0\u00a0\u00a0\u00a0\u00a0\u00a0\u00a0\u00a0\u00a0\u00a0\u00a0\u00a0\u00a0\u00a0\u00a0\u00a0\u00a0\u00a0\u00a0\u00a0\u00a0\u00a0\u00a0\u00a0\u00a0\u00a0\u00a0\u00a0\u00a0\u00a0\u00a0\u00a0\u00a0\u00a0\u00a0\u00a0\u00a0\u00a0\u00a0\u00a0\u00a0\u00a0\u00a0\u00a0 Za Zarz\u0105d: \u00a0\u00a0\u00a0\u00a0\u00a0\u00a0\u00a0\u00a0\u00a0\u00a0\u00a0\u00a0\u00a0\u00a0\u00a0\u00a0\u00a0\u00a0\u00a0\u00a0\u00a0\u00a0\u00a0\u00a0\u00a0\u00a0\u00a0\u00a0\u00a0\u00a0\u00a0\u00a0\u00a0\u00a0\u00a0\u00a0\u00a0\u00a0\u00a0\u00a0\u00a0\u00a0\u00a0\u00a0\u00a0\u00a0\u00a0\u00a0\u00a0\u00a0\u00a0\u00a0\u00a0\u00a0\u00a0\u00a0\u00a0\u00a0\u00a0\u00a0\u00a0\u00a0\u00a0\u00a0\u00a0\u00a0 \u00a0\u00a0\u00a0\u00a0\u00a0\u00a0\u00a0\u00a0\u00a0\u00a0\u00a0\u00a0\u00a0\u00a0\u00a0\u00a0\u00a0\u00a0\u00a0\u00a0\u00a0\u00a0\u00a0\u00a0\u00a0\u00a0\u00a0\u00a0\u00a0\u00a0\u00a0\u00a0\u00a0\u00a0\u00a0\u00a0\u00a0\u00a0\u00a0\u00a0\u00a0\u00a0\u00a0\u00a0\u00a0\u00a0\u00a0\u00a0\u00a0\u00a0\u00a0Marzena BD","rel":"","context":"W \u201eBez kategorii&quot;","block_context":{"text":"Bez kategorii","link":"https:\/\/satg.pl\/geolog\/archiwa\/category\/bez-kategorii\/"},"img":{"alt_text":"","src":"","width":0,"height":0},"classes":[]},{"id":20059,"url":"https:\/\/satg.pl\/geolog\/archiwa\/spotkanie-noworoczne\/","url_meta":{"origin":21298,"position":1},"title":"Spotkanie noworoczne","author":"Garapozales","date":"2017-01-05","format":false,"excerpt":"W dniu 9.01.2017 o godzinie 15:30 odb\u0119dzie si\u0119 spotkanie noworoczne Stowarzyszenia Absolwent\u00f3w Technikum Geologicznego w Centrum Geoedukacji na Wietrzni. Wszystkich zainteresowanych serdecznie zapraszamy. Zarz\u0105d SATG \u00a0","rel":"","context":"W \u201eBez kategorii&quot;","block_context":{"text":"Bez kategorii","link":"https:\/\/satg.pl\/geolog\/archiwa\/category\/bez-kategorii\/"},"img":{"alt_text":"","src":"","width":0,"height":0},"classes":[]},{"id":3042,"url":"https:\/\/satg.pl\/geolog\/archiwa\/spotkanie-rozliczeniowo-noworoczne\/","url_meta":{"origin":21298,"position":2},"title":"Spotkanie rozliczeniowo-noworoczne","author":"Garapozales","date":"2015-01-09","format":false,"excerpt":"W dniu 16 stycznia o godzinie 14.30 odb\u0119dzie si\u0119 spotkanie rozliczeniowo-noworoczne stowarzyszenia w Centrum Geoedukacji na Wietrzni. Wszystkich ch\u0119tnych zapraszamy. Zarz\u0105d SATG \u00a0","rel":"","context":"W \u201eBez kategorii&quot;","block_context":{"text":"Bez kategorii","link":"https:\/\/satg.pl\/geolog\/archiwa\/category\/bez-kategorii\/"},"img":{"alt_text":"","src":"","width":0,"height":0},"classes":[]},{"id":21554,"url":"https:\/\/satg.pl\/geolog\/archiwa\/spotkanie-oplatkowe-2\/","url_meta":{"origin":21298,"position":3},"title":"Geologiczne spotkanie op\u0142atkowe","author":"Garapozales","date":"2022-01-07","format":false,"excerpt":"14 stycznia (pi\u0105tek) 2022 roku w Geocentrum na Wietrzni odb\u0119dzie si\u0119 spotkanie op\u0142atkowe. Zapraszamy wszystkich Absolwent\u00f3w Technikum Geologicznego w Kielcach od godziny 15. Pocz\u0119stunek szykujemy we w\u0142asnym zakresie czyli ka\u017cdy przynosi co mo\u017ce. Mariola Dydak \u00a0 \u00a0 \u00a0 \u00a0 \u017bycz\u0119 wszystkim udanego spotkania w tym tak trudnym okresie. A Geocentrum\u2026","rel":"","context":"W \u201espotkania&quot;","block_context":{"text":"spotkania","link":"https:\/\/satg.pl\/geolog\/archiwa\/category\/spotkania\/"},"img":{"alt_text":"","src":"https:\/\/i0.wp.com\/satg.pl\/geolog\/wp-content\/uploads\/2022\/01\/20220107_0803260.jpg?fit=1200%2C541&ssl=1&resize=350%2C200","width":350,"height":200,"srcset":"https:\/\/i0.wp.com\/satg.pl\/geolog\/wp-content\/uploads\/2022\/01\/20220107_0803260.jpg?fit=1200%2C541&ssl=1&resize=350%2C200 1x, https:\/\/i0.wp.com\/satg.pl\/geolog\/wp-content\/uploads\/2022\/01\/20220107_0803260.jpg?fit=1200%2C541&ssl=1&resize=525%2C300 1.5x, https:\/\/i0.wp.com\/satg.pl\/geolog\/wp-content\/uploads\/2022\/01\/20220107_0803260.jpg?fit=1200%2C541&ssl=1&resize=700%2C400 2x, https:\/\/i0.wp.com\/satg.pl\/geolog\/wp-content\/uploads\/2022\/01\/20220107_0803260.jpg?fit=1200%2C541&ssl=1&resize=1050%2C600 3x"},"classes":[]},{"id":20246,"url":"https:\/\/satg.pl\/geolog\/archiwa\/spotkanie-oplatkowe\/","url_meta":{"origin":21298,"position":4},"title":"Spotkanie op\u0142atkowe","author":"Garapozales","date":"2018-01-05","format":false,"excerpt":"Spotkanie op\u0142atkowe Absolwent\u00f3w Technikum Geologicznego odb\u0119dzie si\u0119 12 stycznia o godzinie 15 w Geocentrum na Wietrzni. Serdecznie zapraszamy. Pozdrawiam Mariola Dydak P.S. Zaopatrzenie we w\u0142asnym zakresie W okolice Centrum Geoedukacji z centrum Kielc z przystanku Czarnowska lub Paderewskiego \/ Sienkiewicza do przystanku Wojska Pol \/ Jana Karskiego kursuje linia nr\u2026","rel":"","context":"W \u201eBez kategorii&quot;","block_context":{"text":"Bez kategorii","link":"https:\/\/satg.pl\/geolog\/archiwa\/category\/bez-kategorii\/"},"img":{"alt_text":"","src":"https:\/\/i0.wp.com\/satg.pl\/geolog\/wp-content\/uploads\/2018\/01\/ecaa50c8b1eea5b5e1010578d6f26010_cr.jpg?fit=366%2C484&ssl=1&resize=350%2C200","width":350,"height":200},"classes":[]},{"id":22255,"url":"https:\/\/satg.pl\/geolog\/archiwa\/spotkanie-oplatkowe-4\/","url_meta":{"origin":21298,"position":5},"title":"Spotkanie op\u0142atkowe","author":"Garapozales","date":"2024-12-15","format":false,"excerpt":"Zarz\u0105d SATG zaprasza na spotkanie op\u0142atkowe 17 stycznia 2025 w CEG na Wietrzni, godzina 16:00. Zapraszamy z w\u0142asnymi wyrobami kulinarnymi. Prezes Jan Kowalski \u00a0","rel":"","context":"W \u201eBez kategorii&quot;","block_context":{"text":"Bez kategorii","link":"https:\/\/satg.pl\/geolog\/archiwa\/category\/bez-kategorii\/"},"img":{"alt_text":"","src":"https:\/\/i0.wp.com\/satg.pl\/geolog\/wp-content\/uploads\/2022\/01\/20220107_0803260.jpg?fit=1200%2C541&ssl=1&resize=350%2C200","width":350,"height":200,"srcset":"https:\/\/i0.wp.com\/satg.pl\/geolog\/wp-content\/uploads\/2022\/01\/20220107_0803260.jpg?fit=1200%2C541&ssl=1&resize=350%2C200 1x, https:\/\/i0.wp.com\/satg.pl\/geolog\/wp-content\/uploads\/2022\/01\/20220107_0803260.jpg?fit=1200%2C541&ssl=1&resize=525%2C300 1.5x, https:\/\/i0.wp.com\/satg.pl\/geolog\/wp-content\/uploads\/2022\/01\/20220107_0803260.jpg?fit=1200%2C541&ssl=1&resize=700%2C400 2x, https:\/\/i0.wp.com\/satg.pl\/geolog\/wp-content\/uploads\/2022\/01\/20220107_0803260.jpg?fit=1200%2C541&ssl=1&resize=1050%2C600 3x"},"classes":[]}],"jetpack_likes_enabled":true,"_links":{"self":[{"href":"https:\/\/satg.pl\/geolog\/wp-json\/wp\/v2\/posts\/21298","targetHints":{"allow":["GET"]}}],"collection":[{"href":"https:\/\/satg.pl\/geolog\/wp-json\/wp\/v2\/posts"}],"about":[{"href":"https:\/\/satg.pl\/geolog\/wp-json\/wp\/v2\/types\/post"}],"author":[{"embeddable":true,"href":"https:\/\/satg.pl\/geolog\/wp-json\/wp\/v2\/users\/1"}],"replies":[{"embeddable":true,"href":"https:\/\/satg.pl\/geolog\/wp-json\/wp\/v2\/comments?post=21298"}],"version-history":[{"count":5,"href":"https:\/\/satg.pl\/geolog\/wp-json\/wp\/v2\/posts\/21298\/revisions"}],"predecessor-version":[{"id":21462,"href":"https:\/\/satg.pl\/geolog\/wp-json\/wp\/v2\/posts\/21298\/revisions\/21462"}],"wp:featuredmedia":[{"embeddable":true,"href":"https:\/\/satg.pl\/geolog\/wp-json\/wp\/v2\/media\/20247"}],"wp:attachment":[{"href":"https:\/\/satg.pl\/geolog\/wp-json\/wp\/v2\/media?parent=21298"}],"wp:term":[{"taxonomy":"category","embeddable":true,"href":"https:\/\/satg.pl\/geolog\/wp-json\/wp\/v2\/categories?post=21298"},{"taxonomy":"post_tag","embeddable":true,"href":"https:\/\/satg.pl\/geolog\/wp-json\/wp\/v2\/tags?post=21298"}],"curies":[{"name":"wp","href":"https:\/\/api.w.org\/{rel}","templated":true}]}}