{"id":21050,"date":"2018-11-25T22:24:27","date_gmt":"2018-11-25T21:24:27","guid":{"rendered":"http:\/\/satg.pl\/geolog\/?p=21050"},"modified":"2018-11-27T15:57:59","modified_gmt":"2018-11-27T14:57:59","slug":"barborka-kilka-zdjec-po-czesc-1","status":"publish","type":"post","link":"https:\/\/satg.pl\/geolog\/archiwa\/barborka-kilka-zdjec-po-czesc-1\/","title":{"rendered":"Barb\u00f3rka &#8211; kilka zdj\u0119\u0107 po, cz\u0119\u015b\u0107 1 i 2 i 3 i 4"},"content":{"rendered":"<p>I po Barb\u00f3rce. Relacja zdj\u0119ciowa cz\u0119\u015b\u0107 1 i 2 i 3 i 4&nbsp; (f. MBD i ZG, MD i SM)<\/p>\nngg_shortcode_0_placeholder\n","protected":false},"excerpt":{"rendered":"<p>I po Barb\u00f3rce. Relacja zdj\u0119ciowa cz\u0119\u015b\u0107 1 i 2 i 3 i 4&nbsp; (f. MBD i ZG, MD i SM)<\/p>\n<p class=\"continue-reading-button\"> <a class=\"continue-reading-link\" href=\"https:\/\/satg.pl\/geolog\/archiwa\/barborka-kilka-zdjec-po-czesc-1\/\">Czytaj dalej<i class=\"crycon-right-dir\"><\/i><\/a><\/p>\n","protected":false},"author":1,"featured_media":19485,"comment_status":"open","ping_status":"open","sticky":false,"template":"","format":"standard","meta":{"ngg_post_thumbnail":0,"jetpack_post_was_ever_published":false,"_jetpack_newsletter_access":"","_jetpack_dont_email_post_to_subs":false,"_jetpack_newsletter_tier_id":0,"_jetpack_memberships_contains_paywalled_content":false,"_jetpack_memberships_contains_paid_content":false,"footnotes":"","jetpack_publicize_message":"","jetpack_publicize_feature_enabled":true,"jetpack_social_post_already_shared":true,"jetpack_social_options":{"image_generator_settings":{"template":"highway","default_image_id":0,"font":"","enabled":false},"version":2}},"categories":[1],"tags":[],"class_list":["post-21050","post","type-post","status-publish","format-standard","has-post-thumbnail","hentry","category-bez-kategorii"],"jetpack_publicize_connections":[],"jetpack_featured_media_url":"https:\/\/i0.wp.com\/satg.pl\/geolog\/wp-content\/uploads\/2016\/10\/godlo-gornicze.png?fit=220%2C220&ssl=1","jetpack_sharing_enabled":true,"jetpack_shortlink":"https:\/\/wp.me\/p7jPbe-5tw","jetpack-related-posts":[{"id":1611,"url":"https:\/\/satg.pl\/geolog\/archiwa\/po-zjezdzie\/","url_meta":{"origin":21050,"position":0},"title":"Po zje\u017adzie","author":"Garapozales","date":"2013-06-20","format":false,"excerpt":"Nadszed\u0142 czas na podsumowanie X (IX cyklicznego) Zjazdu Absolwent\u00f3w Technikum Geologicznego. Troch\u0119 ju\u017c dni min\u0119\u0142o, ale po takim energicznym czasie to i si\u0142y trzeba na powr\u00f3t by\u0142o zebra\u0107. Zgodnie z planem cz\u0119\u015b\u0107 nieoficjalna rozpocz\u0119\u0142a si\u0119 msz\u0105 \u015bwi\u0119t\u0105 w katedrze, kt\u00f3r\u0105 prowadzi\u0142 oczywi\u015bcie nasz absolwent z udzia\u0142em pocztu sztandarowego i sztandaru\u2026","rel":"","context":"W \u201eBez kategorii&quot;","block_context":{"text":"Bez kategorii","link":"https:\/\/satg.pl\/geolog\/archiwa\/category\/bez-kategorii\/"},"img":{"alt_text":"wpis_po_1","src":"https:\/\/i0.wp.com\/satg.pl\/geolog\/wp-content\/uploads\/2013\/06\/wpis_po_1-300x199.jpg?resize=350%2C200","width":350,"height":200},"classes":[]},{"id":2132,"url":"https:\/\/satg.pl\/geolog\/archiwa\/z-kufra-5-czesc\/","url_meta":{"origin":21050,"position":1},"title":"z kufra 5 cz\u0119\u015b\u0107","author":"Garapozales","date":"2014-05-20","format":false,"excerpt":"Kolejna porcja zdj\u0119\u0107 \"wyci\u0105gni\u0119tych z kufra\". Kiedy to by\u0142o? Co wtedy by\u0142o? Jak by\u0142o? Jest tylko pytanie. Ka\u017cde zdj\u0119cie opatrzone jest numerem. Zdj\u0119cie jest dla Ciebie znajome i wiesz co\u015b na temat czasu wykonania (itp) - pisz.","rel":"","context":"W \u201eBez kategorii&quot;","block_context":{"text":"Bez kategorii","link":"https:\/\/satg.pl\/geolog\/archiwa\/category\/bez-kategorii\/"},"img":{"alt_text":"","src":"https:\/\/i0.wp.com\/satg.pl\/geolog\/wp-content\/uploads\/ngg_featured\/TG_bd_046.jpg?fit=1114%2C759&ssl=1&resize=350%2C200","width":350,"height":200,"srcset":"https:\/\/i0.wp.com\/satg.pl\/geolog\/wp-content\/uploads\/ngg_featured\/TG_bd_046.jpg?fit=1114%2C759&ssl=1&resize=350%2C200 1x, https:\/\/i0.wp.com\/satg.pl\/geolog\/wp-content\/uploads\/ngg_featured\/TG_bd_046.jpg?fit=1114%2C759&ssl=1&resize=525%2C300 1.5x, https:\/\/i0.wp.com\/satg.pl\/geolog\/wp-content\/uploads\/ngg_featured\/TG_bd_046.jpg?fit=1114%2C759&ssl=1&resize=700%2C400 2x, https:\/\/i0.wp.com\/satg.pl\/geolog\/wp-content\/uploads\/ngg_featured\/TG_bd_046.jpg?fit=1114%2C759&ssl=1&resize=1050%2C600 3x"},"classes":[]},{"id":21793,"url":"https:\/\/satg.pl\/geolog\/archiwa\/zjazd-absolwentow-technikum-geologicznego-okiem-reportera-czesc-kielecka\/","url_meta":{"origin":21050,"position":2},"title":"Zjazd Absolwent\u00f3w Technikum Geologicznego okiem reportera &#8211; cz\u0119\u015b\u0107 kielecka","author":"Garapozales","date":"2023-06-26","format":false,"excerpt":"https:\/\/echodnia.eu\/swietokrzyskie\/wyjatkowy-zjazd-absolwentow-i-jubileusz-technikum-geologicznego-w-kielcach-przyjechaly-setki-osob-z-calej-polski\/ar\/c5-17662463","rel":"","context":"W \u201eBez kategorii&quot;","block_context":{"text":"Bez kategorii","link":"https:\/\/satg.pl\/geolog\/archiwa\/category\/bez-kategorii\/"},"img":{"alt_text":"","src":"","width":0,"height":0},"classes":[]},{"id":1563,"url":"https:\/\/satg.pl\/geolog\/archiwa\/komunikat-3-2\/","url_meta":{"origin":21050,"position":3},"title":"Komunikat 3","author":"Garapozales","date":"2013-04-23","format":false,"excerpt":"Kole\u017canki i Koledzy !!! Na dzisiejszym zebraniu ustalono nast\u0119puj\u0105ce szczeg\u00f3\u0142y organizacyjne Zjazdu: 1. Po mszy \u015bw. w Katedrze o godz. 13.00, idziemy do by\u0142ych szk\u00f3\u0142 - za grupy odpowiedzialni s\u0105 : szko\u0142a na \u015aciegiennego : Wies\u0142aw Tokarski i W\u0142adys\u0142aw Kamusi\u0144ski szko\u0142a na Al. Legion\u00f3w : Stanis\u0142aw Dziura i Piotr Szrek\u2026","rel":"","context":"W \u201eBez kategorii&quot;","block_context":{"text":"Bez kategorii","link":"https:\/\/satg.pl\/geolog\/archiwa\/category\/bez-kategorii\/"},"img":{"alt_text":"","src":"https:\/\/i0.wp.com\/satg.pl\/geolog\/wp-content\/uploads\/2013\/05\/zjazd2_tab.jpg?fit=775%2C790&ssl=1&resize=350%2C200","width":350,"height":200,"srcset":"https:\/\/i0.wp.com\/satg.pl\/geolog\/wp-content\/uploads\/2013\/05\/zjazd2_tab.jpg?fit=775%2C790&ssl=1&resize=350%2C200 1x, https:\/\/i0.wp.com\/satg.pl\/geolog\/wp-content\/uploads\/2013\/05\/zjazd2_tab.jpg?fit=775%2C790&ssl=1&resize=525%2C300 1.5x, https:\/\/i0.wp.com\/satg.pl\/geolog\/wp-content\/uploads\/2013\/05\/zjazd2_tab.jpg?fit=775%2C790&ssl=1&resize=700%2C400 2x"},"classes":[]},{"id":739,"url":"https:\/\/satg.pl\/geolog\/archiwa\/po-zebraniu-zarzadu\/","url_meta":{"origin":21050,"position":4},"title":"Po zebraniu zarz\u0105du &#8211; ZAPROSZENIE na BARB\u00f3RK\u0118","author":"Garapozales","date":"2011-10-16","format":false,"excerpt":"Dnia 14.10 odby\u0142o si\u0119 zebranie zarz\u0105du. Z zebrania Zarz\u0105du: Om\u00f3wiono sprz\u0105tanie grob\u00f3w i zapalenie zniczy w dniu \u015aw. Zmar\u0142ych na grobach nauczycieli. Zapoznano si\u0119 z post\u0119pem prac w Centrum Geoedukacji \u201eWietrznia\u201d. Uroczyste otwarcie planowane jest na wiosn\u0119 2012r. Prawdopodobnie jedna z sal b\u0119dzie nazwana im. J. Kami\u0144skiego. Jest propozycja, \u017ceby\u2026","rel":"","context":"W \u201eBarb\u00f3rka&quot;","block_context":{"text":"Barb\u00f3rka","link":"https:\/\/satg.pl\/geolog\/archiwa\/category\/barborka\/"},"img":{"alt_text":"","src":"https:\/\/i0.wp.com\/satg.pl\/geolog\/wp-content\/uploads\/2011\/10\/SATG_Biuletyn-1.jpg?fit=595%2C842&ssl=1&resize=350%2C200","width":350,"height":200,"srcset":"https:\/\/i0.wp.com\/satg.pl\/geolog\/wp-content\/uploads\/2011\/10\/SATG_Biuletyn-1.jpg?fit=595%2C842&ssl=1&resize=350%2C200 1x, https:\/\/i0.wp.com\/satg.pl\/geolog\/wp-content\/uploads\/2011\/10\/SATG_Biuletyn-1.jpg?fit=595%2C842&ssl=1&resize=525%2C300 1.5x"},"classes":[]},{"id":651,"url":"https:\/\/satg.pl\/geolog\/archiwa\/barborka-w-swietle-legendy-o-sw-barbarze\/","url_meta":{"origin":21050,"position":5},"title":"Barb\u00f3rka w \u015bwietle legendy o \u015bw. Barbarze","author":"Garapozales","date":"2011-10-01","format":false,"excerpt":"Wed\u0142ug legendy, \u015bwi\u0119ta Barbara urodzi\u0142a si\u0119 w Nikomedii, na terenie obecnej Turcji w III wieku naszej ery.By\u0142a c\u00f3rk\u0105 bogatego i wp\u0142ywowego kupca, poganina, kt\u00f3ry za wszelk\u0105 cen\u0119 chcia\u0142 uchroni\u0107 j\u0105 przed chrze\u015bcija\u0144stwem. Barbara jednak potajemnie uczestniczy\u0142a w spotkaniach niewielkiej grupki chrze\u015bcijan. W zwi\u0105zku z tym, ojciec wybudowa\u0142 warown\u0105 wie\u017c\u0119, w\u2026","rel":"","context":"W \u201eBarb\u00f3rka&quot;","block_context":{"text":"Barb\u00f3rka","link":"https:\/\/satg.pl\/geolog\/archiwa\/category\/barborka\/"},"img":{"alt_text":"","src":"https:\/\/i0.wp.com\/satg.pl\/geolog\/wp-content\/uploads\/2011\/10\/borzygniew.jpg?fit=959%2C606&ssl=1&resize=350%2C200","width":350,"height":200,"srcset":"https:\/\/i0.wp.com\/satg.pl\/geolog\/wp-content\/uploads\/2011\/10\/borzygniew.jpg?fit=959%2C606&ssl=1&resize=350%2C200 1x, https:\/\/i0.wp.com\/satg.pl\/geolog\/wp-content\/uploads\/2011\/10\/borzygniew.jpg?fit=959%2C606&ssl=1&resize=525%2C300 1.5x, https:\/\/i0.wp.com\/satg.pl\/geolog\/wp-content\/uploads\/2011\/10\/borzygniew.jpg?fit=959%2C606&ssl=1&resize=700%2C400 2x"},"classes":[]}],"jetpack_likes_enabled":true,"_links":{"self":[{"href":"https:\/\/satg.pl\/geolog\/wp-json\/wp\/v2\/posts\/21050","targetHints":{"allow":["GET"]}}],"collection":[{"href":"https:\/\/satg.pl\/geolog\/wp-json\/wp\/v2\/posts"}],"about":[{"href":"https:\/\/satg.pl\/geolog\/wp-json\/wp\/v2\/types\/post"}],"author":[{"embeddable":true,"href":"https:\/\/satg.pl\/geolog\/wp-json\/wp\/v2\/users\/1"}],"replies":[{"embeddable":true,"href":"https:\/\/satg.pl\/geolog\/wp-json\/wp\/v2\/comments?post=21050"}],"version-history":[{"count":12,"href":"https:\/\/satg.pl\/geolog\/wp-json\/wp\/v2\/posts\/21050\/revisions"}],"predecessor-version":[{"id":21188,"href":"https:\/\/satg.pl\/geolog\/wp-json\/wp\/v2\/posts\/21050\/revisions\/21188"}],"wp:featuredmedia":[{"embeddable":true,"href":"https:\/\/satg.pl\/geolog\/wp-json\/wp\/v2\/media\/19485"}],"wp:attachment":[{"href":"https:\/\/satg.pl\/geolog\/wp-json\/wp\/v2\/media?parent=21050"}],"wp:term":[{"taxonomy":"category","embeddable":true,"href":"https:\/\/satg.pl\/geolog\/wp-json\/wp\/v2\/categories?post=21050"},{"taxonomy":"post_tag","embeddable":true,"href":"https:\/\/satg.pl\/geolog\/wp-json\/wp\/v2\/tags?post=21050"}],"curies":[{"name":"wp","href":"https:\/\/api.w.org\/{rel}","templated":true}]}}