{"id":20296,"date":"2018-02-16T19:51:48","date_gmt":"2018-02-16T18:51:48","guid":{"rendered":"http:\/\/satg.pl\/geolog\/?p=20296"},"modified":"2018-02-16T19:58:58","modified_gmt":"2018-02-16T18:58:58","slug":"xi-zjazd-komunikat-nr-2","status":"publish","type":"post","link":"https:\/\/satg.pl\/geolog\/archiwa\/xi-zjazd-komunikat-nr-2\/","title":{"rendered":"XI ZJAZD &#8211; komunikat nr 2"},"content":{"rendered":"<p><strong><a href=\"https:\/\/i0.wp.com\/satg.pl\/geolog\/wp-content\/uploads\/2010\/06\/tg_tarcza.jpg?ssl=1\"><img data-recalc-dims=\"1\" loading=\"lazy\" decoding=\"async\" data-attachment-id=\"12349\" data-permalink=\"https:\/\/satg.pl\/geolog\/archiwa\/osloniecie-bez-odsloniecia\/tg_tarcza\/\" data-orig-file=\"https:\/\/i0.wp.com\/satg.pl\/geolog\/wp-content\/uploads\/2010\/06\/tg_tarcza.jpg?fit=212%2C257&amp;ssl=1\" data-orig-size=\"212,257\" data-comments-opened=\"1\" data-image-meta=\"{&quot;aperture&quot;:&quot;0&quot;,&quot;credit&quot;:&quot;&quot;,&quot;camera&quot;:&quot;&quot;,&quot;caption&quot;:&quot;&quot;,&quot;created_timestamp&quot;:&quot;0&quot;,&quot;copyright&quot;:&quot;&quot;,&quot;focal_length&quot;:&quot;0&quot;,&quot;iso&quot;:&quot;0&quot;,&quot;shutter_speed&quot;:&quot;0&quot;,&quot;title&quot;:&quot;&quot;,&quot;orientation&quot;:&quot;1&quot;}\" data-image-title=\"tg_tarcza\" data-image-description=\"\" data-image-caption=\"\" data-large-file=\"https:\/\/i0.wp.com\/satg.pl\/geolog\/wp-content\/uploads\/2010\/06\/tg_tarcza.jpg?fit=212%2C257&amp;ssl=1\" class=\"alignleft size-full wp-image-12349\" src=\"https:\/\/i0.wp.com\/satg.pl\/geolog\/wp-content\/uploads\/2010\/06\/tg_tarcza.jpg?resize=212%2C257&#038;ssl=1\" alt=\"\" width=\"212\" height=\"257\" srcset=\"https:\/\/i0.wp.com\/satg.pl\/geolog\/wp-content\/uploads\/2010\/06\/tg_tarcza.jpg?w=212&amp;ssl=1 212w, https:\/\/i0.wp.com\/satg.pl\/geolog\/wp-content\/uploads\/2010\/06\/tg_tarcza.jpg?resize=124%2C150&amp;ssl=1 124w\" sizes=\"auto, (max-width: 212px) 100vw, 212px\" \/><\/a>Komunikat nr 2<\/strong><\/p>\n<p><strong>Komitetu organizacyjnego Zjazdu Absolwent\u00f3w TG Kielce na<\/strong><\/p>\n<p><strong>XI Zjazd&nbsp; w dniach 16-17 czerwca 2018r. w Ameli\u00f3wce <\/strong><\/p>\n<p><strong>&nbsp;<\/strong><strong>Zjazd sk\u0142ada si\u0119 z 2 cz\u0119\u015bci:<\/strong><\/p>\n<p><strong>&nbsp;<\/strong><\/p>\n<ol>\n<li><strong> Uroczysto\u015bci oficjalne (bezp\u0142atne)<\/strong><\/li>\n<li><strong> Bankiet w Ameli\u00f3wce<\/strong><\/li>\n<\/ol>\n<p>&nbsp;<\/p>\n<ol>\n<li><strong> <u>Uroczysto\u015bci oficjalne :<\/u><\/strong><\/li>\n<\/ol>\n<ul>\n<li>msza \u015bwi\u0119ta w Bazylice Katedralnej o godz. 13,00 z udzia\u0142em pocztu sztandarowego<\/li>\n<li>zbiorowa fotografia po mszy na schodach papieskich<\/li>\n<li>odwiedziny w dawnych siedzibach szko\u0142y i przej\u015bcie do grobu \u015b.p. Dyrektora Jana Kami\u0144skiego<\/li>\n<li>przejazd autokarami do Centrum Geoedukacji na Wietrzni,<\/li>\n<li>rejestracja uczestnik\u00f3w Bankietu wAmeli\u00f3wce w sekretariacie nr 1 oraz rozdanie identyfikator\u00f3w.<\/li>\n<\/ul>\n<ul>\n<li>Oficjalne otwarcie Zjazdu w auli konferencyjnej Geocentrum<\/li>\n<li>Kr\u00f3tka relacja z dzia\u0142alno\u015bci Stowarzyszenia Absolwent\u00f3w TG<\/li>\n<li>zwiedzanie obiektu, ogl\u0105danie kronik szkolnych&nbsp; i \u201eGagat\u00f3w\u201d<\/li>\n<\/ul>\n<p>&nbsp;<\/p>\n<ol>\n<li><strong> <u>Bankiet w Ameli\u00f3wce<\/u><\/strong><\/li>\n<\/ol>\n<p><strong><u>&nbsp;<\/u><\/strong><\/p>\n<ul>\n<li>wyjazd autokarem do Ameli\u00f3wki godz. 17.00 &#8211; 18.00<\/li>\n<li>rejestracja w sekretariacie nr 2 Zjazdu &#8211; przydzia\u0142 pokoi rocznikami<\/li>\n<li>rozpocz\u0119cie bankietu ok. godz. 18.30<\/li>\n<li>dnia 17.06.18&#8242; &#8211; \u015bniadanie, ognisko<\/li>\n<li>o godz. 12.00 zako\u0144czenie Zjazdu i wyjazd autokarem do Kielc<\/li>\n<\/ul>\n<p>&nbsp;<\/p>\n<p>&nbsp;&nbsp;&nbsp;&nbsp;&nbsp; <strong>Op\u0142ata za udzia\u0142 w Bankiecie wynosi: 250 z\u0142&nbsp; (ma\u0142\u017ce\u0144stwa absolwenckie TG &#8211; 400 z\u0142). <\/strong><\/p>\n<p><strong>&nbsp;&nbsp;&nbsp;&nbsp;&nbsp; Wp\u0142at nale\u017cy dokonywa\u0107 na konto w PKO BP S.A. Oddzia\u0142 2 w Kielcach <\/strong><\/p>\n<p><strong>&nbsp;&nbsp;&nbsp;&nbsp;&nbsp;&nbsp; nr: 17 1020 2629 0000 9902 0268 2136&nbsp;&nbsp; z dopiskiem \u201e XI Zjazd &#8211; i&nbsp; rok uko\u0144czenia szko\u0142y &#8221; <\/strong><\/p>\n<p><strong>&nbsp;<\/strong><\/p>\n<p>wzgl\u0119dnie u kole\u017canek:<\/p>\n<p>&#8211;&nbsp; Marioli Dydak&nbsp; w PIG&nbsp; w Kielcach, ul. Zgoda, tel. 41 361 25 37 w. 221<br \/>\n&#8211;&nbsp; Kazimiery Doroz w PG&nbsp;&nbsp; Kielce ul. Hauke Bosaka 2A &#8211; tel. 41 365 10 00<\/p>\n<p>&#8211;&nbsp; Marzeny Bakalarz-Doropowicz, ul. Cha\u0142ubi\u0144skiego 42- tel.&nbsp; 608 862 487.<\/p>\n<p>&nbsp;<\/p>\n<p><strong>Ze wzgl\u0119d\u00f3w organizacyjnych prosimy o wp\u0142aty wy\u0142\u0105cznie do 03 czerwca&nbsp; 2018r. <\/strong><\/p>\n<p><strong>Nie b\u0119dzie mo\u017cliwo\u015bci wp\u0142at w dniu Zjazdu.<\/strong><\/p>\n<p><strong>&nbsp;<\/strong><\/p>\n<p>Mo\u017cna ju\u017c indywidualnie rezerwowa\u0107 pokoje, gdy\u017c my rezerwujemy pokoje na klasy, w zale\u017cno\u015bci od liczebno\u015bci os\u00f3b z danego rocznika.<\/p>\n<p>Na has\u0142o &#8222;GEOLODZY&#8221; &#8211; cena za pok\u00f3j 1- os. 100z\u0142; 2-os. &#8211; 180 z\u0142. ; 3- os. &#8211; 250z\u0142.<\/p>\n<p>W ramach pobytu uczestnicy Zjazdu mog\u0105 korzysta\u0107 z nowej strefy SPA .<\/p>\n<p>Dane kont. hotelu: M\u0105chocice Kapitulne 176,26-001 Mas\u0142\u00f3w, tel.: +48 41 311 07 97 ,+48 41 311 07 99<strong><br \/>\n<\/strong>&nbsp;e-mail: hotel@ameliowka.pl<\/p>\n<p><strong>Prosz\u0119 o rozpropagowanie informacji.<\/strong><\/p>\n<p><strong>&nbsp;&nbsp;&nbsp;&nbsp;&nbsp;&nbsp;&nbsp;&nbsp;&nbsp;&nbsp;&nbsp;&nbsp;&nbsp;&nbsp;&nbsp;&nbsp;&nbsp;&nbsp;&nbsp;&nbsp;&nbsp;&nbsp;&nbsp;&nbsp;&nbsp;&nbsp;&nbsp;&nbsp;&nbsp;&nbsp;&nbsp;&nbsp; <\/strong><strong>Przewodnicz\u0105ca KOZ<\/strong><\/p>\n<p><strong>&nbsp;&nbsp;&nbsp;&nbsp;&nbsp;&nbsp;&nbsp;&nbsp;&nbsp;&nbsp;&nbsp;&nbsp;&nbsp;&nbsp;&nbsp;&nbsp;&nbsp;&nbsp;&nbsp;&nbsp;&nbsp;&nbsp;&nbsp;&nbsp;&nbsp;&nbsp;&nbsp;&nbsp;&nbsp;&nbsp;&nbsp;&nbsp;&nbsp;&nbsp;&nbsp;&nbsp;&nbsp;&nbsp; Marzena Bakalarz-Doropowicz<\/strong><\/p>\n","protected":false},"excerpt":{"rendered":"<p>Komunikat nr 2 Komitetu organizacyjnego Zjazdu Absolwent\u00f3w TG Kielce na XI Zjazd&nbsp; w dniach 16-17 czerwca 2018r. w Ameli\u00f3wce &nbsp;Zjazd sk\u0142ada si\u0119 z 2 cz\u0119\u015bci: &nbsp; Uroczysto\u015bci oficjalne (bezp\u0142atne) Bankiet w Ameli\u00f3wce &nbsp; Uroczysto\u015bci oficjalne : msza \u015bwi\u0119ta w Bazylice Katedralnej o godz. 13,00 z udzia\u0142em pocztu sztandarowego zbiorowa fotografia\u2026<\/p>\n<p class=\"continue-reading-button\"> <a class=\"continue-reading-link\" href=\"https:\/\/satg.pl\/geolog\/archiwa\/xi-zjazd-komunikat-nr-2\/\">Czytaj dalej<i class=\"crycon-right-dir\"><\/i><\/a><\/p>\n","protected":false},"author":1,"featured_media":12349,"comment_status":"open","ping_status":"open","sticky":false,"template":"","format":"standard","meta":{"ngg_post_thumbnail":0,"jetpack_post_was_ever_published":false,"_jetpack_newsletter_access":"","_jetpack_dont_email_post_to_subs":false,"_jetpack_newsletter_tier_id":0,"_jetpack_memberships_contains_paywalled_content":false,"_jetpack_memberships_contains_paid_content":false,"footnotes":"","jetpack_publicize_message":"","jetpack_publicize_feature_enabled":true,"jetpack_social_post_already_shared":true,"jetpack_social_options":{"image_generator_settings":{"template":"highway","default_image_id":0,"font":"","enabled":false},"version":2}},"categories":[4,5,12],"tags":[],"class_list":["post-20296","post","type-post","status-publish","format-standard","has-post-thumbnail","hentry","category-jubileusz","category-kielce","category-zjazd"],"jetpack_publicize_connections":[],"jetpack_featured_media_url":"https:\/\/i0.wp.com\/satg.pl\/geolog\/wp-content\/uploads\/2010\/06\/tg_tarcza.jpg?fit=212%2C257&ssl=1","jetpack_sharing_enabled":true,"jetpack_shortlink":"https:\/\/wp.me\/p7jPbe-5hm","jetpack-related-posts":[{"id":1575,"url":"https:\/\/satg.pl\/geolog\/archiwa\/komunikat-nr-5-zjazd\/","url_meta":{"origin":20296,"position":0},"title":"Komunikat nr 5 &#8211; Zjazd","author":"Garapozales","date":"2013-05-09","format":false,"excerpt":"Kole\u017canki i Koledzy!! Zjazd sk\u0142ada si\u0119 z 2 cz\u0119\u015bci: A i B A. Uroczysto\u015bci oficjalne (bezp\u0142atne) B. Bankiet w Ameli\u00f3wce W cz\u0119\u015bci oficjalnej przewidujemy: - msza \u015bwi\u0119ta w Bazylice Katedralnej o godz. 13, 00 z udzia\u0142em pocztu sztandarowego - zbiorowa fotografia po mszy na schodach papieskich - odwiedziny w dawnych\u2026","rel":"","context":"W \u201eBez kategorii&quot;","block_context":{"text":"Bez kategorii","link":"https:\/\/satg.pl\/geolog\/archiwa\/category\/bez-kategorii\/"},"img":{"alt_text":"","src":"https:\/\/i0.wp.com\/satg.pl\/geolog\/wp-content\/uploads\/2013\/05\/zjazd2_tab.jpg?fit=775%2C790&ssl=1&resize=350%2C200","width":350,"height":200,"srcset":"https:\/\/i0.wp.com\/satg.pl\/geolog\/wp-content\/uploads\/2013\/05\/zjazd2_tab.jpg?fit=775%2C790&ssl=1&resize=350%2C200 1x, https:\/\/i0.wp.com\/satg.pl\/geolog\/wp-content\/uploads\/2013\/05\/zjazd2_tab.jpg?fit=775%2C790&ssl=1&resize=525%2C300 1.5x, https:\/\/i0.wp.com\/satg.pl\/geolog\/wp-content\/uploads\/2013\/05\/zjazd2_tab.jpg?fit=775%2C790&ssl=1&resize=700%2C400 2x"},"classes":[]},{"id":21754,"url":"https:\/\/satg.pl\/geolog\/archiwa\/xii-zjazd-absolwentow-technikum-geologicznego-w-kielcach\/","url_meta":{"origin":20296,"position":1},"title":"XII Zjazd Absolwent\u00f3w Technikum Geologicznego w Kielcach","author":"Garapozales","date":"2023-03-06","format":false,"excerpt":"STOWARZYSZENIE ABSOLWENT\u00d3W TECHNIKUM GEOLOGICZNEGO XII ZJAZD \u2013 \u00a0Komunikat nr 1 Komitetu organizacyjnego Zjazdu Absolwent\u00f3w TG \u00a0w\u00a0Kielcach na XII Zjazd\u00a0 w dniach 24-25 czerwca 2023 r., w Ameli\u00f3wce \u00a0Zjazd sk\u0142ada si\u0119 z 2 cz\u0119\u015bci:\u00a0 Uroczysto\u015bci oficjalne (bezp\u0142atne) Bankiet w Ameli\u00f3wce msza \u015bwi\u0119ta w Bazylice Katedralnej o godz. 13,00 z udzia\u0142em pocztu\u2026","rel":"","context":"W \u201eBez kategorii&quot;","block_context":{"text":"Bez kategorii","link":"https:\/\/satg.pl\/geolog\/archiwa\/category\/bez-kategorii\/"},"img":{"alt_text":"","src":"https:\/\/i0.wp.com\/satg.pl\/geolog\/wp-content\/uploads\/2023\/03\/XII_ZJAZD.png?resize=350%2C200","width":350,"height":200},"classes":[]},{"id":20256,"url":"https:\/\/satg.pl\/geolog\/archiwa\/xi-zjazd-absolwentow-technikum-geologicznego-w-kielcach\/","url_meta":{"origin":20296,"position":2},"title":"XI ZJAZD ABSOLWENT\u00d3W TECHNIKUM GEOLOGICZNEGO w KIELCACH","author":"Garapozales","date":"2018-01-18","format":false,"excerpt":"ZAPROSZENIE\u00a0 -\u00a0 XI ZJAZD ABSOLWENT\u00d3W TECHNIKUM GEOLOGICZNEGO w KIELCACH - kliknij ZAPROSZENIE \u00a0 Komitet organizacyjny Zjazdu zaprasza Absolwent\u00f3w TG Kielce na XI Zjazd , kt\u00f3ry odb\u0119dzie si\u0119 w dniach 16-17 czerwca 2018r. w Ameli\u00f3wce \u00a0\u00a0 Rozpocz\u0119cie Zjazdu : godz.13.00 - msza \u015bw. w Katedrze w Kielcach Rozpocz\u0119cie w Ameli\u00f3wce: 18.30\u2026","rel":"","context":"W \u201eJubileusz&quot;","block_context":{"text":"Jubileusz","link":"https:\/\/satg.pl\/geolog\/archiwa\/category\/jubileusz\/"},"img":{"alt_text":"","src":"https:\/\/i0.wp.com\/satg.pl\/geolog\/wp-content\/uploads\/2010\/06\/tg_tarcza.jpg?resize=350%2C200","width":350,"height":200},"classes":[]},{"id":1424,"url":"https:\/\/satg.pl\/geolog\/archiwa\/po-spotkaniu-zarzadu\/","url_meta":{"origin":20296,"position":3},"title":"Po spotkaniu Zarz\u0105du","author":"Garapozales","date":"2013-01-11","format":false,"excerpt":"Dzi\u015b (pi\u0105tek 11.01.13) odby\u0142o si\u0119 zabranie Zarz\u0105du SATG. KOMUNIKAT NR 2 JUBILEUSZOWY X ZJAZD ABSOLWENT\u00d3W TG w dniach 8-9 czerwca 2013 r. Op\u0142ata za udzia\u0142 wynosi 220 z\u0142 (ma\u0142\u017ce\u0144stwa absolwenckie TG - 350 z\u0142). Wp\u0142at nale\u017cy dokonywa\u0107 na konto w PKO BP S.A. Oddzia\u0142 2 w Kielcach nr: 17 1020\u2026","rel":"","context":"W \u201espotkania&quot;","block_context":{"text":"spotkania","link":"https:\/\/satg.pl\/geolog\/archiwa\/category\/spotkania\/"},"img":{"alt_text":"","src":"https:\/\/i0.wp.com\/satg.pl\/geolog\/wp-content\/uploads\/2013\/01\/PIG_tablica_2.jpg?fit=320%2C213&ssl=1&resize=350%2C200","width":350,"height":200},"classes":[]},{"id":21785,"url":"https:\/\/satg.pl\/geolog\/archiwa\/xii-zjazd-absolwenentow-technikum-geologicznego\/","url_meta":{"origin":20296,"position":4},"title":"XII Zjazd Absolwenent\u00f3w Technikum Geologicznego","author":"Garapozales","date":"2023-06-23","format":false,"excerpt":"Plan: SOBOTA godzina 13:00 msza \u015bwi\u0119ta w Bazylice Katedralnej o godz. 13,00 z udzia\u0142em pocztu sztandarowego po mszy zbiorowa fotografia po mszy na schodach papieskich po zdj\u0119ciu zbiorowym odwiedziny w dawnych siedzibach szko\u0142y i przej\u015bcie do grobu \u015b.p. Dyrektora Jana Kami\u0144skiego po odwiedzinach na cmentarzu przej\u015bcie do biura zjazdowego mieszcz\u0105cego\u2026","rel":"","context":"W \u201ezjazd&quot;","block_context":{"text":"zjazd","link":"https:\/\/satg.pl\/geolog\/archiwa\/category\/zjazd\/"},"img":{"alt_text":"","src":"","width":0,"height":0},"classes":[]},{"id":1556,"url":"https:\/\/satg.pl\/geolog\/archiwa\/komunikat-3\/","url_meta":{"origin":20296,"position":5},"title":"Komunikat 2","author":"Garapozales","date":"2013-04-04","format":false,"excerpt":"Kole\u017canki i Koledzy !!! Termin Zjazdu odliczany na naszej stronie zbli\u017ca si\u0119 du\u017cymi krokami. Przypominam, \u017ce w szkole nie b\u0119dzie sekretariatu. Prosz\u0119 o nie zwlekanie do ostatniego dnia z rejestracj\u0105 i wp\u0142at\u0105 u kole\u017canek lub na konto podane we wcze\u015bniejszych komunikatach. Dotyczy to os\u00f3b bior\u0105cych udzia\u0142 w spotkaniu na Ameli\u00f3wce.\u2026","rel":"","context":"W \u201eBez kategorii&quot;","block_context":{"text":"Bez kategorii","link":"https:\/\/satg.pl\/geolog\/archiwa\/category\/bez-kategorii\/"},"img":{"alt_text":"","src":"https:\/\/i0.wp.com\/satg.pl\/geolog\/wp-content\/uploads\/2013\/05\/zjazd2_tab.jpg?fit=775%2C790&ssl=1&resize=350%2C200","width":350,"height":200,"srcset":"https:\/\/i0.wp.com\/satg.pl\/geolog\/wp-content\/uploads\/2013\/05\/zjazd2_tab.jpg?fit=775%2C790&ssl=1&resize=350%2C200 1x, https:\/\/i0.wp.com\/satg.pl\/geolog\/wp-content\/uploads\/2013\/05\/zjazd2_tab.jpg?fit=775%2C790&ssl=1&resize=525%2C300 1.5x, https:\/\/i0.wp.com\/satg.pl\/geolog\/wp-content\/uploads\/2013\/05\/zjazd2_tab.jpg?fit=775%2C790&ssl=1&resize=700%2C400 2x"},"classes":[]}],"jetpack_likes_enabled":true,"_links":{"self":[{"href":"https:\/\/satg.pl\/geolog\/wp-json\/wp\/v2\/posts\/20296","targetHints":{"allow":["GET"]}}],"collection":[{"href":"https:\/\/satg.pl\/geolog\/wp-json\/wp\/v2\/posts"}],"about":[{"href":"https:\/\/satg.pl\/geolog\/wp-json\/wp\/v2\/types\/post"}],"author":[{"embeddable":true,"href":"https:\/\/satg.pl\/geolog\/wp-json\/wp\/v2\/users\/1"}],"replies":[{"embeddable":true,"href":"https:\/\/satg.pl\/geolog\/wp-json\/wp\/v2\/comments?post=20296"}],"version-history":[{"count":1,"href":"https:\/\/satg.pl\/geolog\/wp-json\/wp\/v2\/posts\/20296\/revisions"}],"predecessor-version":[{"id":20297,"href":"https:\/\/satg.pl\/geolog\/wp-json\/wp\/v2\/posts\/20296\/revisions\/20297"}],"wp:featuredmedia":[{"embeddable":true,"href":"https:\/\/satg.pl\/geolog\/wp-json\/wp\/v2\/media\/12349"}],"wp:attachment":[{"href":"https:\/\/satg.pl\/geolog\/wp-json\/wp\/v2\/media?parent=20296"}],"wp:term":[{"taxonomy":"category","embeddable":true,"href":"https:\/\/satg.pl\/geolog\/wp-json\/wp\/v2\/categories?post=20296"},{"taxonomy":"post_tag","embeddable":true,"href":"https:\/\/satg.pl\/geolog\/wp-json\/wp\/v2\/tags?post=20296"}],"curies":[{"name":"wp","href":"https:\/\/api.w.org\/{rel}","templated":true}]}}