{"id":20240,"date":"2017-12-28T07:46:50","date_gmt":"2017-12-28T06:46:50","guid":{"rendered":"http:\/\/satg.pl\/geolog\/?p=20240"},"modified":"2021-02-15T16:57:37","modified_gmt":"2021-02-15T15:57:37","slug":"ostatnie-pozegnanie-wanda-marcinkowska","status":"publish","type":"post","link":"https:\/\/satg.pl\/geolog\/archiwa\/ostatnie-pozegnanie-wanda-marcinkowska\/","title":{"rendered":"Ostatnie po\u017cegnanie -WANDA MARCINKOWSKA"},"content":{"rendered":"<p>Z ogromnym \u017calem zawiadamiamy, \u017ce w dniu 26.12.2017r. po ci\u0119\u017ckiej chorobie w wieku 93 lat zmar\u0142a nasza<br \/>\nPani Pedagog, wieloletnia Dyrektor Technikum Geologicznego w Kielcach<br \/>\nWANDA MARCINKOWSKA.<br \/>\nMsza \u017ca\u0142obna odb\u0119dzie si\u0119 w dniu 30.12.2017r. o godz. 13.00 w Ko\u015bciele pod wezwaniem<br \/>\nNaj\u015bwi\u0119tszej Marii Panny na ul. Urz\u0119dniczej ( r\u00f3g Urz\u0119dnicza a Mielczarskiego) w Kielcach.<br \/>\nPrzeniesienie Urny po Mszy nast\u0105pi na Cmentarz Komunalny II przy ul. \u015aciegiennego .<br \/>\nOsoby uczestnicz\u0105ce w uroczysto\u015bciach pogrzebowych prosimy o przybycie w mundurach<br \/>\ng\u00f3rniczych.<\/p>\n<div id=\"attachment_20241\" style=\"width: 723px\" class=\"wp-caption alignleft\"><a href=\"https:\/\/i0.wp.com\/satg.pl\/geolog\/wp-content\/uploads\/2017\/12\/Wanda-Marcinkowska_CzB.jpg?ssl=1\"><img data-recalc-dims=\"1\" loading=\"lazy\" decoding=\"async\" aria-describedby=\"caption-attachment-20241\" data-attachment-id=\"20241\" data-permalink=\"https:\/\/satg.pl\/geolog\/archiwa\/ostatnie-pozegnanie-wanda-marcinkowska\/wanda-marcinkowska_czb\/\" data-orig-file=\"https:\/\/i0.wp.com\/satg.pl\/geolog\/wp-content\/uploads\/2017\/12\/Wanda-Marcinkowska_CzB.jpg?fit=1074%2C1543&amp;ssl=1\" data-orig-size=\"1074,1543\" data-comments-opened=\"1\" data-image-meta=\"{&quot;aperture&quot;:&quot;0&quot;,&quot;credit&quot;:&quot;&quot;,&quot;camera&quot;:&quot;&quot;,&quot;caption&quot;:&quot;&quot;,&quot;created_timestamp&quot;:&quot;0&quot;,&quot;copyright&quot;:&quot;&quot;,&quot;focal_length&quot;:&quot;0&quot;,&quot;iso&quot;:&quot;0&quot;,&quot;shutter_speed&quot;:&quot;0&quot;,&quot;title&quot;:&quot;&quot;,&quot;orientation&quot;:&quot;0&quot;}\" data-image-title=\"Wanda Marcinkowska\" data-image-description=\"\" data-image-caption=\"&lt;p&gt;Wanda Marcinkowska&lt;\/p&gt;\n\" data-large-file=\"https:\/\/i0.wp.com\/satg.pl\/geolog\/wp-content\/uploads\/2017\/12\/Wanda-Marcinkowska_CzB.jpg?fit=713%2C1024&amp;ssl=1\" class=\"size-large wp-image-20241\" src=\"https:\/\/i0.wp.com\/satg.pl\/geolog\/wp-content\/uploads\/2017\/12\/Wanda-Marcinkowska_CzB.jpg?resize=713%2C1024&#038;ssl=1\" alt=\"Wanda Marcinkowska\" width=\"713\" height=\"1024\" srcset=\"https:\/\/i0.wp.com\/satg.pl\/geolog\/wp-content\/uploads\/2017\/12\/Wanda-Marcinkowska_CzB.jpg?resize=713%2C1024&amp;ssl=1 713w, https:\/\/i0.wp.com\/satg.pl\/geolog\/wp-content\/uploads\/2017\/12\/Wanda-Marcinkowska_CzB.jpg?resize=209%2C300&amp;ssl=1 209w, https:\/\/i0.wp.com\/satg.pl\/geolog\/wp-content\/uploads\/2017\/12\/Wanda-Marcinkowska_CzB.jpg?resize=104%2C150&amp;ssl=1 104w, https:\/\/i0.wp.com\/satg.pl\/geolog\/wp-content\/uploads\/2017\/12\/Wanda-Marcinkowska_CzB.jpg?w=1074&amp;ssl=1 1074w\" sizes=\"auto, (max-width: 713px) 100vw, 713px\" \/><\/a><p id=\"caption-attachment-20241\" class=\"wp-caption-text\">Wanda Marcinkowska<\/p><\/div>\n","protected":false},"excerpt":{"rendered":"<p>Z ogromnym \u017calem zawiadamiamy, \u017ce w dniu 26.12.2017r. po ci\u0119\u017ckiej chorobie w wieku 93 lat zmar\u0142a nasza Pani Pedagog, wieloletnia Dyrektor Technikum Geologicznego w Kielcach WANDA MARCINKOWSKA. Msza \u017ca\u0142obna odb\u0119dzie si\u0119 w dniu 30.12.2017r. o godz. 13.00 w Ko\u015bciele pod wezwaniem Naj\u015bwi\u0119tszej Marii Panny na ul. Urz\u0119dniczej ( r\u00f3g Urz\u0119dnicza\u2026<\/p>\n<p class=\"continue-reading-button\"> <a class=\"continue-reading-link\" href=\"https:\/\/satg.pl\/geolog\/archiwa\/ostatnie-pozegnanie-wanda-marcinkowska\/\">Czytaj dalej<i class=\"crycon-right-dir\"><\/i><\/a><\/p>\n","protected":false},"author":1,"featured_media":20241,"comment_status":"open","ping_status":"open","sticky":false,"template":"","format":"standard","meta":{"ngg_post_thumbnail":0,"jetpack_post_was_ever_published":false,"_jetpack_newsletter_access":"","_jetpack_dont_email_post_to_subs":false,"_jetpack_newsletter_tier_id":0,"_jetpack_memberships_contains_paywalled_content":false,"_jetpack_memberships_contains_paid_content":false,"footnotes":"","jetpack_publicize_message":"","jetpack_publicize_feature_enabled":true,"jetpack_social_post_already_shared":true,"jetpack_social_options":{"image_generator_settings":{"template":"highway","default_image_id":0,"font":"","enabled":false},"version":2}},"categories":[7],"tags":[],"class_list":["post-20240","post","type-post","status-publish","format-standard","has-post-thumbnail","hentry","category-pozegnanie"],"jetpack_publicize_connections":[],"jetpack_featured_media_url":"https:\/\/i0.wp.com\/satg.pl\/geolog\/wp-content\/uploads\/2017\/12\/Wanda-Marcinkowska_CzB.jpg?fit=1074%2C1543&ssl=1","jetpack_sharing_enabled":true,"jetpack_shortlink":"https:\/\/wp.me\/p7jPbe-5gs","jetpack-related-posts":[{"id":21331,"url":"https:\/\/satg.pl\/geolog\/archiwa\/ostatnie-pozegnanie-bohdan-gumowski\/","url_meta":{"origin":20240,"position":0},"title":"Ostatnie po\u017cegnanie &#8211; Bohdan Gumowski","author":"Garapozales","date":"2020-04-15","format":false,"excerpt":"Z wielkim smutkiem zawiadamiamy, \u017ce po d\u0142ugiej i ci\u0119\u017ckiej chorobie w dniu 07 kwietnia 2020r. w wieku 76 lat zmar\u0142 nasz absolwent BOHDAN GUMOWSKI (rocznik matury 1962 ). Uroczysto\u015bci pogrzebowe odby\u0142y si\u0119 w dniu 08.04.2020r. w gronie najbli\u017cszej rodziny w Ko\u015bciele Podwy\u017cszenia \u015awi\u0119tego Krzy\u017ca w Kielcach, po czym cia\u0142o zosta\u0142o\u2026","rel":"","context":"W \u201epo\u017cegnanie&quot;","block_context":{"text":"po\u017cegnanie","link":"https:\/\/satg.pl\/geolog\/archiwa\/category\/pozegnanie\/"},"img":{"alt_text":"","src":"https:\/\/i0.wp.com\/satg.pl\/geolog\/wp-content\/uploads\/2020\/04\/z25851303VBohdan-Gumowski.jpg?fit=640%2C439&ssl=1&resize=350%2C200","width":350,"height":200,"srcset":"https:\/\/i0.wp.com\/satg.pl\/geolog\/wp-content\/uploads\/2020\/04\/z25851303VBohdan-Gumowski.jpg?fit=640%2C439&ssl=1&resize=350%2C200 1x, https:\/\/i0.wp.com\/satg.pl\/geolog\/wp-content\/uploads\/2020\/04\/z25851303VBohdan-Gumowski.jpg?fit=640%2C439&ssl=1&resize=525%2C300 1.5x"},"classes":[]},{"id":3977,"url":"https:\/\/satg.pl\/geolog\/archiwa\/ostatnie-pozegnanie-wladyslaw-kamusinski-nekrolog\/","url_meta":{"origin":20240,"position":1},"title":"Ostatnie po\u017cegnanie &#8211; W\u0142adys\u0142aw Kamusi\u0144ski &#8211; nekrolog","author":"Garapozales","date":"2015-12-23","format":false,"excerpt":"Dnia 17.12.2015 roku zmar\u0142 w Krakowie nasz Wielki Przyjaciel, Dobry Duch Stowarzyszenia Absolwent\u00f3w Technikum Geologicznego w Kielcach \u015bp. W\u0142adys\u0142aw Kamusi\u0144ski \"Dziadek W\u0142adek\". Msza \u015bw. po\u017cegnalna w Bazylice Mariackiej w Krakowie odprawiona b\u0119dzie dnia 28.12.2015 roku o godz. 17.00. Msza \u015bw. pogrzebowa w Ko\u015bciele Parafialnym w Tumlinie odprawiona zostanie w dniu\u2026","rel":"","context":"W \u201epo\u017cegnanie&quot;","block_context":{"text":"po\u017cegnanie","link":"https:\/\/satg.pl\/geolog\/archiwa\/category\/pozegnanie\/"},"img":{"alt_text":"nekrolog-kamusinski","src":"https:\/\/i0.wp.com\/garapo.o12.pl\/wp-content\/uploads\/2015\/12\/nekrolog-kamusinski.png?resize=350%2C200","width":350,"height":200},"classes":[]},{"id":19481,"url":"https:\/\/satg.pl\/geolog\/archiwa\/ostatnie-pozegnanie-edward-matus\/","url_meta":{"origin":20240,"position":2},"title":"Ostatnie po\u017cegnanie -Edward Matus","author":"Garapozales","date":"2016-09-21","format":false,"excerpt":"Z wielkim \u017calem zawiadamiamy, \u017ce zmar\u0142 nasz kolega EDWARD MATUS, rok matury 1966 klasa B. Uroczysto\u015bci pogrzebowe odb\u0119d\u0105 si\u0119 w dniu 22.09. 2016r. o godz. 14.00 w Bazylice Katedralnej, po czym nast\u0105pi wyprowadzenie na cmentarz w Kielcach na Piaskach.","rel":"","context":"W \u201epo\u017cegnanie&quot;","block_context":{"text":"po\u017cegnanie","link":"https:\/\/satg.pl\/geolog\/archiwa\/category\/pozegnanie\/"},"img":{"alt_text":"","src":"","width":0,"height":0},"classes":[]},{"id":19460,"url":"https:\/\/satg.pl\/geolog\/archiwa\/ostatnie-pozegnanie-emilian-baran\/","url_meta":{"origin":20240,"position":3},"title":"Ostatnie po\u017cegnanie &#8211; Emilian Baran","author":"Garapozales","date":"2016-06-30","format":false,"excerpt":"Z g\u0142\u0119bokim \u017calem zawiadamiamy, \u017ce w dniu 28.06.2016r. zmar\u0142 wieloletni profesor wiertnictwa w Technikum Geologicznym EMILIAN BARAN.\u00a0 Uroczysto\u015bci pogrzebowe odb\u0119d\u0105 si\u0119 1 lipca 2016r. (pi\u0105tek) o godz. 13.30 w Bazylice Katedralnej w Kielcach po czym nast\u0105pi wyprowadzenie na Cmentarz Nowy.","rel":"","context":"W \u201epo\u017cegnanie&quot;","block_context":{"text":"po\u017cegnanie","link":"https:\/\/satg.pl\/geolog\/archiwa\/category\/pozegnanie\/"},"img":{"alt_text":"Emilian baran","src":"https:\/\/i0.wp.com\/satg.pl\/geolog\/wp-content\/uploads\/2016\/06\/Emilian-Baran.jpg?resize=350%2C200","width":350,"height":200},"classes":[]},{"id":21197,"url":"https:\/\/satg.pl\/geolog\/archiwa\/ostatnie-pozegnanie-robert-kulak\/","url_meta":{"origin":20240,"position":4},"title":"Ostatnie po\u017cegnanie &#8211; Robert Kulak","author":"Garapozales","date":"2019-06-26","format":false,"excerpt":"Z ogromnym smutkiem zawiadamiamy, \u017ce w dniu dzisiejszym zmar\u0142 po d\u0142ugiej i ci\u0119\u017ckiej chorobie nasz przyjaciel i kolega ROBERT KULAK.Pogrzeb odb\u0119dzie si\u0119 w czwartek 27.06.2019 o godzinie 11.00 w ko\u015bciele \u015bw. Wojciecha w Kielcach.","rel":"","context":"W \u201epo\u017cegnanie&quot;","block_context":{"text":"po\u017cegnanie","link":"https:\/\/satg.pl\/geolog\/archiwa\/category\/pozegnanie\/"},"img":{"alt_text":"","src":"","width":0,"height":0},"classes":[]},{"id":21411,"url":"https:\/\/satg.pl\/geolog\/archiwa\/ostatnie-pozegnanie-przemyslaw-witek\/","url_meta":{"origin":20240,"position":5},"title":"Ostatnie po\u017cegnanie &#8211; Przemys\u0142aw Witek","author":"Garapozales","date":"2020-08-30","format":false,"excerpt":"Z ogromnym smutkiem informujemy, \u017ce w dniu 27 sierpnia 2020 zmar\u0142 profesor naszego technikum Przemys\u0142aw Jerzy Witek. Uroczysto\u015bci pogrzebowe odb\u0119d\u0105\u00a0 si\u0119 w czwartek 03 wrze\u015bnia 2020 o g.12-ej w Parafii \u015bw. Franciszka z Asy\u017cu\u00a0 Kielcach ( u Kapucyn\u00f3w), ul. Warszawska 33. Nast\u0119pnie nast\u0105pi przejazd na\u00a0 Cmentarz Stary przy ul. Ksi\u0119dza\u2026","rel":"","context":"W \u201epo\u017cegnanie&quot;","block_context":{"text":"po\u017cegnanie","link":"https:\/\/satg.pl\/geolog\/archiwa\/category\/pozegnanie\/"},"img":{"alt_text":"","src":"https:\/\/i0.wp.com\/satg.pl\/geolog\/wp-content\/uploads\/2020\/08\/Witek-217x300.jpg?resize=350%2C200","width":350,"height":200},"classes":[]}],"jetpack_likes_enabled":true,"_links":{"self":[{"href":"https:\/\/satg.pl\/geolog\/wp-json\/wp\/v2\/posts\/20240","targetHints":{"allow":["GET"]}}],"collection":[{"href":"https:\/\/satg.pl\/geolog\/wp-json\/wp\/v2\/posts"}],"about":[{"href":"https:\/\/satg.pl\/geolog\/wp-json\/wp\/v2\/types\/post"}],"author":[{"embeddable":true,"href":"https:\/\/satg.pl\/geolog\/wp-json\/wp\/v2\/users\/1"}],"replies":[{"embeddable":true,"href":"https:\/\/satg.pl\/geolog\/wp-json\/wp\/v2\/comments?post=20240"}],"version-history":[{"count":2,"href":"https:\/\/satg.pl\/geolog\/wp-json\/wp\/v2\/posts\/20240\/revisions"}],"predecessor-version":[{"id":20244,"href":"https:\/\/satg.pl\/geolog\/wp-json\/wp\/v2\/posts\/20240\/revisions\/20244"}],"wp:featuredmedia":[{"embeddable":true,"href":"https:\/\/satg.pl\/geolog\/wp-json\/wp\/v2\/media\/20241"}],"wp:attachment":[{"href":"https:\/\/satg.pl\/geolog\/wp-json\/wp\/v2\/media?parent=20240"}],"wp:term":[{"taxonomy":"category","embeddable":true,"href":"https:\/\/satg.pl\/geolog\/wp-json\/wp\/v2\/categories?post=20240"},{"taxonomy":"post_tag","embeddable":true,"href":"https:\/\/satg.pl\/geolog\/wp-json\/wp\/v2\/tags?post=20240"}],"curies":[{"name":"wp","href":"https:\/\/api.w.org\/{rel}","templated":true}]}}