{"id":20235,"date":"2017-12-10T21:32:04","date_gmt":"2017-12-10T20:32:04","guid":{"rendered":"http:\/\/satg.pl\/geolog\/?p=20235"},"modified":"2017-12-10T21:36:39","modified_gmt":"2017-12-10T20:36:39","slug":"barborka-2017-fotoreportaz","status":"publish","type":"post","link":"https:\/\/satg.pl\/geolog\/archiwa\/barborka-2017-fotoreportaz\/","title":{"rendered":"Barb\u00f3rka 2017 fotoreporta\u017c"},"content":{"rendered":"<p>Kolejne spotkanie barb\u00f3rkowe za nami. Kilka zdj\u0119\u0107, kt\u00f3re przybli\u017c\u0105 biesiad\u0119 tym co nie byli, a tym co byli&#8230; wspomnienia.<!--more--><\/p>\nngg_shortcode_0_placeholder\n","protected":false},"excerpt":{"rendered":"<p>Kolejne spotkanie barb\u00f3rkowe za nami. Kilka zdj\u0119\u0107, kt\u00f3re przybli\u017c\u0105 biesiad\u0119 tym co nie byli, a tym co byli&#8230; wspomnienia.<\/p>\n<p class=\"continue-reading-button\"> <a class=\"continue-reading-link\" href=\"https:\/\/satg.pl\/geolog\/archiwa\/barborka-2017-fotoreportaz\/\">Czytaj dalej<i class=\"crycon-right-dir\"><\/i><\/a><\/p>\n","protected":false},"author":1,"featured_media":20237,"comment_status":"open","ping_status":"open","sticky":false,"template":"","format":"standard","meta":{"ngg_post_thumbnail":0,"jetpack_post_was_ever_published":false,"_jetpack_newsletter_access":"","_jetpack_dont_email_post_to_subs":false,"_jetpack_newsletter_tier_id":0,"_jetpack_memberships_contains_paywalled_content":false,"_jetpack_memberships_contains_paid_content":false,"footnotes":"","jetpack_publicize_message":"","jetpack_publicize_feature_enabled":true,"jetpack_social_post_already_shared":true,"jetpack_social_options":{"image_generator_settings":{"template":"highway","default_image_id":0,"font":"","enabled":false},"version":2}},"categories":[2,5,8],"tags":[],"class_list":["post-20235","post","type-post","status-publish","format-standard","has-post-thumbnail","hentry","category-barborka","category-kielce","category-spotkania"],"jetpack_publicize_connections":[],"jetpack_featured_media_url":"https:\/\/i0.wp.com\/satg.pl\/geolog\/wp-content\/uploads\/2017\/12\/P1130993.jpg?fit=1470%2C1120&ssl=1","jetpack_sharing_enabled":true,"jetpack_shortlink":"https:\/\/wp.me\/p7jPbe-5gn","jetpack-related-posts":[{"id":1198,"url":"https:\/\/satg.pl\/geolog\/archiwa\/barborka-od-dziury-do-wylotu\/","url_meta":{"origin":20235,"position":0},"title":"Barb\u00f3rka od Dziury do Wylotu","author":"Garapozales","date":"2012-12-10","format":false,"excerpt":"Barb\u00f3rka, a raczej g\u00f3rnicza karczma piwna (cho\u0107 w naszym przypadku chyba geologiczna) odby\u0142a si\u0119 1 grudnia. Bra\u0107 geologiczna przyby\u0142a w znacznym i zacnym gronie. Mo\u017cna by nawet si\u0119 pokusic na stwierdzenie \u201eod dziury do wylotu\u201d, od pocz\u0105tku do ko\u0144ca (poniewa\u017c zjawi\u0142y si\u0119 osoby z niemal\u017ce ostatniego rocznika, a Dziura Stanis\u0142aw\u2026","rel":"","context":"W \u201eBez kategorii&quot;","block_context":{"text":"Bez kategorii","link":"https:\/\/satg.pl\/geolog\/archiwa\/category\/bez-kategorii\/"},"img":{"alt_text":"","src":"","width":0,"height":0},"classes":[]},{"id":21421,"url":"https:\/\/satg.pl\/geolog\/archiwa\/barborka-2020\/","url_meta":{"origin":20235,"position":1},"title":"BARB\u00d3RKA 2020","author":"Garapozales","date":"2020-10-08","format":false,"excerpt":"Z \u017calem informujemy, \u017ce ze wzgl\u0119du na epidemi\u0119 koronawirusa Barb\u00f3rka w tym roku si\u0119 nie odb\u0119dzie. Zb","rel":"","context":"W \u201eBarb\u00f3rka&quot;","block_context":{"text":"Barb\u00f3rka","link":"https:\/\/satg.pl\/geolog\/archiwa\/category\/barborka\/"},"img":{"alt_text":"","src":"","width":0,"height":0},"classes":[]},{"id":20096,"url":"https:\/\/satg.pl\/geolog\/archiwa\/barborka-2017\/","url_meta":{"origin":20235,"position":2},"title":"Barb\u00f3rka 2017","author":"Garapozales","date":"2017-07-21","format":false,"excerpt":"Poprzednio barb\u00f3rka odbywa\u0142a si\u0119 w restauracji Stangret, w latach wcze\u015bniejszych w hotelu Kameralnych. Gdzie w tym roku? http:\/\/restauracja.stangret-kielce.pl\/ http:\/\/hotelkameralny.com\/ \u00a0 \u00a0 \u00a0","rel":"","context":"W \u201eBarb\u00f3rka&quot;","block_context":{"text":"Barb\u00f3rka","link":"https:\/\/satg.pl\/geolog\/archiwa\/category\/barborka\/"},"img":{"alt_text":"","src":"https:\/\/i0.wp.com\/satg.pl\/geolog\/wp-content\/uploads\/2016\/10\/godlo-gornicze.png?fit=220%2C220&ssl=1&resize=350%2C200","width":350,"height":200},"classes":[]},{"id":20106,"url":"https:\/\/satg.pl\/geolog\/archiwa\/barborka-2017-2\/","url_meta":{"origin":20235,"position":3},"title":"Barb\u00f3rka 2017","author":"Garapozales","date":"2017-09-07","format":false,"excerpt":"W tym roku Barb\u00f3rka odb\u0119dzie si\u0119 ponownie w zaje\u017adzie Stangret 2 grudnia. Szczeg\u00f3\u0142y wkr\u00f3tce.","rel":"","context":"W \u201eBez kategorii&quot;","block_context":{"text":"Bez kategorii","link":"https:\/\/satg.pl\/geolog\/archiwa\/category\/bez-kategorii\/"},"img":{"alt_text":"","src":"https:\/\/i0.wp.com\/satg.pl\/geolog\/wp-content\/uploads\/2016\/12\/Gornicze_prz.jpg?fit=1080%2C810&ssl=1&resize=350%2C200","width":350,"height":200,"srcset":"https:\/\/i0.wp.com\/satg.pl\/geolog\/wp-content\/uploads\/2016\/12\/Gornicze_prz.jpg?fit=1080%2C810&ssl=1&resize=350%2C200 1x, https:\/\/i0.wp.com\/satg.pl\/geolog\/wp-content\/uploads\/2016\/12\/Gornicze_prz.jpg?fit=1080%2C810&ssl=1&resize=525%2C300 1.5x, https:\/\/i0.wp.com\/satg.pl\/geolog\/wp-content\/uploads\/2016\/12\/Gornicze_prz.jpg?fit=1080%2C810&ssl=1&resize=700%2C400 2x, https:\/\/i0.wp.com\/satg.pl\/geolog\/wp-content\/uploads\/2016\/12\/Gornicze_prz.jpg?fit=1080%2C810&ssl=1&resize=1050%2C600 3x"},"classes":[]},{"id":20045,"url":"https:\/\/satg.pl\/geolog\/archiwa\/barborka-2016-retrospekcja-fotograficzna-ciag-dalszy\/","url_meta":{"origin":20235,"position":4},"title":"Barb\u00f3rka 2016 retrospekcja fotograficzna ci\u0105g dalszy","author":"Garapozales","date":"2016-12-20","format":false,"excerpt":"Kolejne zdj\u0119cia w albumie Barb\u00f3rka 2016. Tym razem przes\u0142ane przez Marzen\u0119. \" order_by=\"pid\" order_direction=\"ASC\" returns=\"included\" maximum_entity_count=\"500\"]","rel":"","context":"W \u201eBarb\u00f3rka&quot;","block_context":{"text":"Barb\u00f3rka","link":"https:\/\/satg.pl\/geolog\/archiwa\/category\/barborka\/"},"img":{"alt_text":"","src":"https:\/\/i0.wp.com\/satg.pl\/geolog\/wp-content\/uploads\/ngg_featured\/P1120781.jpg?fit=788%2C600&ssl=1&resize=350%2C200","width":350,"height":200,"srcset":"https:\/\/i0.wp.com\/satg.pl\/geolog\/wp-content\/uploads\/ngg_featured\/P1120781.jpg?fit=788%2C600&ssl=1&resize=350%2C200 1x, https:\/\/i0.wp.com\/satg.pl\/geolog\/wp-content\/uploads\/ngg_featured\/P1120781.jpg?fit=788%2C600&ssl=1&resize=525%2C300 1.5x, https:\/\/i0.wp.com\/satg.pl\/geolog\/wp-content\/uploads\/ngg_featured\/P1120781.jpg?fit=788%2C600&ssl=1&resize=700%2C400 2x"},"classes":[]},{"id":3461,"url":"https:\/\/satg.pl\/geolog\/archiwa\/barborka-2015-2\/","url_meta":{"origin":20235,"position":5},"title":"Barb\u00f3rka 2015","author":"Garapozales","date":"2015-12-03","format":false,"excerpt":"5 grudnia odby\u0142a si\u0119 coroczna biesiada barb\u00f3rkowa. W tym roku wyj\u0105tkowa, poniewa\u017c po\u0142\u0105czona z nadaniem jednej z ulic Kielc imienia Jana Kami\u0144skiego. Poni\u017cej umiejscowienie ulicy (tutaj jeszcze z nazw\u0105 Bernardy\u0144ska). \u00a0","rel":"","context":"W \u201eBez kategorii&quot;","block_context":{"text":"Bez kategorii","link":"https:\/\/satg.pl\/geolog\/archiwa\/category\/bez-kategorii\/"},"img":{"alt_text":"","src":"https:\/\/i0.wp.com\/satg.pl\/geolog\/wp-content\/uploads\/ngg_featured\/Barborka_2015_0094_ZbG.jpg?fit=831%2C1200&ssl=1&resize=350%2C200","width":350,"height":200,"srcset":"https:\/\/i0.wp.com\/satg.pl\/geolog\/wp-content\/uploads\/ngg_featured\/Barborka_2015_0094_ZbG.jpg?fit=831%2C1200&ssl=1&resize=350%2C200 1x, https:\/\/i0.wp.com\/satg.pl\/geolog\/wp-content\/uploads\/ngg_featured\/Barborka_2015_0094_ZbG.jpg?fit=831%2C1200&ssl=1&resize=525%2C300 1.5x, https:\/\/i0.wp.com\/satg.pl\/geolog\/wp-content\/uploads\/ngg_featured\/Barborka_2015_0094_ZbG.jpg?fit=831%2C1200&ssl=1&resize=700%2C400 2x"},"classes":[]}],"jetpack_likes_enabled":true,"_links":{"self":[{"href":"https:\/\/satg.pl\/geolog\/wp-json\/wp\/v2\/posts\/20235","targetHints":{"allow":["GET"]}}],"collection":[{"href":"https:\/\/satg.pl\/geolog\/wp-json\/wp\/v2\/posts"}],"about":[{"href":"https:\/\/satg.pl\/geolog\/wp-json\/wp\/v2\/types\/post"}],"author":[{"embeddable":true,"href":"https:\/\/satg.pl\/geolog\/wp-json\/wp\/v2\/users\/1"}],"replies":[{"embeddable":true,"href":"https:\/\/satg.pl\/geolog\/wp-json\/wp\/v2\/comments?post=20235"}],"version-history":[{"count":2,"href":"https:\/\/satg.pl\/geolog\/wp-json\/wp\/v2\/posts\/20235\/revisions"}],"predecessor-version":[{"id":20238,"href":"https:\/\/satg.pl\/geolog\/wp-json\/wp\/v2\/posts\/20235\/revisions\/20238"}],"wp:featuredmedia":[{"embeddable":true,"href":"https:\/\/satg.pl\/geolog\/wp-json\/wp\/v2\/media\/20237"}],"wp:attachment":[{"href":"https:\/\/satg.pl\/geolog\/wp-json\/wp\/v2\/media?parent=20235"}],"wp:term":[{"taxonomy":"category","embeddable":true,"href":"https:\/\/satg.pl\/geolog\/wp-json\/wp\/v2\/categories?post=20235"},{"taxonomy":"post_tag","embeddable":true,"href":"https:\/\/satg.pl\/geolog\/wp-json\/wp\/v2\/tags?post=20235"}],"curies":[{"name":"wp","href":"https:\/\/api.w.org\/{rel}","templated":true}]}}