{"id":20045,"date":"2016-12-20T22:56:41","date_gmt":"2016-12-20T21:56:41","guid":{"rendered":"http:\/\/satg.pl\/geolog\/?p=20045"},"modified":"2016-12-20T23:30:32","modified_gmt":"2016-12-20T22:30:32","slug":"barborka-2016-retrospekcja-fotograficzna-ciag-dalszy","status":"publish","type":"post","link":"https:\/\/satg.pl\/geolog\/archiwa\/barborka-2016-retrospekcja-fotograficzna-ciag-dalszy\/","title":{"rendered":"Barb\u00f3rka 2016 retrospekcja fotograficzna ci\u0105g dalszy"},"content":{"rendered":"<p>Kolejne zdj\u0119cia w albumie Barb\u00f3rka 2016. Tym razem przes\u0142ane przez Marzen\u0119.<\/p>\n<p><!--more--><\/p>\nngg_shortcode_0_placeholder\n","protected":false},"excerpt":{"rendered":"<p>Kolejne zdj\u0119cia w albumie Barb\u00f3rka 2016. Tym razem przes\u0142ane przez Marzen\u0119.<\/p>\n<p class=\"continue-reading-button\"> <a class=\"continue-reading-link\" href=\"https:\/\/satg.pl\/geolog\/archiwa\/barborka-2016-retrospekcja-fotograficzna-ciag-dalszy\/\">Czytaj dalej<i class=\"crycon-right-dir\"><\/i><\/a><\/p>\n","protected":false},"author":1,"featured_media":20046,"comment_status":"open","ping_status":"open","sticky":false,"template":"","format":"standard","meta":{"ngg_post_thumbnail":0,"jetpack_post_was_ever_published":false,"_jetpack_newsletter_access":"","_jetpack_dont_email_post_to_subs":true,"_jetpack_newsletter_tier_id":0,"_jetpack_memberships_contains_paywalled_content":false,"_jetpack_memberships_contains_paid_content":false,"footnotes":"","jetpack_publicize_message":"","jetpack_publicize_feature_enabled":true,"jetpack_social_post_already_shared":true,"jetpack_social_options":{"image_generator_settings":{"template":"highway","default_image_id":0,"font":"","enabled":false},"version":2}},"categories":[2,1,5],"tags":[],"class_list":["post-20045","post","type-post","status-publish","format-standard","has-post-thumbnail","hentry","category-barborka","category-bez-kategorii","category-kielce"],"jetpack_publicize_connections":[],"jetpack_featured_media_url":"https:\/\/i0.wp.com\/satg.pl\/geolog\/wp-content\/uploads\/ngg_featured\/P1120781.jpg?fit=788%2C600&ssl=1","jetpack_sharing_enabled":true,"jetpack_shortlink":"https:\/\/wp.me\/p7jPbe-5dj","jetpack-related-posts":[{"id":1177,"url":"https:\/\/satg.pl\/geolog\/archiwa\/barborka-2\/","url_meta":{"origin":20045,"position":0},"title":"Barb\u00f3rka","author":"Garapozales","date":"2012-11-30","format":false,"excerpt":"Ju\u017c jutro, cho\u0107 nie 4 grudnia, Barb\u00f3rka.","rel":"","context":"W \u201eBarb\u00f3rka&quot;","block_context":{"text":"Barb\u00f3rka","link":"https:\/\/satg.pl\/geolog\/archiwa\/category\/barborka\/"},"img":{"alt_text":"","src":"https:\/\/i0.wp.com\/satg.pl\/geolog\/wp-content\/uploads\/2011\/11\/flaga_gornicza2.gif?fit=346%2C216&ssl=1&resize=350%2C200","width":350,"height":200},"classes":[]},{"id":21421,"url":"https:\/\/satg.pl\/geolog\/archiwa\/barborka-2020\/","url_meta":{"origin":20045,"position":1},"title":"BARB\u00d3RKA 2020","author":"Garapozales","date":"2020-10-08","format":false,"excerpt":"Z \u017calem informujemy, \u017ce ze wzgl\u0119du na epidemi\u0119 koronawirusa Barb\u00f3rka w tym roku si\u0119 nie odb\u0119dzie. Zb","rel":"","context":"W \u201eBarb\u00f3rka&quot;","block_context":{"text":"Barb\u00f3rka","link":"https:\/\/satg.pl\/geolog\/archiwa\/category\/barborka\/"},"img":{"alt_text":"","src":"","width":0,"height":0},"classes":[]},{"id":324,"url":"https:\/\/satg.pl\/geolog\/archiwa\/barborka-2010\/","url_meta":{"origin":20045,"position":2},"title":"Barb\u00f3rka 2010 i ods\u0142oni\u0119cie tablicy","author":"Garapozales","date":"2010-11-21","format":false,"excerpt":"13 listopada odby\u0142a si\u0119 w restauracji hotelu Kameralnego w Kielcach kolejna \"szkolna\" Barb\u00f3rka. Zabawa, my\u015bl\u0119, \u017ce ka\u017cdy ma mi\u0142e wspomnienia, trwa\u0142a do bia\u0142ego rana. By\u0142y zabawy i ta\u0144ce i oczywi\u015bcie jak to przy karczmie piwo. W dziale Fotografie>Barb\u00f3rki s\u0105 do zobaczenia zdj\u0119cia. Przed Barb\u00f3rk\u0105 odby\u0142o si\u0119 uroczyste ods\u0142oni\u0119cie tablicy (pami\u0119ci\u2026","rel":"","context":"W \u201eBarb\u00f3rka&quot;","block_context":{"text":"Barb\u00f3rka","link":"https:\/\/satg.pl\/geolog\/archiwa\/category\/barborka\/"},"img":{"alt_text":"","src":"https:\/\/i0.wp.com\/satg.pl\/geolog\/wp-content\/uploads\/2010\/11\/barborka2010_023.jpg?fit=811%2C1200&ssl=1&resize=350%2C200","width":350,"height":200,"srcset":"https:\/\/i0.wp.com\/satg.pl\/geolog\/wp-content\/uploads\/2010\/11\/barborka2010_023.jpg?fit=811%2C1200&ssl=1&resize=350%2C200 1x, https:\/\/i0.wp.com\/satg.pl\/geolog\/wp-content\/uploads\/2010\/11\/barborka2010_023.jpg?fit=811%2C1200&ssl=1&resize=525%2C300 1.5x, https:\/\/i0.wp.com\/satg.pl\/geolog\/wp-content\/uploads\/2010\/11\/barborka2010_023.jpg?fit=811%2C1200&ssl=1&resize=700%2C400 2x"},"classes":[]},{"id":21289,"url":"https:\/\/satg.pl\/geolog\/archiwa\/barborka-2019-juz-tylko-wspomnienie\/","url_meta":{"origin":20045,"position":3},"title":"Barb\u00f3rka 2019 &#8211; ju\u017c tylko wspomnienie","author":"Garapozales","date":"2019-12-29","format":false,"excerpt":"Barb\u00f3rka zapisana w pikselach.","rel":"","context":"W \u201eBarb\u00f3rka&quot;","block_context":{"text":"Barb\u00f3rka","link":"https:\/\/satg.pl\/geolog\/archiwa\/category\/barborka\/"},"img":{"alt_text":"","src":"https:\/\/i0.wp.com\/satg.pl\/geolog\/wp-content\/uploads\/2019\/12\/P1180169.jpg?resize=350%2C200&ssl=1","width":350,"height":200,"srcset":"https:\/\/i0.wp.com\/satg.pl\/geolog\/wp-content\/uploads\/2019\/12\/P1180169.jpg?resize=350%2C200&ssl=1 1x, https:\/\/i0.wp.com\/satg.pl\/geolog\/wp-content\/uploads\/2019\/12\/P1180169.jpg?resize=525%2C300&ssl=1 1.5x, https:\/\/i0.wp.com\/satg.pl\/geolog\/wp-content\/uploads\/2019\/12\/P1180169.jpg?resize=700%2C400&ssl=1 2x, https:\/\/i0.wp.com\/satg.pl\/geolog\/wp-content\/uploads\/2019\/12\/P1180169.jpg?resize=1050%2C600&ssl=1 3x"},"classes":[]},{"id":20096,"url":"https:\/\/satg.pl\/geolog\/archiwa\/barborka-2017\/","url_meta":{"origin":20045,"position":4},"title":"Barb\u00f3rka 2017","author":"Garapozales","date":"2017-07-21","format":false,"excerpt":"Poprzednio barb\u00f3rka odbywa\u0142a si\u0119 w restauracji Stangret, w latach wcze\u015bniejszych w hotelu Kameralnych. Gdzie w tym roku? http:\/\/restauracja.stangret-kielce.pl\/ http:\/\/hotelkameralny.com\/ \u00a0 \u00a0 \u00a0","rel":"","context":"W \u201eBarb\u00f3rka&quot;","block_context":{"text":"Barb\u00f3rka","link":"https:\/\/satg.pl\/geolog\/archiwa\/category\/barborka\/"},"img":{"alt_text":"","src":"https:\/\/i0.wp.com\/satg.pl\/geolog\/wp-content\/uploads\/2016\/10\/godlo-gornicze.png?fit=220%2C220&ssl=1&resize=350%2C200","width":350,"height":200},"classes":[]},{"id":21974,"url":"https:\/\/satg.pl\/geolog\/archiwa\/barborka-2023\/","url_meta":{"origin":20045,"position":5},"title":"Barb\u00f3rka 2023","author":"Garapozales","date":"2023-10-17","format":false,"excerpt":"","rel":"","context":"W \u201eBarb\u00f3rka&quot;","block_context":{"text":"Barb\u00f3rka","link":"https:\/\/satg.pl\/geolog\/archiwa\/category\/barborka\/"},"img":{"alt_text":"","src":"https:\/\/i0.wp.com\/satg.pl\/geolog\/wp-content\/uploads\/2023\/10\/FB_IMG_1697568678580-1.jpg?resize=350%2C200&ssl=1","width":350,"height":200,"srcset":"https:\/\/i0.wp.com\/satg.pl\/geolog\/wp-content\/uploads\/2023\/10\/FB_IMG_1697568678580-1.jpg?resize=350%2C200&ssl=1 1x, https:\/\/i0.wp.com\/satg.pl\/geolog\/wp-content\/uploads\/2023\/10\/FB_IMG_1697568678580-1.jpg?resize=525%2C300&ssl=1 1.5x, https:\/\/i0.wp.com\/satg.pl\/geolog\/wp-content\/uploads\/2023\/10\/FB_IMG_1697568678580-1.jpg?resize=700%2C400&ssl=1 2x, https:\/\/i0.wp.com\/satg.pl\/geolog\/wp-content\/uploads\/2023\/10\/FB_IMG_1697568678580-1.jpg?resize=1050%2C600&ssl=1 3x"},"classes":[]}],"jetpack_likes_enabled":true,"_links":{"self":[{"href":"https:\/\/satg.pl\/geolog\/wp-json\/wp\/v2\/posts\/20045","targetHints":{"allow":["GET"]}}],"collection":[{"href":"https:\/\/satg.pl\/geolog\/wp-json\/wp\/v2\/posts"}],"about":[{"href":"https:\/\/satg.pl\/geolog\/wp-json\/wp\/v2\/types\/post"}],"author":[{"embeddable":true,"href":"https:\/\/satg.pl\/geolog\/wp-json\/wp\/v2\/users\/1"}],"replies":[{"embeddable":true,"href":"https:\/\/satg.pl\/geolog\/wp-json\/wp\/v2\/comments?post=20045"}],"version-history":[{"count":10,"href":"https:\/\/satg.pl\/geolog\/wp-json\/wp\/v2\/posts\/20045\/revisions"}],"predecessor-version":[{"id":20056,"href":"https:\/\/satg.pl\/geolog\/wp-json\/wp\/v2\/posts\/20045\/revisions\/20056"}],"wp:featuredmedia":[{"embeddable":true,"href":"https:\/\/satg.pl\/geolog\/wp-json\/wp\/v2\/media\/20046"}],"wp:attachment":[{"href":"https:\/\/satg.pl\/geolog\/wp-json\/wp\/v2\/media?parent=20045"}],"wp:term":[{"taxonomy":"category","embeddable":true,"href":"https:\/\/satg.pl\/geolog\/wp-json\/wp\/v2\/categories?post=20045"},{"taxonomy":"post_tag","embeddable":true,"href":"https:\/\/satg.pl\/geolog\/wp-json\/wp\/v2\/tags?post=20045"}],"curies":[{"name":"wp","href":"https:\/\/api.w.org\/{rel}","templated":true}]}}