{"id":1999,"date":"2013-12-22T19:42:31","date_gmt":"2013-12-22T18:42:31","guid":{"rendered":"http:\/\/www.satg.pl\/wordpress\/?p=1999"},"modified":"2016-03-27T03:36:45","modified_gmt":"2016-03-27T01:36:45","slug":"jubielusz-absolwenta","status":"publish","type":"post","link":"https:\/\/satg.pl\/geolog\/archiwa\/jubielusz-absolwenta\/","title":{"rendered":"Jubielusz Absolwenta"},"content":{"rendered":"<p>15 grudnia 2013 nasz absolwent Jacek Wargocki obchodzi\u0142 jubileusz 30 lat kap\u0142a\u0144stwa, jubileusz ten odbywa\u0142 si\u0119 w Lublinie. Mi\u0142\u0105 niespodziank\u0105 dla Jubilata by\u0142 przyjazd koleg\u00f3w z geologa. Kilka zdj\u0119\u0107 z tej uroczysto\u015bci.<\/p>\n<p>Z tej okazji przesy\u0142amy Jackowi najserdeczniejsza \u017cyczenia.<\/p>\nngg_shortcode_0_placeholder\n","protected":false},"excerpt":{"rendered":"<p>15 grudnia 2013 nasz absolwent Jacek Wargocki obchodzi\u0142 jubileusz 30 lat kap\u0142a\u0144stwa, jubileusz ten odbywa\u0142 si\u0119 w Lublinie. Mi\u0142\u0105 niespodziank\u0105 dla Jubilata by\u0142 przyjazd koleg\u00f3w z geologa. Kilka zdj\u0119\u0107 z tej uroczysto\u015bci. Z tej okazji przesy\u0142amy Jackowi najserdeczniejsza \u017cyczenia.<\/p>\n<p class=\"continue-reading-button\"> <a class=\"continue-reading-link\" href=\"https:\/\/satg.pl\/geolog\/archiwa\/jubielusz-absolwenta\/\">Czytaj dalej<i class=\"crycon-right-dir\"><\/i><\/a><\/p>\n","protected":false},"author":1,"featured_media":18388,"comment_status":"open","ping_status":"open","sticky":false,"template":"","format":"standard","meta":{"ngg_post_thumbnail":0,"jetpack_post_was_ever_published":false,"_jetpack_newsletter_access":"","_jetpack_dont_email_post_to_subs":false,"_jetpack_newsletter_tier_id":0,"_jetpack_memberships_contains_paywalled_content":false,"_jetpack_memberships_contains_paid_content":false,"footnotes":"","jetpack_publicize_message":"","jetpack_publicize_feature_enabled":true,"jetpack_social_post_already_shared":true,"jetpack_social_options":{"image_generator_settings":{"template":"highway","default_image_id":0,"font":"","enabled":false},"version":2}},"categories":[4],"tags":[14,17],"class_list":["post-1999","post","type-post","status-publish","format-standard","has-post-thumbnail","hentry","category-jubileusz","tag-absolwent","tag-ciekawostka"],"jetpack_publicize_connections":[],"jetpack_featured_media_url":"https:\/\/i0.wp.com\/satg.pl\/geolog\/wp-content\/uploads\/2013\/12\/kaplanstwo.jpg?fit=377%2C306&ssl=1","jetpack_sharing_enabled":true,"jetpack_shortlink":"https:\/\/wp.me\/p7jPbe-wf","jetpack-related-posts":[{"id":10249,"url":"https:\/\/satg.pl\/geolog\/archiwa\/jeszcze-kilka-slow-janie-kaminskim\/","url_meta":{"origin":1999,"position":0},"title":"Jeszcze kilka s\u0142\u00f3w o Janie Kami\u0144skim","author":"Garapozales","date":"2016-01-21","format":false,"excerpt":"autor Jerzy J\u0119drychowski W dniu 5 grudnia 2015 w ko\u015bciele na Karcz\u00f3wce odby\u0142a si\u0119 uroczysta msza po\u015bwi\u0119cona pami\u0119ci pierwszego dyrektora Technikum Geologicznego w Kielcach \u2013 Jana Rafa\u0142a Kami\u0144skiego. Ten wybitny pedagog, budowniczy a nade wszystko ogromnej zacno\u015bci cz\u0142owiek i przyjaciel m\u0142odzie\u017cy pozosta\u0142 w pami\u0119ci wielu pokole\u0144 absolwent\u00f3w. By\u0142 budowniczym nie\u2026","rel":"","context":"W \u201eJubileusz&quot;","block_context":{"text":"Jubileusz","link":"https:\/\/satg.pl\/geolog\/archiwa\/category\/jubileusz\/"},"img":{"alt_text":"","src":"","width":0,"height":0},"classes":[]},{"id":21793,"url":"https:\/\/satg.pl\/geolog\/archiwa\/zjazd-absolwentow-technikum-geologicznego-okiem-reportera-czesc-kielecka\/","url_meta":{"origin":1999,"position":1},"title":"Zjazd Absolwent\u00f3w Technikum Geologicznego okiem reportera &#8211; cz\u0119\u015b\u0107 kielecka","author":"Garapozales","date":"2023-06-26","format":false,"excerpt":"https:\/\/echodnia.eu\/swietokrzyskie\/wyjatkowy-zjazd-absolwentow-i-jubileusz-technikum-geologicznego-w-kielcach-przyjechaly-setki-osob-z-calej-polski\/ar\/c5-17662463","rel":"","context":"W \u201eBez kategorii&quot;","block_context":{"text":"Bez kategorii","link":"https:\/\/satg.pl\/geolog\/archiwa\/category\/bez-kategorii\/"},"img":{"alt_text":"","src":"","width":0,"height":0},"classes":[]},{"id":3945,"url":"https:\/\/satg.pl\/geolog\/archiwa\/ul-jana-kaminskiego-ktora\/","url_meta":{"origin":1999,"position":2},"title":"ul. Jana Kami\u0144skiego &#8211; kt\u00f3ra?","author":"Garapozales","date":"2015-12-18","format":false,"excerpt":"Mapa przedstawia po\u0142o\u017cenie ulicy Jana Kami\u0144skiego w Kielcach. Przez jaki\u015b czas b\u0119dzie si\u0119 jeszcze wy\u015bwietla\u0142a nazwa Bernardy\u0144ska (w widoku \"mapa) dop\u00f3ki google nie naniesie nowych danych. Ikona przedstawia po\u0142o\u017cenie kamienia przy ulicy Jana Kami\u0144skiego. \u00a0","rel":"","context":"W \u201eJubileusz&quot;","block_context":{"text":"Jubileusz","link":"https:\/\/satg.pl\/geolog\/archiwa\/category\/jubileusz\/"},"img":{"alt_text":"Jan Kami\u0144ski","src":"https:\/\/i0.wp.com\/garapo.o12.pl\/wp-content\/uploads\/2015\/12\/Kami%C5%84ski.jpg?resize=350%2C200","width":350,"height":200},"classes":[]},{"id":19436,"url":"https:\/\/satg.pl\/geolog\/archiwa\/35-lat-geologa-rok-1988\/","url_meta":{"origin":1999,"position":3},"title":"35 lat Geologa &#8211; rok 1988","author":"Garapozales","date":"2016-04-09","format":false,"excerpt":"Rok 1988, PRL na ostrym zakr\u0119cie, a nasz Geolog ko\u0144czy w\u0142a\u015bnie 35 lat - ostatni rok \"m\u0142odzie\u017cowy\" wg \u00f3wczesnej nomenklatury. Niestety powoli ju\u017c wida\u0107 \"upadek\" szko\u0142y. To ju\u017c chyba czwarty rok po przymusowej eksmisji. Podzia\u0142 na dwa przedzia\u0142y czasowe nie pomagaj\u0105. Przypomn\u0119: 1,3 i 5 klasa chodzi\u0142a na dzienn\u0105 zmian\u0119,\u2026","rel":"","context":"W \u201eBez kategorii&quot;","block_context":{"text":"Bez kategorii","link":"https:\/\/satg.pl\/geolog\/archiwa\/category\/bez-kategorii\/"},"img":{"alt_text":"","src":"https:\/\/i0.wp.com\/satg.pl\/geolog\/wp-content\/uploads\/ngg_featured\/Zjazd_1988_0002-2.jpg?fit=800%2C509&ssl=1&resize=350%2C200","width":350,"height":200,"srcset":"https:\/\/i0.wp.com\/satg.pl\/geolog\/wp-content\/uploads\/ngg_featured\/Zjazd_1988_0002-2.jpg?fit=800%2C509&ssl=1&resize=350%2C200 1x, https:\/\/i0.wp.com\/satg.pl\/geolog\/wp-content\/uploads\/ngg_featured\/Zjazd_1988_0002-2.jpg?fit=800%2C509&ssl=1&resize=525%2C300 1.5x, https:\/\/i0.wp.com\/satg.pl\/geolog\/wp-content\/uploads\/ngg_featured\/Zjazd_1988_0002-2.jpg?fit=800%2C509&ssl=1&resize=700%2C400 2x"},"classes":[]},{"id":20256,"url":"https:\/\/satg.pl\/geolog\/archiwa\/xi-zjazd-absolwentow-technikum-geologicznego-w-kielcach\/","url_meta":{"origin":1999,"position":4},"title":"XI ZJAZD ABSOLWENT\u00d3W TECHNIKUM GEOLOGICZNEGO w KIELCACH","author":"Garapozales","date":"2018-01-18","format":false,"excerpt":"ZAPROSZENIE\u00a0 -\u00a0 XI ZJAZD ABSOLWENT\u00d3W TECHNIKUM GEOLOGICZNEGO w KIELCACH - kliknij ZAPROSZENIE \u00a0 Komitet organizacyjny Zjazdu zaprasza Absolwent\u00f3w TG Kielce na XI Zjazd , kt\u00f3ry odb\u0119dzie si\u0119 w dniach 16-17 czerwca 2018r. w Ameli\u00f3wce \u00a0\u00a0 Rozpocz\u0119cie Zjazdu : godz.13.00 - msza \u015bw. w Katedrze w Kielcach Rozpocz\u0119cie w Ameli\u00f3wce: 18.30\u2026","rel":"","context":"W \u201eJubileusz&quot;","block_context":{"text":"Jubileusz","link":"https:\/\/satg.pl\/geolog\/archiwa\/category\/jubileusz\/"},"img":{"alt_text":"","src":"https:\/\/i0.wp.com\/satg.pl\/geolog\/wp-content\/uploads\/2010\/06\/tg_tarcza.jpg?resize=350%2C200","width":350,"height":200},"classes":[]},{"id":1563,"url":"https:\/\/satg.pl\/geolog\/archiwa\/komunikat-3-2\/","url_meta":{"origin":1999,"position":5},"title":"Komunikat 3","author":"Garapozales","date":"2013-04-23","format":false,"excerpt":"Kole\u017canki i Koledzy !!! Na dzisiejszym zebraniu ustalono nast\u0119puj\u0105ce szczeg\u00f3\u0142y organizacyjne Zjazdu: 1. Po mszy \u015bw. w Katedrze o godz. 13.00, idziemy do by\u0142ych szk\u00f3\u0142 - za grupy odpowiedzialni s\u0105 : szko\u0142a na \u015aciegiennego : Wies\u0142aw Tokarski i W\u0142adys\u0142aw Kamusi\u0144ski szko\u0142a na Al. Legion\u00f3w : Stanis\u0142aw Dziura i Piotr Szrek\u2026","rel":"","context":"W \u201eBez kategorii&quot;","block_context":{"text":"Bez kategorii","link":"https:\/\/satg.pl\/geolog\/archiwa\/category\/bez-kategorii\/"},"img":{"alt_text":"","src":"https:\/\/i0.wp.com\/satg.pl\/geolog\/wp-content\/uploads\/2013\/05\/zjazd2_tab.jpg?fit=775%2C790&ssl=1&resize=350%2C200","width":350,"height":200,"srcset":"https:\/\/i0.wp.com\/satg.pl\/geolog\/wp-content\/uploads\/2013\/05\/zjazd2_tab.jpg?fit=775%2C790&ssl=1&resize=350%2C200 1x, https:\/\/i0.wp.com\/satg.pl\/geolog\/wp-content\/uploads\/2013\/05\/zjazd2_tab.jpg?fit=775%2C790&ssl=1&resize=525%2C300 1.5x, https:\/\/i0.wp.com\/satg.pl\/geolog\/wp-content\/uploads\/2013\/05\/zjazd2_tab.jpg?fit=775%2C790&ssl=1&resize=700%2C400 2x"},"classes":[]}],"jetpack_likes_enabled":true,"_links":{"self":[{"href":"https:\/\/satg.pl\/geolog\/wp-json\/wp\/v2\/posts\/1999","targetHints":{"allow":["GET"]}}],"collection":[{"href":"https:\/\/satg.pl\/geolog\/wp-json\/wp\/v2\/posts"}],"about":[{"href":"https:\/\/satg.pl\/geolog\/wp-json\/wp\/v2\/types\/post"}],"author":[{"embeddable":true,"href":"https:\/\/satg.pl\/geolog\/wp-json\/wp\/v2\/users\/1"}],"replies":[{"embeddable":true,"href":"https:\/\/satg.pl\/geolog\/wp-json\/wp\/v2\/comments?post=1999"}],"version-history":[{"count":1,"href":"https:\/\/satg.pl\/geolog\/wp-json\/wp\/v2\/posts\/1999\/revisions"}],"predecessor-version":[{"id":18387,"href":"https:\/\/satg.pl\/geolog\/wp-json\/wp\/v2\/posts\/1999\/revisions\/18387"}],"wp:featuredmedia":[{"embeddable":true,"href":"https:\/\/satg.pl\/geolog\/wp-json\/wp\/v2\/media\/18388"}],"wp:attachment":[{"href":"https:\/\/satg.pl\/geolog\/wp-json\/wp\/v2\/media?parent=1999"}],"wp:term":[{"taxonomy":"category","embeddable":true,"href":"https:\/\/satg.pl\/geolog\/wp-json\/wp\/v2\/categories?post=1999"},{"taxonomy":"post_tag","embeddable":true,"href":"https:\/\/satg.pl\/geolog\/wp-json\/wp\/v2\/tags?post=1999"}],"curies":[{"name":"wp","href":"https:\/\/api.w.org\/{rel}","templated":true}]}}