{"id":19987,"date":"2016-12-18T13:18:56","date_gmt":"2016-12-18T12:18:56","guid":{"rendered":"http:\/\/satg.pl\/geolog\/?p=19987"},"modified":"2016-12-20T23:31:05","modified_gmt":"2016-12-20T22:31:05","slug":"barborka-2016-retrospekcja-fotograficzna","status":"publish","type":"post","link":"https:\/\/satg.pl\/geolog\/archiwa\/barborka-2016-retrospekcja-fotograficzna\/","title":{"rendered":"Barb\u00f3rka 2016 retrospekcja fotograficzna"},"content":{"rendered":"<p>Ju\u017c po Barb\u00f3rce, zosta\u0142y zdj\u0119cia. Kilkadziesi\u0105t ujawniamy ju\u017c dzi\u015b. Fotografie Kasi, Marzeny i Zbyszka.<\/p>\n<p><!--more--><\/p>\nngg_shortcode_0_placeholder\n","protected":false},"excerpt":{"rendered":"<p>Ju\u017c po Barb\u00f3rce, zosta\u0142y zdj\u0119cia. Kilkadziesi\u0105t ujawniamy ju\u017c dzi\u015b. Fotografie Kasi, Marzeny i Zbyszka.<\/p>\n<p class=\"continue-reading-button\"> <a class=\"continue-reading-link\" href=\"https:\/\/satg.pl\/geolog\/archiwa\/barborka-2016-retrospekcja-fotograficzna\/\">Czytaj dalej<i class=\"crycon-right-dir\"><\/i><\/a><\/p>\n","protected":false},"author":1,"featured_media":19991,"comment_status":"open","ping_status":"open","sticky":false,"template":"","format":"standard","meta":{"ngg_post_thumbnail":0,"jetpack_post_was_ever_published":false,"_jetpack_newsletter_access":"","_jetpack_dont_email_post_to_subs":true,"_jetpack_newsletter_tier_id":0,"_jetpack_memberships_contains_paywalled_content":false,"_jetpack_memberships_contains_paid_content":false,"footnotes":"","jetpack_publicize_message":"","jetpack_publicize_feature_enabled":true,"jetpack_social_post_already_shared":true,"jetpack_social_options":{"image_generator_settings":{"template":"highway","default_image_id":0,"font":"","enabled":false},"version":2}},"categories":[2,1,5],"tags":[],"class_list":["post-19987","post","type-post","status-publish","format-standard","has-post-thumbnail","hentry","category-barborka","category-bez-kategorii","category-kielce"],"jetpack_publicize_connections":[],"jetpack_featured_media_url":"https:\/\/i0.wp.com\/satg.pl\/geolog\/wp-content\/uploads\/ngg_featured\/IMG_1344.jpg?fit=800%2C531&ssl=1","jetpack_sharing_enabled":true,"jetpack_shortlink":"https:\/\/wp.me\/p7jPbe-5cn","jetpack-related-posts":[{"id":21289,"url":"https:\/\/satg.pl\/geolog\/archiwa\/barborka-2019-juz-tylko-wspomnienie\/","url_meta":{"origin":19987,"position":0},"title":"Barb\u00f3rka 2019 &#8211; ju\u017c tylko wspomnienie","author":"Garapozales","date":"2019-12-29","format":false,"excerpt":"Barb\u00f3rka zapisana w pikselach.","rel":"","context":"W \u201eBarb\u00f3rka&quot;","block_context":{"text":"Barb\u00f3rka","link":"https:\/\/satg.pl\/geolog\/archiwa\/category\/barborka\/"},"img":{"alt_text":"","src":"https:\/\/i0.wp.com\/satg.pl\/geolog\/wp-content\/uploads\/2019\/12\/P1180169.jpg?resize=350%2C200&ssl=1","width":350,"height":200,"srcset":"https:\/\/i0.wp.com\/satg.pl\/geolog\/wp-content\/uploads\/2019\/12\/P1180169.jpg?resize=350%2C200&ssl=1 1x, https:\/\/i0.wp.com\/satg.pl\/geolog\/wp-content\/uploads\/2019\/12\/P1180169.jpg?resize=525%2C300&ssl=1 1.5x, https:\/\/i0.wp.com\/satg.pl\/geolog\/wp-content\/uploads\/2019\/12\/P1180169.jpg?resize=700%2C400&ssl=1 2x, https:\/\/i0.wp.com\/satg.pl\/geolog\/wp-content\/uploads\/2019\/12\/P1180169.jpg?resize=1050%2C600&ssl=1 3x"},"classes":[]},{"id":1177,"url":"https:\/\/satg.pl\/geolog\/archiwa\/barborka-2\/","url_meta":{"origin":19987,"position":1},"title":"Barb\u00f3rka","author":"Garapozales","date":"2012-11-30","format":false,"excerpt":"Ju\u017c jutro, cho\u0107 nie 4 grudnia, Barb\u00f3rka.","rel":"","context":"W \u201eBarb\u00f3rka&quot;","block_context":{"text":"Barb\u00f3rka","link":"https:\/\/satg.pl\/geolog\/archiwa\/category\/barborka\/"},"img":{"alt_text":"","src":"https:\/\/i0.wp.com\/satg.pl\/geolog\/wp-content\/uploads\/2011\/11\/flaga_gornicza2.gif?fit=346%2C216&ssl=1&resize=350%2C200","width":350,"height":200},"classes":[]},{"id":1170,"url":"https:\/\/satg.pl\/geolog\/archiwa\/barborka-2012-2\/","url_meta":{"origin":19987,"position":2},"title":"Barb\u00f3rka 2012","author":"Garapozales","date":"2012-11-13","format":false,"excerpt":"Barb\u00f3rka tu\u017c, tu\u017c. Znana jest ju\u017c cena noclegu w Hotelu Kameralnym i wynosi ona 90 z\u0142 od osoby. Rezerwacji mo\u017cna dokona\u0107 pod numerem +48 41 348 25 30. W cen\u0119 wliczone jest \u015bniadanie 2 grudnia oraz parking. Szczeg\u00f3\u0142y we wcze\u015bniejszym wpisie o Barb\u00f3rce ZAPRAZSZAMY","rel":"","context":"W \u201eBarb\u00f3rka&quot;","block_context":{"text":"Barb\u00f3rka","link":"https:\/\/satg.pl\/geolog\/archiwa\/category\/barborka\/"},"img":{"alt_text":"","src":"https:\/\/i0.wp.com\/satg.pl\/geolog\/wp-content\/uploads\/2012\/10\/symbol_gorniczy.jpg?fit=640%2C640&ssl=1&resize=350%2C200","width":350,"height":200,"srcset":"https:\/\/i0.wp.com\/satg.pl\/geolog\/wp-content\/uploads\/2012\/10\/symbol_gorniczy.jpg?fit=640%2C640&ssl=1&resize=350%2C200 1x, https:\/\/i0.wp.com\/satg.pl\/geolog\/wp-content\/uploads\/2012\/10\/symbol_gorniczy.jpg?fit=640%2C640&ssl=1&resize=525%2C300 1.5x"},"classes":[]},{"id":1925,"url":"https:\/\/satg.pl\/geolog\/archiwa\/barborka-2013\/","url_meta":{"origin":19987,"position":3},"title":"Barb\u00f3rka 2013","author":"Garapozales","date":"2013-12-15","format":false,"excerpt":"I ju\u017c po. Po si\u00f3dmym grudnia, kiedy jak co roku spotkali\u015bmy si\u0119 na Karczmie Piwnej. Na pocz\u0105tku spotkanie pod dawn\u0105 szko\u0142\u0105 na ul. \u015aciegiennego oraz przy grobie dyrektora Jana. Cho\u0107 pogoda w Polsce nie dopisa\u0142a to wieczorem do hotelu Kameralnego zawita\u0142a ca\u0142kiem spora ilo\u015b\u0107 \"Braci G\u00f3rniczo-Geologicznej\". Biesiad\u0119 rozpocz\u0119li\u015bmy od od\u015bpiewania\u2026","rel":"","context":"W \u201eBarb\u00f3rka&quot;","block_context":{"text":"Barb\u00f3rka","link":"https:\/\/satg.pl\/geolog\/archiwa\/category\/barborka\/"},"img":{"alt_text":"","src":"https:\/\/i0.wp.com\/satg.pl\/geolog\/wp-content\/uploads\/ngg_featured\/barborka_2013_136.jpg?fit=964%2C664&ssl=1&resize=350%2C200","width":350,"height":200,"srcset":"https:\/\/i0.wp.com\/satg.pl\/geolog\/wp-content\/uploads\/ngg_featured\/barborka_2013_136.jpg?fit=964%2C664&ssl=1&resize=350%2C200 1x, https:\/\/i0.wp.com\/satg.pl\/geolog\/wp-content\/uploads\/ngg_featured\/barborka_2013_136.jpg?fit=964%2C664&ssl=1&resize=525%2C300 1.5x, https:\/\/i0.wp.com\/satg.pl\/geolog\/wp-content\/uploads\/ngg_featured\/barborka_2013_136.jpg?fit=964%2C664&ssl=1&resize=700%2C400 2x"},"classes":[]},{"id":698,"url":"https:\/\/satg.pl\/geolog\/archiwa\/barborka-2011-mmxi\/","url_meta":{"origin":19987,"position":4},"title":"BARB\u00d3RKA 2011 \/MMXI\/","author":"Garapozales","date":"2011-10-03","format":false,"excerpt":"26 LISTOPADA odb\u0119dzie si\u0119 coroczna karczma barb\u00f3rkowa \u00a0 Do Absolwent\u00f3w TG autor chcia\u0142 pozosta\u0107 anonimowy Jak co roku o tej porze Gdy ju\u017c ch\u0142odno Jest na dworze Czcimy nasz\u0105 patronk\u0119 Basi\u0119 ,Barb\u00f3rk\u0119 I dlatego zarz\u0105dzamy Obowi\u0105zkow\u0105 zbi\u00f3rk\u0119 Hotel Kameralny 26-tego listopada I pami\u0119tajcie Nie by\u0107 a\u017c nie wypada!!! Przyje\u017cd\u017cajcie t\u0142umnie\u2026","rel":"","context":"W \u201eBarb\u00f3rka&quot;","block_context":{"text":"Barb\u00f3rka","link":"https:\/\/satg.pl\/geolog\/archiwa\/category\/barborka\/"},"img":{"alt_text":"","src":"https:\/\/i0.wp.com\/satg.pl\/geolog\/wp-content\/uploads\/2010\/11\/gornik.jpg?fit=800%2C500&ssl=1&resize=350%2C200","width":350,"height":200,"srcset":"https:\/\/i0.wp.com\/satg.pl\/geolog\/wp-content\/uploads\/2010\/11\/gornik.jpg?fit=800%2C500&ssl=1&resize=350%2C200 1x, https:\/\/i0.wp.com\/satg.pl\/geolog\/wp-content\/uploads\/2010\/11\/gornik.jpg?fit=800%2C500&ssl=1&resize=525%2C300 1.5x, https:\/\/i0.wp.com\/satg.pl\/geolog\/wp-content\/uploads\/2010\/11\/gornik.jpg?fit=800%2C500&ssl=1&resize=700%2C400 2x"},"classes":[]},{"id":1198,"url":"https:\/\/satg.pl\/geolog\/archiwa\/barborka-od-dziury-do-wylotu\/","url_meta":{"origin":19987,"position":5},"title":"Barb\u00f3rka od Dziury do Wylotu","author":"Garapozales","date":"2012-12-10","format":false,"excerpt":"Barb\u00f3rka, a raczej g\u00f3rnicza karczma piwna (cho\u0107 w naszym przypadku chyba geologiczna) odby\u0142a si\u0119 1 grudnia. Bra\u0107 geologiczna przyby\u0142a w znacznym i zacnym gronie. Mo\u017cna by nawet si\u0119 pokusic na stwierdzenie \u201eod dziury do wylotu\u201d, od pocz\u0105tku do ko\u0144ca (poniewa\u017c zjawi\u0142y si\u0119 osoby z niemal\u017ce ostatniego rocznika, a Dziura Stanis\u0142aw\u2026","rel":"","context":"W \u201eBez kategorii&quot;","block_context":{"text":"Bez kategorii","link":"https:\/\/satg.pl\/geolog\/archiwa\/category\/bez-kategorii\/"},"img":{"alt_text":"","src":"","width":0,"height":0},"classes":[]}],"jetpack_likes_enabled":true,"_links":{"self":[{"href":"https:\/\/satg.pl\/geolog\/wp-json\/wp\/v2\/posts\/19987","targetHints":{"allow":["GET"]}}],"collection":[{"href":"https:\/\/satg.pl\/geolog\/wp-json\/wp\/v2\/posts"}],"about":[{"href":"https:\/\/satg.pl\/geolog\/wp-json\/wp\/v2\/types\/post"}],"author":[{"embeddable":true,"href":"https:\/\/satg.pl\/geolog\/wp-json\/wp\/v2\/users\/1"}],"replies":[{"embeddable":true,"href":"https:\/\/satg.pl\/geolog\/wp-json\/wp\/v2\/comments?post=19987"}],"version-history":[{"count":4,"href":"https:\/\/satg.pl\/geolog\/wp-json\/wp\/v2\/posts\/19987\/revisions"}],"predecessor-version":[{"id":19992,"href":"https:\/\/satg.pl\/geolog\/wp-json\/wp\/v2\/posts\/19987\/revisions\/19992"}],"wp:featuredmedia":[{"embeddable":true,"href":"https:\/\/satg.pl\/geolog\/wp-json\/wp\/v2\/media\/19991"}],"wp:attachment":[{"href":"https:\/\/satg.pl\/geolog\/wp-json\/wp\/v2\/media?parent=19987"}],"wp:term":[{"taxonomy":"category","embeddable":true,"href":"https:\/\/satg.pl\/geolog\/wp-json\/wp\/v2\/categories?post=19987"},{"taxonomy":"post_tag","embeddable":true,"href":"https:\/\/satg.pl\/geolog\/wp-json\/wp\/v2\/tags?post=19987"}],"curies":[{"name":"wp","href":"https:\/\/api.w.org\/{rel}","templated":true}]}}