{"id":19572,"date":"2016-11-28T00:12:49","date_gmt":"2016-11-27T23:12:49","guid":{"rendered":"http:\/\/satg.pl\/geolog\/?p=19572"},"modified":"2016-11-28T00:25:21","modified_gmt":"2016-11-27T23:25:21","slug":"z-albumu-jacka-w","status":"publish","type":"post","link":"https:\/\/satg.pl\/geolog\/archiwa\/z-albumu-jacka-w\/","title":{"rendered":"z albumu Jacka W."},"content":{"rendered":"<p>Zdj\u0119cia, kt\u00f3re Jacek przekaza\u0142 na Barb\u00f3rce. troch\u0119 to trwa\u0142o, ale si\u0119 uda\u0142o.<\/p>\n<p>Nadal czekamy na Wasze zdj\u0119cia z archiwum. Do kole\u017canek i koleg\u00f3w, kt\u00f3rzy b\u0119d\u0105 na Barb\u00f3rce: przynie\u015bcie cho\u0107 cz\u0119\u015b\u0107 swoich zdj\u0119\u0107. Postaramy si\u0119 na miejscu skopiowa\u0107 i zachowa\u0107 dla potomnych.<!--more--><\/p>\nngg_shortcode_0_placeholder\n","protected":false},"excerpt":{"rendered":"<p>Zdj\u0119cia, kt\u00f3re Jacek przekaza\u0142 na Barb\u00f3rce. troch\u0119 to trwa\u0142o, ale si\u0119 uda\u0142o. Nadal czekamy na Wasze zdj\u0119cia z archiwum. Do kole\u017canek i koleg\u00f3w, kt\u00f3rzy b\u0119d\u0105 na Barb\u00f3rce: przynie\u015bcie cho\u0107 cz\u0119\u015b\u0107 swoich zdj\u0119\u0107. Postaramy si\u0119 na miejscu skopiowa\u0107 i zachowa\u0107 dla potomnych.<\/p>\n<p class=\"continue-reading-button\"> <a class=\"continue-reading-link\" href=\"https:\/\/satg.pl\/geolog\/archiwa\/z-albumu-jacka-w\/\">Czytaj dalej<i class=\"crycon-right-dir\"><\/i><\/a><\/p>\n","protected":false},"author":1,"featured_media":19578,"comment_status":"open","ping_status":"open","sticky":false,"template":"","format":"standard","meta":{"ngg_post_thumbnail":0,"jetpack_post_was_ever_published":false,"_jetpack_newsletter_access":"","_jetpack_dont_email_post_to_subs":true,"_jetpack_newsletter_tier_id":0,"_jetpack_memberships_contains_paywalled_content":false,"_jetpack_memberships_contains_paid_content":false,"footnotes":"","jetpack_publicize_message":"","jetpack_publicize_feature_enabled":true,"jetpack_social_post_already_shared":true,"jetpack_social_options":{"image_generator_settings":{"template":"highway","default_image_id":0,"font":"","enabled":false},"version":2}},"categories":[1],"tags":[],"class_list":["post-19572","post","type-post","status-publish","format-standard","has-post-thumbnail","hentry","category-bez-kategorii"],"jetpack_publicize_connections":[],"jetpack_featured_media_url":"https:\/\/i0.wp.com\/satg.pl\/geolog\/wp-content\/uploads\/ngg_featured\/IMG_1009.jpg?fit=800%2C534&ssl=1","jetpack_sharing_enabled":true,"jetpack_shortlink":"https:\/\/wp.me\/p7jPbe-55G","jetpack-related-posts":[{"id":3611,"url":"https:\/\/satg.pl\/geolog\/archiwa\/po-barborce\/","url_meta":{"origin":19572,"position":0},"title":"Po Barb\u00f3rce","author":"Garapozales","date":"2015-12-18","format":false,"excerpt":"Pi\u0105tego dnia grudnia by\u0142 dniem wyj\u0105tkowym. Po za coroczn\u0105 biesiad\u0105 barb\u00f3rkow\u0105 by\u0142o uroczyste nadanie jednej z ulic kieleckich imienia Jana Kami\u0144skiego. Obchody rozpocz\u0119\u0142y si\u0119 msza \u015bwi\u0119t\u0105 na g\u00f3rze Karcz\u00f3wka. Potem przej\u015bcie do kamienia na samym pocz\u0105tku ulicy Naszego Dyrektora, odwiedziny na cmentarzu i barb\u00f3rkowa karczma. Zapraszamy do ogl\u0105dania galerii (zdj\u0119cia\u2026","rel":"","context":"W \u201eBez kategorii&quot;","block_context":{"text":"Bez kategorii","link":"https:\/\/satg.pl\/geolog\/archiwa\/category\/bez-kategorii\/"},"img":{"alt_text":"","src":"","width":0,"height":0},"classes":[]},{"id":1180,"url":"https:\/\/satg.pl\/geolog\/archiwa\/i-po-barborce-zwanej-tez-barburka\/","url_meta":{"origin":19572,"position":1},"title":"I po Barb\u00f3rce, zwanej te\u017c Barburk\u0105","author":"Garapozales","date":"2012-12-05","format":false,"excerpt":"Prezentacja zdj\u0119\u0107, kt\u00f3ra by\u0142a pokazywana na Barb\u00f3rce 1 grudnia 2012. I po Barb\u00f3rce, a jak by\u0142o wszystko zdj\u0119cia \"opowiedz\u0105\"","rel":"","context":"W \u201eBarb\u00f3rka&quot;","block_context":{"text":"Barb\u00f3rka","link":"https:\/\/satg.pl\/geolog\/archiwa\/category\/barborka\/"},"img":{"alt_text":"","src":"https:\/\/i0.wp.com\/satg.pl\/geolog\/wp-content\/uploads\/ngg_featured\/barborka_2012_150.jpg?fit=830%2C563&ssl=1&resize=350%2C200","width":350,"height":200,"srcset":"https:\/\/i0.wp.com\/satg.pl\/geolog\/wp-content\/uploads\/ngg_featured\/barborka_2012_150.jpg?fit=830%2C563&ssl=1&resize=350%2C200 1x, https:\/\/i0.wp.com\/satg.pl\/geolog\/wp-content\/uploads\/ngg_featured\/barborka_2012_150.jpg?fit=830%2C563&ssl=1&resize=525%2C300 1.5x, https:\/\/i0.wp.com\/satg.pl\/geolog\/wp-content\/uploads\/ngg_featured\/barborka_2012_150.jpg?fit=830%2C563&ssl=1&resize=700%2C400 2x"},"classes":[]},{"id":985,"url":"https:\/\/satg.pl\/geolog\/archiwa\/i-po-barborce\/","url_meta":{"origin":19572,"position":2},"title":"I po Barb\u00f3rce","author":"Garapozales","date":"2011-12-09","format":false,"excerpt":"W biesiadzie uczestniczy\u0142o 68 os\u00f3b. Swoj\u0105 obecno\u015bci\u0105 zaszczyci\u0142o nas 7 profesor\u00f3w. Poni\u017cej zdj\u0119cia z biesiady, mo\u017ce kto\u015b pokusi si\u0119 na podpisywanie ich. Podczas cz\u0119\u015bci oficjalnej Zarz\u0105d nada\u0142 stopnie g\u00f3rnicze ni\u017cej wymienionym: Lasak Joanna Siemieniec Augustyn Krakowiak Roman Wilman Jerzy Paj\u0105k Marian Laszczyk Andrzej Pyszniak Jacek Tokarski Wies\u0142aw Kuc J\u00f3zef Sowi\u0144ski\u2026","rel":"","context":"W \u201eBarb\u00f3rka&quot;","block_context":{"text":"Barb\u00f3rka","link":"https:\/\/satg.pl\/geolog\/archiwa\/category\/barborka\/"},"img":{"alt_text":"","src":"https:\/\/i0.wp.com\/satg.pl\/geolog\/wp-content\/uploads\/ngg_featured\/barborka2011_tg_105.jpg?fit=868%2C668&ssl=1&resize=350%2C200","width":350,"height":200,"srcset":"https:\/\/i0.wp.com\/satg.pl\/geolog\/wp-content\/uploads\/ngg_featured\/barborka2011_tg_105.jpg?fit=868%2C668&ssl=1&resize=350%2C200 1x, https:\/\/i0.wp.com\/satg.pl\/geolog\/wp-content\/uploads\/ngg_featured\/barborka2011_tg_105.jpg?fit=868%2C668&ssl=1&resize=525%2C300 1.5x, https:\/\/i0.wp.com\/satg.pl\/geolog\/wp-content\/uploads\/ngg_featured\/barborka2011_tg_105.jpg?fit=868%2C668&ssl=1&resize=700%2C400 2x"},"classes":[]},{"id":1693,"url":"https:\/\/satg.pl\/geolog\/archiwa\/zdjecia-z-kufra\/","url_meta":{"origin":19572,"position":3},"title":"Zdj\u0119cia z kufra","author":"Garapozales","date":"2013-10-24","format":false,"excerpt":"Sporo zdj\u0119\u0107 w archiwum jest bez podpis\u00f3w. B\u0119dziemy je publikowa\u0107 grupami. Ka\u017cde zdj\u0119cie ma swoj\u0105 w\u0142asn\u0105 nazw\u0119 np. TG_bd_001. Na pewno s\u0105 osoby, kt\u00f3re poznaj\u0105 siebie, znajomych, miejsce, mo\u017ce nawet b\u0119d\u0105 pami\u0119ta\u0107 rok lub lata. nie dajmy zgin\u0105\u0107 historii \"naszego technikum\". W komentarzach wystarczy napisa\u0107 numer numer z nazwy zdj\u0119cia,\u2026","rel":"","context":"W \u201eBez kategorii&quot;","block_context":{"text":"Bez kategorii","link":"https:\/\/satg.pl\/geolog\/archiwa\/category\/bez-kategorii\/"},"img":{"alt_text":"","src":"https:\/\/i0.wp.com\/satg.pl\/geolog\/wp-content\/uploads\/ngg_featured\/tg_bd_006.jpg?fit=899%2C1114&ssl=1&resize=350%2C200","width":350,"height":200,"srcset":"https:\/\/i0.wp.com\/satg.pl\/geolog\/wp-content\/uploads\/ngg_featured\/tg_bd_006.jpg?fit=899%2C1114&ssl=1&resize=350%2C200 1x, https:\/\/i0.wp.com\/satg.pl\/geolog\/wp-content\/uploads\/ngg_featured\/tg_bd_006.jpg?fit=899%2C1114&ssl=1&resize=525%2C300 1.5x, https:\/\/i0.wp.com\/satg.pl\/geolog\/wp-content\/uploads\/ngg_featured\/tg_bd_006.jpg?fit=899%2C1114&ssl=1&resize=700%2C400 2x"},"classes":[]},{"id":21050,"url":"https:\/\/satg.pl\/geolog\/archiwa\/barborka-kilka-zdjec-po-czesc-1\/","url_meta":{"origin":19572,"position":4},"title":"Barb\u00f3rka &#8211; kilka zdj\u0119\u0107 po, cz\u0119\u015b\u0107 1 i 2 i 3 i 4","author":"Garapozales","date":"2018-11-25","format":false,"excerpt":"I po Barb\u00f3rce. Relacja zdj\u0119ciowa cz\u0119\u015b\u0107 1 i 2 i 3 i 4\u00a0 (f. MBD i ZG, MD i SM)","rel":"","context":"W \u201eBez kategorii&quot;","block_context":{"text":"Bez kategorii","link":"https:\/\/satg.pl\/geolog\/archiwa\/category\/bez-kategorii\/"},"img":{"alt_text":"","src":"https:\/\/i0.wp.com\/satg.pl\/geolog\/wp-content\/uploads\/2016\/10\/godlo-gornicze.png?fit=220%2C220&ssl=1&resize=350%2C200","width":350,"height":200},"classes":[]},{"id":20725,"url":"https:\/\/satg.pl\/geolog\/archiwa\/65-lat-zdjecia-nastepne\/","url_meta":{"origin":19572,"position":5},"title":"65 lat &#8211; zdj\u0119cia nast\u0119pne","author":"Garapozales","date":"2018-11-20","format":false,"excerpt":"\u00a0Kilka jeszcze nie publikowanych zdj\u0119\u0107 z 65 lecia TG. A do Barb\u00f3rki zosta\u0142o tylko kilka dni, do nast\u0119pnego zjazdu 5 lat. Zapraszamy na Barb\u00f3rk\u0119.","rel":"","context":"W \u201eBez kategorii&quot;","block_context":{"text":"Bez kategorii","link":"https:\/\/satg.pl\/geolog\/archiwa\/category\/bez-kategorii\/"},"img":{"alt_text":"","src":"https:\/\/i0.wp.com\/satg.pl\/geolog\/wp-content\/uploads\/ngg_featured\/DSC_6836.jpg?fit=1024%2C683&ssl=1&resize=350%2C200","width":350,"height":200,"srcset":"https:\/\/i0.wp.com\/satg.pl\/geolog\/wp-content\/uploads\/ngg_featured\/DSC_6836.jpg?fit=1024%2C683&ssl=1&resize=350%2C200 1x, https:\/\/i0.wp.com\/satg.pl\/geolog\/wp-content\/uploads\/ngg_featured\/DSC_6836.jpg?fit=1024%2C683&ssl=1&resize=525%2C300 1.5x, https:\/\/i0.wp.com\/satg.pl\/geolog\/wp-content\/uploads\/ngg_featured\/DSC_6836.jpg?fit=1024%2C683&ssl=1&resize=700%2C400 2x"},"classes":[]}],"jetpack_likes_enabled":true,"_links":{"self":[{"href":"https:\/\/satg.pl\/geolog\/wp-json\/wp\/v2\/posts\/19572","targetHints":{"allow":["GET"]}}],"collection":[{"href":"https:\/\/satg.pl\/geolog\/wp-json\/wp\/v2\/posts"}],"about":[{"href":"https:\/\/satg.pl\/geolog\/wp-json\/wp\/v2\/types\/post"}],"author":[{"embeddable":true,"href":"https:\/\/satg.pl\/geolog\/wp-json\/wp\/v2\/users\/1"}],"replies":[{"embeddable":true,"href":"https:\/\/satg.pl\/geolog\/wp-json\/wp\/v2\/comments?post=19572"}],"version-history":[{"count":4,"href":"https:\/\/satg.pl\/geolog\/wp-json\/wp\/v2\/posts\/19572\/revisions"}],"predecessor-version":[{"id":19577,"href":"https:\/\/satg.pl\/geolog\/wp-json\/wp\/v2\/posts\/19572\/revisions\/19577"}],"wp:featuredmedia":[{"embeddable":true,"href":"https:\/\/satg.pl\/geolog\/wp-json\/wp\/v2\/media\/19578"}],"wp:attachment":[{"href":"https:\/\/satg.pl\/geolog\/wp-json\/wp\/v2\/media?parent=19572"}],"wp:term":[{"taxonomy":"category","embeddable":true,"href":"https:\/\/satg.pl\/geolog\/wp-json\/wp\/v2\/categories?post=19572"},{"taxonomy":"post_tag","embeddable":true,"href":"https:\/\/satg.pl\/geolog\/wp-json\/wp\/v2\/tags?post=19572"}],"curies":[{"name":"wp","href":"https:\/\/api.w.org\/{rel}","templated":true}]}}