{"id":19544,"date":"2016-11-22T09:29:34","date_gmt":"2016-11-22T08:29:34","guid":{"rendered":"http:\/\/satg.pl\/geolog\/?p=19544"},"modified":"2016-12-20T23:31:22","modified_gmt":"2016-12-20T22:31:22","slug":"gielda-mineralow","status":"publish","type":"post","link":"https:\/\/satg.pl\/geolog\/archiwa\/gielda-mineralow\/","title":{"rendered":"Gie\u0142da Minera\u0142\u00f3w"},"content":{"rendered":"<p>\u015awi\u0119tokrzyskie Towarzystwo Przyjaci\u00f3\u0142 Nauk Geologicznych zaprasza na LIX Gie\u0142d\u0119 minera\u0142\u00f3w, skamienia\u0142o\u015bci i wyrob\u00f3w jubilerskich.<\/p>\n<p><img data-recalc-dims=\"1\" loading=\"lazy\" decoding=\"async\" data-attachment-id=\"19546\" data-permalink=\"https:\/\/satg.pl\/geolog\/archiwa\/gielda-mineralow\/gieldamineralow2016\/\" data-orig-file=\"https:\/\/i0.wp.com\/satg.pl\/geolog\/wp-content\/uploads\/2016\/11\/Gie%C5%82daMinera%C5%82%C3%B3w2016.jpg?fit=2417%2C3281&amp;ssl=1\" data-orig-size=\"2417,3281\" data-comments-opened=\"1\" data-image-meta=\"{&quot;aperture&quot;:&quot;0&quot;,&quot;credit&quot;:&quot;&quot;,&quot;camera&quot;:&quot;&quot;,&quot;caption&quot;:&quot;&quot;,&quot;created_timestamp&quot;:&quot;0&quot;,&quot;copyright&quot;:&quot;&quot;,&quot;focal_length&quot;:&quot;0&quot;,&quot;iso&quot;:&quot;0&quot;,&quot;shutter_speed&quot;:&quot;0&quot;,&quot;title&quot;:&quot;&quot;,&quot;orientation&quot;:&quot;0&quot;}\" data-image-title=\"gieldamineralow2016\" data-image-description=\"\" data-image-caption=\"\" data-large-file=\"https:\/\/i0.wp.com\/satg.pl\/geolog\/wp-content\/uploads\/2016\/11\/Gie%C5%82daMinera%C5%82%C3%B3w2016.jpg?fit=754%2C1024&amp;ssl=1\" class=\"alignleft size-medium wp-image-19546\" src=\"https:\/\/i0.wp.com\/satg.pl\/geolog\/wp-content\/uploads\/2016\/11\/Gie%C5%82daMinera%C5%82%C3%B3w2016.jpg?resize=221%2C300&#038;ssl=1\" alt=\"gieldamineralow2016\" width=\"221\" height=\"300\" srcset=\"https:\/\/i0.wp.com\/satg.pl\/geolog\/wp-content\/uploads\/2016\/11\/Gie%C5%82daMinera%C5%82%C3%B3w2016.jpg?resize=221%2C300&amp;ssl=1 221w, https:\/\/i0.wp.com\/satg.pl\/geolog\/wp-content\/uploads\/2016\/11\/Gie%C5%82daMinera%C5%82%C3%B3w2016.jpg?resize=754%2C1024&amp;ssl=1 754w, https:\/\/i0.wp.com\/satg.pl\/geolog\/wp-content\/uploads\/2016\/11\/Gie%C5%82daMinera%C5%82%C3%B3w2016.jpg?resize=110%2C150&amp;ssl=1 110w, https:\/\/i0.wp.com\/satg.pl\/geolog\/wp-content\/uploads\/2016\/11\/Gie%C5%82daMinera%C5%82%C3%B3w2016.jpg?w=1800&amp;ssl=1 1800w\" sizes=\"auto, (max-width: 221px) 100vw, 221px\" \/><\/p>\n","protected":false},"excerpt":{"rendered":"<p>\u015awi\u0119tokrzyskie Towarzystwo Przyjaci\u00f3\u0142 Nauk Geologicznych zaprasza na LIX Gie\u0142d\u0119 minera\u0142\u00f3w, skamienia\u0142o\u015bci i wyrob\u00f3w jubilerskich.<\/p>\n<p class=\"continue-reading-button\"> <a class=\"continue-reading-link\" href=\"https:\/\/satg.pl\/geolog\/archiwa\/gielda-mineralow\/\">Czytaj dalej<i class=\"crycon-right-dir\"><\/i><\/a><\/p>\n","protected":false},"author":1,"featured_media":19545,"comment_status":"open","ping_status":"open","sticky":false,"template":"","format":"standard","meta":{"ngg_post_thumbnail":0,"jetpack_post_was_ever_published":false,"_jetpack_newsletter_access":"","_jetpack_dont_email_post_to_subs":true,"_jetpack_newsletter_tier_id":0,"_jetpack_memberships_contains_paywalled_content":false,"_jetpack_memberships_contains_paid_content":false,"footnotes":"","jetpack_publicize_message":"","jetpack_publicize_feature_enabled":true,"jetpack_social_post_already_shared":true,"jetpack_social_options":{"image_generator_settings":{"template":"highway","default_image_id":0,"font":"","enabled":false},"version":2}},"categories":[1,5],"tags":[],"class_list":["post-19544","post","type-post","status-publish","format-standard","has-post-thumbnail","hentry","category-bez-kategorii","category-kielce"],"jetpack_publicize_connections":[],"jetpack_featured_media_url":"https:\/\/i0.wp.com\/satg.pl\/geolog\/wp-content\/uploads\/2016\/11\/59-Gie%C5%82da-minera%C5%82%C3%B3w-Kielce.jpg?fit=1747%2C2454&ssl=1","jetpack_sharing_enabled":true,"jetpack_shortlink":"https:\/\/wp.me\/p7jPbe-55e","jetpack-related-posts":[{"id":12179,"url":"https:\/\/satg.pl\/geolog\/archiwa\/lviii-gielda-mineralow\/","url_meta":{"origin":19544,"position":0},"title":"LVIII Gie\u0142da Minera\u0142\u00f3w","author":"Garapozales","date":"2016-02-14","format":false,"excerpt":"LVIII Gielda Mineralow \u015awi\u0119tokrzyskie Towarzystwo Przyjaci\u00f3\u0142 Nauk Geologicznych zaprasza na 58 Gie\u0142d\u0119 Minera\u0142\u00f3w, kt\u00f3ra odb\u0119dzie si\u0119 w dniach 27-28 lutego 2016 roku w Centrum Kultury (Plac Moniuszki 2b).","rel":"","context":"W \u201eBez kategorii&quot;","block_context":{"text":"Bez kategorii","link":"https:\/\/satg.pl\/geolog\/archiwa\/category\/bez-kategorii\/"},"img":{"alt_text":"","src":"https:\/\/i0.wp.com\/satg.pl\/geolog\/wp-content\/uploads\/2016\/02\/2016-58-Gie-da-minera-%CB%87w-Kielce.jpg?fit=846%2C1200&ssl=1&resize=350%2C200","width":350,"height":200,"srcset":"https:\/\/i0.wp.com\/satg.pl\/geolog\/wp-content\/uploads\/2016\/02\/2016-58-Gie-da-minera-%CB%87w-Kielce.jpg?fit=846%2C1200&ssl=1&resize=350%2C200 1x, https:\/\/i0.wp.com\/satg.pl\/geolog\/wp-content\/uploads\/2016\/02\/2016-58-Gie-da-minera-%CB%87w-Kielce.jpg?fit=846%2C1200&ssl=1&resize=525%2C300 1.5x, https:\/\/i0.wp.com\/satg.pl\/geolog\/wp-content\/uploads\/2016\/02\/2016-58-Gie-da-minera-%CB%87w-Kielce.jpg?fit=846%2C1200&ssl=1&resize=700%2C400 2x"},"classes":[]},{"id":20062,"url":"https:\/\/satg.pl\/geolog\/archiwa\/gielda-mineralow-25-26-luty-2017\/","url_meta":{"origin":19544,"position":1},"title":"Gie\u0142da Minera\u0142\u00f3w 25-26 luty 2017","author":"Garapozales","date":"2017-02-10","format":false,"excerpt":"Gie\u0142da Minera\u0142\u00f3w i Skamienia\u0142o\u015bci","rel":"","context":"W \u201eBez kategorii&quot;","block_context":{"text":"Bez kategorii","link":"https:\/\/satg.pl\/geolog\/archiwa\/category\/bez-kategorii\/"},"img":{"alt_text":"","src":"https:\/\/i0.wp.com\/satg.pl\/geolog\/wp-content\/uploads\/2017\/02\/60-Gie%C5%82da-minera%C5%82%C3%B3w-w-Kielcach-721x1024.jpg?resize=350%2C200","width":350,"height":200,"srcset":"https:\/\/i0.wp.com\/satg.pl\/geolog\/wp-content\/uploads\/2017\/02\/60-Gie%C5%82da-minera%C5%82%C3%B3w-w-Kielcach-721x1024.jpg?resize=350%2C200 1x, https:\/\/i0.wp.com\/satg.pl\/geolog\/wp-content\/uploads\/2017\/02\/60-Gie%C5%82da-minera%C5%82%C3%B3w-w-Kielcach-721x1024.jpg?resize=525%2C300 1.5x, https:\/\/i0.wp.com\/satg.pl\/geolog\/wp-content\/uploads\/2017\/02\/60-Gie%C5%82da-minera%C5%82%C3%B3w-w-Kielcach-721x1024.jpg?resize=700%2C400 2x"},"classes":[]},{"id":20119,"url":"https:\/\/satg.pl\/geolog\/archiwa\/gielda-mineralow-2\/","url_meta":{"origin":19544,"position":2},"title":"Gie\u0142da Minera\u0142\u00f3w","author":"Garapozales","date":"2017-11-08","format":false,"excerpt":"\u015awi\u0119tokrzyskie Towarzystwo Przyjaci\u00f3\u0142 Nauk Geologicznych zaprasza w dniach 25-26 listopada na LXI gie\u0142d\u0119 minera\u0142\u00f3w, skamienia\u0142o\u015bci i bi\u017cuterii. Zapraszamy r\u00f3wnie\u017c. \u00a0","rel":"","context":"W \u201eBez kategorii&quot;","block_context":{"text":"Bez kategorii","link":"https:\/\/satg.pl\/geolog\/archiwa\/category\/bez-kategorii\/"},"img":{"alt_text":"","src":"https:\/\/i0.wp.com\/satg.pl\/geolog\/wp-content\/uploads\/2017\/11\/Gielda2017.jpg?fit=856%2C1200&ssl=1&resize=350%2C200","width":350,"height":200,"srcset":"https:\/\/i0.wp.com\/satg.pl\/geolog\/wp-content\/uploads\/2017\/11\/Gielda2017.jpg?fit=856%2C1200&ssl=1&resize=350%2C200 1x, https:\/\/i0.wp.com\/satg.pl\/geolog\/wp-content\/uploads\/2017\/11\/Gielda2017.jpg?fit=856%2C1200&ssl=1&resize=525%2C300 1.5x, https:\/\/i0.wp.com\/satg.pl\/geolog\/wp-content\/uploads\/2017\/11\/Gielda2017.jpg?fit=856%2C1200&ssl=1&resize=700%2C400 2x"},"classes":[]},{"id":20290,"url":"https:\/\/satg.pl\/geolog\/archiwa\/lxii-gielda-mineralow\/","url_meta":{"origin":19544,"position":3},"title":"LXII Gie\u0142da Minera\u0142\u00f3w","author":"Garapozales","date":"2018-02-02","format":false,"excerpt":"\u015awi\u0119tokrzyskie Towarzystwo Przyjaci\u00f3\u0142 Nauk Geologicznych zaprasza na 62 Gie\u0142d\u0119 Minera\u0142\u00f3w, kt\u00f3ra odb\u0119dzie si\u0119\u00a0 w Kieleckim Centrum Kultury 24 i 25 lutego 2018.","rel":"","context":"W \u201eKielce&quot;","block_context":{"text":"Kielce","link":"https:\/\/satg.pl\/geolog\/archiwa\/category\/kielce\/"},"img":{"alt_text":"","src":"https:\/\/i0.wp.com\/satg.pl\/geolog\/wp-content\/uploads\/2018\/02\/PLAKAT.jpg?fit=868%2C1200&ssl=1&resize=350%2C200","width":350,"height":200,"srcset":"https:\/\/i0.wp.com\/satg.pl\/geolog\/wp-content\/uploads\/2018\/02\/PLAKAT.jpg?fit=868%2C1200&ssl=1&resize=350%2C200 1x, https:\/\/i0.wp.com\/satg.pl\/geolog\/wp-content\/uploads\/2018\/02\/PLAKAT.jpg?fit=868%2C1200&ssl=1&resize=525%2C300 1.5x, https:\/\/i0.wp.com\/satg.pl\/geolog\/wp-content\/uploads\/2018\/02\/PLAKAT.jpg?fit=868%2C1200&ssl=1&resize=700%2C400 2x"},"classes":[]},{"id":21180,"url":"https:\/\/satg.pl\/geolog\/archiwa\/gielda-mineralow-3\/","url_meta":{"origin":19544,"position":4},"title":"Gie\u0142da Minera\u0142\u00f3w","author":"Garapozales","date":"2019-02-24","format":"image","excerpt":"","rel":"","context":"W \u201eBez kategorii&quot;","block_context":{"text":"Bez kategorii","link":"https:\/\/satg.pl\/geolog\/archiwa\/category\/bez-kategorii\/"},"img":{"alt_text":"","src":"https:\/\/i0.wp.com\/satg.pl\/geolog\/wp-content\/uploads\/2019\/02\/PLAKAT.jpg?resize=350%2C200&ssl=1","width":350,"height":200,"srcset":"https:\/\/i0.wp.com\/satg.pl\/geolog\/wp-content\/uploads\/2019\/02\/PLAKAT.jpg?resize=350%2C200&ssl=1 1x, https:\/\/i0.wp.com\/satg.pl\/geolog\/wp-content\/uploads\/2019\/02\/PLAKAT.jpg?resize=525%2C300&ssl=1 1.5x, https:\/\/i0.wp.com\/satg.pl\/geolog\/wp-content\/uploads\/2019\/02\/PLAKAT.jpg?resize=700%2C400&ssl=1 2x, https:\/\/i0.wp.com\/satg.pl\/geolog\/wp-content\/uploads\/2019\/02\/PLAKAT.jpg?resize=1050%2C600&ssl=1 3x, https:\/\/i0.wp.com\/satg.pl\/geolog\/wp-content\/uploads\/2019\/02\/PLAKAT.jpg?resize=1400%2C800&ssl=1 4x"},"classes":[]},{"id":3417,"url":"https:\/\/satg.pl\/geolog\/archiwa\/gielda-mineralow-kielce\/","url_meta":{"origin":19544,"position":5},"title":"Gie\u0142da Minera\u0142\u00f3w &#8211; Kielce","author":"Garapozales","date":"2015-11-26","format":false,"excerpt":"","rel":"","context":"W \u201eKielce&quot;","block_context":{"text":"Kielce","link":"https:\/\/satg.pl\/geolog\/archiwa\/category\/kielce\/"},"img":{"alt_text":"","src":"https:\/\/i0.wp.com\/satg.pl\/geolog\/wp-content\/uploads\/2015\/11\/LVII-gie%C5%82da.jpg?fit=707%2C960&ssl=1&resize=350%2C200","width":350,"height":200,"srcset":"https:\/\/i0.wp.com\/satg.pl\/geolog\/wp-content\/uploads\/2015\/11\/LVII-gie%C5%82da.jpg?fit=707%2C960&ssl=1&resize=350%2C200 1x, https:\/\/i0.wp.com\/satg.pl\/geolog\/wp-content\/uploads\/2015\/11\/LVII-gie%C5%82da.jpg?fit=707%2C960&ssl=1&resize=525%2C300 1.5x, https:\/\/i0.wp.com\/satg.pl\/geolog\/wp-content\/uploads\/2015\/11\/LVII-gie%C5%82da.jpg?fit=707%2C960&ssl=1&resize=700%2C400 2x"},"classes":[]}],"jetpack_likes_enabled":true,"_links":{"self":[{"href":"https:\/\/satg.pl\/geolog\/wp-json\/wp\/v2\/posts\/19544","targetHints":{"allow":["GET"]}}],"collection":[{"href":"https:\/\/satg.pl\/geolog\/wp-json\/wp\/v2\/posts"}],"about":[{"href":"https:\/\/satg.pl\/geolog\/wp-json\/wp\/v2\/types\/post"}],"author":[{"embeddable":true,"href":"https:\/\/satg.pl\/geolog\/wp-json\/wp\/v2\/users\/1"}],"replies":[{"embeddable":true,"href":"https:\/\/satg.pl\/geolog\/wp-json\/wp\/v2\/comments?post=19544"}],"version-history":[{"count":1,"href":"https:\/\/satg.pl\/geolog\/wp-json\/wp\/v2\/posts\/19544\/revisions"}],"predecessor-version":[{"id":19547,"href":"https:\/\/satg.pl\/geolog\/wp-json\/wp\/v2\/posts\/19544\/revisions\/19547"}],"wp:featuredmedia":[{"embeddable":true,"href":"https:\/\/satg.pl\/geolog\/wp-json\/wp\/v2\/media\/19545"}],"wp:attachment":[{"href":"https:\/\/satg.pl\/geolog\/wp-json\/wp\/v2\/media?parent=19544"}],"wp:term":[{"taxonomy":"category","embeddable":true,"href":"https:\/\/satg.pl\/geolog\/wp-json\/wp\/v2\/categories?post=19544"},{"taxonomy":"post_tag","embeddable":true,"href":"https:\/\/satg.pl\/geolog\/wp-json\/wp\/v2\/tags?post=19544"}],"curies":[{"name":"wp","href":"https:\/\/api.w.org\/{rel}","templated":true}]}}