{"id":12204,"date":"2016-02-27T20:41:18","date_gmt":"2016-02-27T19:41:18","guid":{"rendered":"http:\/\/garapo.o12.pl\/?p=12204"},"modified":"2016-03-11T22:51:09","modified_gmt":"2016-03-11T21:51:09","slug":"12204","status":"publish","type":"post","link":"https:\/\/satg.pl\/geolog\/archiwa\/12204\/","title":{"rendered":"Gie\u0142da Minera\u0142\u00f3w &#8211; to ju\u017c dzi\u015b"},"content":{"rendered":"<p>Od dzi\u015b do jutra w Centrum Kultury w Kielcach (Plac Moniuszki 2b) trwa 58 Gie\u0142da Minera\u0142\u00f3w zorganizowana przez \u015awi\u0119tokrzyskie Towarzystwo Przyjaci\u00f3\u0142 Nauk Geologicznych. Opr\u00f3cz pi\u0119kna z ca\u0142ego \u015bwiata zamkni\u0119tego w twardych ska\u0142ach i minera\u0142ach mo\u017cna podziwia\u0107 wyroby jubilerskie. A jest na co popatrze\u0107.<\/p>\n<p>My te\u017c zapraszamy. Poni\u017cej kilka uj\u0119\u0107 z tej kolejnej imprezy geologicznej w regionie. Zdj\u0119cia przes\u0142ane przez &#8222;Nasz\u0105&#8221; Marzen\u0119.<\/p>\n<p>&nbsp;<\/p>\n<p><a class=\"ngg-fancybox\" title=\" \" href=\"https:\/\/i0.wp.com\/garapo.o12.pl\/wp-content\/gallery\/lviii-gielda\/01_GieldaMineralow_2016_MBD.jpg\" rel=\"\" data-image-id=\"3545\" data-src=\"http:\/\/garapo.o12.pl\/wp-content\/gallery\/lviii-gielda\/01_GieldaMineralow_2016_MBD.jpg\" data-thumbnail=\"http:\/\/garapo.o12.pl\/wp-content\/gallery\/lviii-gielda\/thumbs\/thumbs_01_GieldaMineralow_2016_MBD.jpg\" data-title=\"01_GieldaMineralow_2016_MBD\" data-description=\" \"><img data-recalc-dims=\"1\" decoding=\"async\" class=\"ngg-singlepic ngg-none alignleft\" src=\"https:\/\/i0.wp.com\/garapo.o12.pl\/wp-content\/gallery\/lviii-gielda\/thumbs\/thumbs_01_GieldaMineralow_2016_MBD.jpg?w=900\" alt=\"01_GieldaMineralow_2016_MBD\" \/><\/a><a class=\"ngg-fancybox\" title=\" \" href=\"https:\/\/i0.wp.com\/garapo.o12.pl\/wp-content\/gallery\/lviii-gielda\/02_GieldaMineralow_2016_MBD.jpg\" rel=\"\" data-image-id=\"3546\" data-src=\"http:\/\/garapo.o12.pl\/wp-content\/gallery\/lviii-gielda\/02_GieldaMineralow_2016_MBD.jpg\" data-thumbnail=\"http:\/\/garapo.o12.pl\/wp-content\/gallery\/lviii-gielda\/thumbs\/thumbs_02_GieldaMineralow_2016_MBD.jpg\" data-title=\"02_GieldaMineralow_2016_MBD\" data-description=\" \"><img data-recalc-dims=\"1\" decoding=\"async\" class=\"ngg-singlepic ngg-none alignleft\" src=\"https:\/\/i0.wp.com\/garapo.o12.pl\/wp-content\/gallery\/lviii-gielda\/thumbs\/thumbs_02_GieldaMineralow_2016_MBD.jpg?w=900\" alt=\"02_GieldaMineralow_2016_MBD\" \/><\/a><a class=\"ngg-fancybox\" title=\" \" href=\"https:\/\/i0.wp.com\/garapo.o12.pl\/wp-content\/gallery\/lviii-gielda\/03_GieldaMineralow_2016_MBD.jpg\" rel=\"\" data-image-id=\"3547\" data-src=\"http:\/\/garapo.o12.pl\/wp-content\/gallery\/lviii-gielda\/03_GieldaMineralow_2016_MBD.jpg\" data-thumbnail=\"http:\/\/garapo.o12.pl\/wp-content\/gallery\/lviii-gielda\/thumbs\/thumbs_03_GieldaMineralow_2016_MBD.jpg\" data-title=\"03_GieldaMineralow_2016_MBD\" data-description=\" \"><img data-recalc-dims=\"1\" decoding=\"async\" class=\"ngg-singlepic ngg-none alignleft\" src=\"https:\/\/i0.wp.com\/garapo.o12.pl\/wp-content\/gallery\/lviii-gielda\/thumbs\/thumbs_03_GieldaMineralow_2016_MBD.jpg?w=900\" alt=\"03_GieldaMineralow_2016_MBD\" \/><\/a><a class=\"ngg-fancybox\" title=\" \" href=\"https:\/\/i0.wp.com\/garapo.o12.pl\/wp-content\/gallery\/lviii-gielda\/04_GieldaMineralow_2016_MBD.jpg\" rel=\"\" data-image-id=\"3548\" data-src=\"http:\/\/garapo.o12.pl\/wp-content\/gallery\/lviii-gielda\/04_GieldaMineralow_2016_MBD.jpg\" data-thumbnail=\"http:\/\/garapo.o12.pl\/wp-content\/gallery\/lviii-gielda\/thumbs\/thumbs_04_GieldaMineralow_2016_MBD.jpg\" data-title=\"04_GieldaMineralow_2016_MBD\" data-description=\" \"><img data-recalc-dims=\"1\" decoding=\"async\" class=\"ngg-singlepic ngg-none alignleft\" src=\"https:\/\/i0.wp.com\/garapo.o12.pl\/wp-content\/gallery\/lviii-gielda\/thumbs\/thumbs_04_GieldaMineralow_2016_MBD.jpg?w=900\" alt=\"04_GieldaMineralow_2016_MBD\" \/><\/a><a class=\"ngg-fancybox\" title=\" \" href=\"https:\/\/i0.wp.com\/garapo.o12.pl\/wp-content\/gallery\/lviii-gielda\/05_GieldaMineralow_2016_MBD.jpg\" rel=\"\" data-image-id=\"3549\" data-src=\"http:\/\/garapo.o12.pl\/wp-content\/gallery\/lviii-gielda\/05_GieldaMineralow_2016_MBD.jpg\" data-thumbnail=\"http:\/\/garapo.o12.pl\/wp-content\/gallery\/lviii-gielda\/thumbs\/thumbs_05_GieldaMineralow_2016_MBD.jpg\" data-title=\"05_GieldaMineralow_2016_MBD\" data-description=\" \"><img data-recalc-dims=\"1\" decoding=\"async\" class=\"ngg-singlepic ngg-none alignleft\" src=\"https:\/\/i0.wp.com\/garapo.o12.pl\/wp-content\/gallery\/lviii-gielda\/thumbs\/thumbs_05_GieldaMineralow_2016_MBD.jpg?w=900\" alt=\"05_GieldaMineralow_2016_MBD\" \/><\/a><a class=\"ngg-fancybox\" title=\" \" href=\"https:\/\/i0.wp.com\/garapo.o12.pl\/wp-content\/gallery\/lviii-gielda\/06_GieldaMineralow_2016_MBD.jpg\" rel=\"\" data-image-id=\"3550\" data-src=\"http:\/\/garapo.o12.pl\/wp-content\/gallery\/lviii-gielda\/06_GieldaMineralow_2016_MBD.jpg\" data-thumbnail=\"http:\/\/garapo.o12.pl\/wp-content\/gallery\/lviii-gielda\/thumbs\/thumbs_06_GieldaMineralow_2016_MBD.jpg\" data-title=\"06_GieldaMineralow_2016_MBD\" data-description=\" \"><img data-recalc-dims=\"1\" decoding=\"async\" class=\"ngg-singlepic ngg-none alignleft\" src=\"https:\/\/i0.wp.com\/garapo.o12.pl\/wp-content\/gallery\/lviii-gielda\/thumbs\/thumbs_06_GieldaMineralow_2016_MBD.jpg?w=900\" alt=\"06_GieldaMineralow_2016_MBD\" \/><\/a><a class=\"ngg-fancybox\" title=\" \" href=\"https:\/\/i0.wp.com\/garapo.o12.pl\/wp-content\/gallery\/lviii-gielda\/07_GieldaMineralow_2016_MBD.jpg\" rel=\"\" data-image-id=\"3551\" data-src=\"http:\/\/garapo.o12.pl\/wp-content\/gallery\/lviii-gielda\/07_GieldaMineralow_2016_MBD.jpg\" data-thumbnail=\"http:\/\/garapo.o12.pl\/wp-content\/gallery\/lviii-gielda\/thumbs\/thumbs_07_GieldaMineralow_2016_MBD.jpg\" data-title=\"07_GieldaMineralow_2016_MBD\" data-description=\" \"><img data-recalc-dims=\"1\" decoding=\"async\" class=\"ngg-singlepic ngg-none alignleft\" src=\"https:\/\/i0.wp.com\/garapo.o12.pl\/wp-content\/gallery\/lviii-gielda\/thumbs\/thumbs_07_GieldaMineralow_2016_MBD.jpg?w=900\" alt=\"07_GieldaMineralow_2016_MBD\" \/><\/a><a class=\"ngg-fancybox\" title=\" \" href=\"https:\/\/i0.wp.com\/garapo.o12.pl\/wp-content\/gallery\/lviii-gielda\/08_GieldaMineralow_2016_MBD.jpg\" rel=\"\" data-image-id=\"3552\" data-src=\"http:\/\/garapo.o12.pl\/wp-content\/gallery\/lviii-gielda\/08_GieldaMineralow_2016_MBD.jpg\" data-thumbnail=\"http:\/\/garapo.o12.pl\/wp-content\/gallery\/lviii-gielda\/thumbs\/thumbs_08_GieldaMineralow_2016_MBD.jpg\" data-title=\"08_GieldaMineralow_2016_MBD\" data-description=\" \"><img data-recalc-dims=\"1\" decoding=\"async\" class=\"ngg-singlepic ngg-none alignleft\" src=\"https:\/\/i0.wp.com\/garapo.o12.pl\/wp-content\/gallery\/lviii-gielda\/thumbs\/thumbs_08_GieldaMineralow_2016_MBD.jpg?w=900\" alt=\"08_GieldaMineralow_2016_MBD\" \/><\/a><a class=\"ngg-fancybox\" title=\" \" href=\"https:\/\/i0.wp.com\/garapo.o12.pl\/wp-content\/gallery\/lviii-gielda\/09_GieldaMineralow_2016_MBD.jpg\" rel=\"\" data-image-id=\"3544\" data-src=\"http:\/\/garapo.o12.pl\/wp-content\/gallery\/lviii-gielda\/09_GieldaMineralow_2016_MBD.jpg\" data-thumbnail=\"http:\/\/garapo.o12.pl\/wp-content\/gallery\/lviii-gielda\/thumbs\/thumbs_09_GieldaMineralow_2016_MBD.jpg\" data-title=\"09_GieldaMineralow_2016_MBD\" data-description=\" \"><img data-recalc-dims=\"1\" decoding=\"async\" class=\"ngg-singlepic ngg-none alignleft\" src=\"https:\/\/i0.wp.com\/garapo.o12.pl\/wp-content\/gallery\/lviii-gielda\/thumbs\/thumbs_09_GieldaMineralow_2016_MBD.jpg?w=900\" alt=\"09_GieldaMineralow_2016_MBD\" \/><\/a><\/p>\n","protected":false},"excerpt":{"rendered":"<p>Od dzi\u015b do jutra w Centrum Kultury w Kielcach (Plac Moniuszki 2b) trwa 58 Gie\u0142da Minera\u0142\u00f3w zorganizowana przez \u015awi\u0119tokrzyskie Towarzystwo Przyjaci\u00f3\u0142 Nauk Geologicznych. Opr\u00f3cz pi\u0119kna z ca\u0142ego \u015bwiata zamkni\u0119tego w twardych ska\u0142ach i minera\u0142ach mo\u017cna podziwia\u0107 wyroby jubilerskie. A jest na co popatrze\u0107. My te\u017c zapraszamy. Poni\u017cej kilka uj\u0119\u0107 z\u2026<\/p>\n<p class=\"continue-reading-button\"> <a class=\"continue-reading-link\" href=\"https:\/\/satg.pl\/geolog\/archiwa\/12204\/\">Czytaj dalej<i class=\"crycon-right-dir\"><\/i><\/a><\/p>\n","protected":false},"author":1,"featured_media":12386,"comment_status":"open","ping_status":"open","sticky":false,"template":"","format":"standard","meta":{"ngg_post_thumbnail":0,"jetpack_post_was_ever_published":false,"_jetpack_newsletter_access":"","_jetpack_dont_email_post_to_subs":false,"_jetpack_newsletter_tier_id":0,"_jetpack_memberships_contains_paywalled_content":false,"_jetpack_memberships_contains_paid_content":false,"footnotes":"","jetpack_publicize_message":"","jetpack_publicize_feature_enabled":true,"jetpack_social_post_already_shared":true,"jetpack_social_options":{"image_generator_settings":{"template":"highway","default_image_id":0,"font":"","enabled":false},"version":2}},"categories":[1,5,9,10],"tags":[],"class_list":["post-12204","post","type-post","status-publish","format-standard","has-post-thumbnail","hentry","category-bez-kategorii","category-kielce","category-swietogory","category-swietokrzyskie"],"jetpack_publicize_connections":[],"jetpack_featured_media_url":"https:\/\/i0.wp.com\/satg.pl\/geolog\/wp-content\/uploads\/2016\/02\/09_GieldaMineralow_2016_MBD.jpg?fit=1066%2C810&ssl=1","jetpack_sharing_enabled":true,"jetpack_shortlink":"https:\/\/wp.me\/s7jPbe-12204","jetpack-related-posts":[{"id":12179,"url":"https:\/\/satg.pl\/geolog\/archiwa\/lviii-gielda-mineralow\/","url_meta":{"origin":12204,"position":0},"title":"LVIII Gie\u0142da Minera\u0142\u00f3w","author":"Garapozales","date":"2016-02-14","format":false,"excerpt":"LVIII Gielda Mineralow \u015awi\u0119tokrzyskie Towarzystwo Przyjaci\u00f3\u0142 Nauk Geologicznych zaprasza na 58 Gie\u0142d\u0119 Minera\u0142\u00f3w, kt\u00f3ra odb\u0119dzie si\u0119 w dniach 27-28 lutego 2016 roku w Centrum Kultury (Plac Moniuszki 2b).","rel":"","context":"W \u201eBez kategorii&quot;","block_context":{"text":"Bez kategorii","link":"https:\/\/satg.pl\/geolog\/archiwa\/category\/bez-kategorii\/"},"img":{"alt_text":"","src":"https:\/\/i0.wp.com\/satg.pl\/geolog\/wp-content\/uploads\/2016\/02\/2016-58-Gie-da-minera-%CB%87w-Kielce.jpg?fit=846%2C1200&ssl=1&resize=350%2C200","width":350,"height":200,"srcset":"https:\/\/i0.wp.com\/satg.pl\/geolog\/wp-content\/uploads\/2016\/02\/2016-58-Gie-da-minera-%CB%87w-Kielce.jpg?fit=846%2C1200&ssl=1&resize=350%2C200 1x, https:\/\/i0.wp.com\/satg.pl\/geolog\/wp-content\/uploads\/2016\/02\/2016-58-Gie-da-minera-%CB%87w-Kielce.jpg?fit=846%2C1200&ssl=1&resize=525%2C300 1.5x, https:\/\/i0.wp.com\/satg.pl\/geolog\/wp-content\/uploads\/2016\/02\/2016-58-Gie-da-minera-%CB%87w-Kielce.jpg?fit=846%2C1200&ssl=1&resize=700%2C400 2x"},"classes":[]},{"id":20290,"url":"https:\/\/satg.pl\/geolog\/archiwa\/lxii-gielda-mineralow\/","url_meta":{"origin":12204,"position":1},"title":"LXII Gie\u0142da Minera\u0142\u00f3w","author":"Garapozales","date":"2018-02-02","format":false,"excerpt":"\u015awi\u0119tokrzyskie Towarzystwo Przyjaci\u00f3\u0142 Nauk Geologicznych zaprasza na 62 Gie\u0142d\u0119 Minera\u0142\u00f3w, kt\u00f3ra odb\u0119dzie si\u0119\u00a0 w Kieleckim Centrum Kultury 24 i 25 lutego 2018.","rel":"","context":"W \u201eKielce&quot;","block_context":{"text":"Kielce","link":"https:\/\/satg.pl\/geolog\/archiwa\/category\/kielce\/"},"img":{"alt_text":"","src":"https:\/\/i0.wp.com\/satg.pl\/geolog\/wp-content\/uploads\/2018\/02\/PLAKAT.jpg?fit=868%2C1200&ssl=1&resize=350%2C200","width":350,"height":200,"srcset":"https:\/\/i0.wp.com\/satg.pl\/geolog\/wp-content\/uploads\/2018\/02\/PLAKAT.jpg?fit=868%2C1200&ssl=1&resize=350%2C200 1x, https:\/\/i0.wp.com\/satg.pl\/geolog\/wp-content\/uploads\/2018\/02\/PLAKAT.jpg?fit=868%2C1200&ssl=1&resize=525%2C300 1.5x, https:\/\/i0.wp.com\/satg.pl\/geolog\/wp-content\/uploads\/2018\/02\/PLAKAT.jpg?fit=868%2C1200&ssl=1&resize=700%2C400 2x"},"classes":[]},{"id":2832,"url":"https:\/\/satg.pl\/geolog\/archiwa\/gielda-mineralow-w-kielcach\/","url_meta":{"origin":12204,"position":2},"title":"Gie\u0142da Minera\u0142\u00f3w w Kielcach","author":"Garapozales","date":"2014-11-27","format":false,"excerpt":"","rel":"","context":"W \u201eBez kategorii&quot;","block_context":{"text":"Bez kategorii","link":"https:\/\/satg.pl\/geolog\/archiwa\/category\/bez-kategorii\/"},"img":{"alt_text":"","src":"https:\/\/i0.wp.com\/satg.pl\/geolog\/wp-content\/uploads\/2014\/11\/Gie%C5%82da-XII2014.jpg?fit=706%2C960&ssl=1&resize=350%2C200","width":350,"height":200,"srcset":"https:\/\/i0.wp.com\/satg.pl\/geolog\/wp-content\/uploads\/2014\/11\/Gie%C5%82da-XII2014.jpg?fit=706%2C960&ssl=1&resize=350%2C200 1x, https:\/\/i0.wp.com\/satg.pl\/geolog\/wp-content\/uploads\/2014\/11\/Gie%C5%82da-XII2014.jpg?fit=706%2C960&ssl=1&resize=525%2C300 1.5x, https:\/\/i0.wp.com\/satg.pl\/geolog\/wp-content\/uploads\/2014\/11\/Gie%C5%82da-XII2014.jpg?fit=706%2C960&ssl=1&resize=700%2C400 2x"},"classes":[]},{"id":20119,"url":"https:\/\/satg.pl\/geolog\/archiwa\/gielda-mineralow-2\/","url_meta":{"origin":12204,"position":3},"title":"Gie\u0142da Minera\u0142\u00f3w","author":"Garapozales","date":"2017-11-08","format":false,"excerpt":"\u015awi\u0119tokrzyskie Towarzystwo Przyjaci\u00f3\u0142 Nauk Geologicznych zaprasza w dniach 25-26 listopada na LXI gie\u0142d\u0119 minera\u0142\u00f3w, skamienia\u0142o\u015bci i bi\u017cuterii. Zapraszamy r\u00f3wnie\u017c. \u00a0","rel":"","context":"W \u201eBez kategorii&quot;","block_context":{"text":"Bez kategorii","link":"https:\/\/satg.pl\/geolog\/archiwa\/category\/bez-kategorii\/"},"img":{"alt_text":"","src":"https:\/\/i0.wp.com\/satg.pl\/geolog\/wp-content\/uploads\/2017\/11\/Gielda2017.jpg?fit=856%2C1200&ssl=1&resize=350%2C200","width":350,"height":200,"srcset":"https:\/\/i0.wp.com\/satg.pl\/geolog\/wp-content\/uploads\/2017\/11\/Gielda2017.jpg?fit=856%2C1200&ssl=1&resize=350%2C200 1x, https:\/\/i0.wp.com\/satg.pl\/geolog\/wp-content\/uploads\/2017\/11\/Gielda2017.jpg?fit=856%2C1200&ssl=1&resize=525%2C300 1.5x, https:\/\/i0.wp.com\/satg.pl\/geolog\/wp-content\/uploads\/2017\/11\/Gielda2017.jpg?fit=856%2C1200&ssl=1&resize=700%2C400 2x"},"classes":[]},{"id":3417,"url":"https:\/\/satg.pl\/geolog\/archiwa\/gielda-mineralow-kielce\/","url_meta":{"origin":12204,"position":4},"title":"Gie\u0142da Minera\u0142\u00f3w &#8211; Kielce","author":"Garapozales","date":"2015-11-26","format":false,"excerpt":"","rel":"","context":"W \u201eKielce&quot;","block_context":{"text":"Kielce","link":"https:\/\/satg.pl\/geolog\/archiwa\/category\/kielce\/"},"img":{"alt_text":"","src":"https:\/\/i0.wp.com\/satg.pl\/geolog\/wp-content\/uploads\/2015\/11\/LVII-gie%C5%82da.jpg?fit=707%2C960&ssl=1&resize=350%2C200","width":350,"height":200,"srcset":"https:\/\/i0.wp.com\/satg.pl\/geolog\/wp-content\/uploads\/2015\/11\/LVII-gie%C5%82da.jpg?fit=707%2C960&ssl=1&resize=350%2C200 1x, https:\/\/i0.wp.com\/satg.pl\/geolog\/wp-content\/uploads\/2015\/11\/LVII-gie%C5%82da.jpg?fit=707%2C960&ssl=1&resize=525%2C300 1.5x, https:\/\/i0.wp.com\/satg.pl\/geolog\/wp-content\/uploads\/2015\/11\/LVII-gie%C5%82da.jpg?fit=707%2C960&ssl=1&resize=700%2C400 2x"},"classes":[]},{"id":19544,"url":"https:\/\/satg.pl\/geolog\/archiwa\/gielda-mineralow\/","url_meta":{"origin":12204,"position":5},"title":"Gie\u0142da Minera\u0142\u00f3w","author":"Garapozales","date":"2016-11-22","format":false,"excerpt":"\u015awi\u0119tokrzyskie Towarzystwo Przyjaci\u00f3\u0142 Nauk Geologicznych zaprasza na LIX Gie\u0142d\u0119 minera\u0142\u00f3w, skamienia\u0142o\u015bci i wyrob\u00f3w jubilerskich.","rel":"","context":"W \u201eBez kategorii&quot;","block_context":{"text":"Bez kategorii","link":"https:\/\/satg.pl\/geolog\/archiwa\/category\/bez-kategorii\/"},"img":{"alt_text":"","src":"https:\/\/i0.wp.com\/satg.pl\/geolog\/wp-content\/uploads\/2016\/11\/59-Gie%C5%82da-minera%C5%82%C3%B3w-Kielce.jpg?fit=854%2C1200&ssl=1&resize=350%2C200","width":350,"height":200,"srcset":"https:\/\/i0.wp.com\/satg.pl\/geolog\/wp-content\/uploads\/2016\/11\/59-Gie%C5%82da-minera%C5%82%C3%B3w-Kielce.jpg?fit=854%2C1200&ssl=1&resize=350%2C200 1x, https:\/\/i0.wp.com\/satg.pl\/geolog\/wp-content\/uploads\/2016\/11\/59-Gie%C5%82da-minera%C5%82%C3%B3w-Kielce.jpg?fit=854%2C1200&ssl=1&resize=525%2C300 1.5x, https:\/\/i0.wp.com\/satg.pl\/geolog\/wp-content\/uploads\/2016\/11\/59-Gie%C5%82da-minera%C5%82%C3%B3w-Kielce.jpg?fit=854%2C1200&ssl=1&resize=700%2C400 2x"},"classes":[]}],"jetpack_likes_enabled":true,"_links":{"self":[{"href":"https:\/\/satg.pl\/geolog\/wp-json\/wp\/v2\/posts\/12204","targetHints":{"allow":["GET"]}}],"collection":[{"href":"https:\/\/satg.pl\/geolog\/wp-json\/wp\/v2\/posts"}],"about":[{"href":"https:\/\/satg.pl\/geolog\/wp-json\/wp\/v2\/types\/post"}],"author":[{"embeddable":true,"href":"https:\/\/satg.pl\/geolog\/wp-json\/wp\/v2\/users\/1"}],"replies":[{"embeddable":true,"href":"https:\/\/satg.pl\/geolog\/wp-json\/wp\/v2\/comments?post=12204"}],"version-history":[{"count":2,"href":"https:\/\/satg.pl\/geolog\/wp-json\/wp\/v2\/posts\/12204\/revisions"}],"predecessor-version":[{"id":12387,"href":"https:\/\/satg.pl\/geolog\/wp-json\/wp\/v2\/posts\/12204\/revisions\/12387"}],"wp:featuredmedia":[{"embeddable":true,"href":"https:\/\/satg.pl\/geolog\/wp-json\/wp\/v2\/media\/12386"}],"wp:attachment":[{"href":"https:\/\/satg.pl\/geolog\/wp-json\/wp\/v2\/media?parent=12204"}],"wp:term":[{"taxonomy":"category","embeddable":true,"href":"https:\/\/satg.pl\/geolog\/wp-json\/wp\/v2\/categories?post=12204"},{"taxonomy":"post_tag","embeddable":true,"href":"https:\/\/satg.pl\/geolog\/wp-json\/wp\/v2\/tags?post=12204"}],"curies":[{"name":"wp","href":"https:\/\/api.w.org\/{rel}","templated":true}]}}