{"id":12179,"date":"2016-02-14T08:20:20","date_gmt":"2016-02-14T07:20:20","guid":{"rendered":"http:\/\/garapo.o12.pl\/?p=12179"},"modified":"2016-03-12T14:13:04","modified_gmt":"2016-03-12T13:13:04","slug":"lviii-gielda-mineralow","status":"publish","type":"post","link":"https:\/\/satg.pl\/geolog\/archiwa\/lviii-gielda-mineralow\/","title":{"rendered":"LVIII Gie\u0142da Minera\u0142\u00f3w"},"content":{"rendered":"<p><a href=\"http:\/\/garapo.o12.pl\/lviii-gielda-mineralow\/\" rel=\"\">LVIII Gielda Mineralow<\/a><\/p>\n<p>\u015awi\u0119tokrzyskie Towarzystwo Przyjaci\u00f3\u0142 Nauk Geologicznych zaprasza na 58 Gie\u0142d\u0119 Minera\u0142\u00f3w, kt\u00f3ra odb\u0119dzie si\u0119 w dniach 27-28 lutego 2016 roku w Centrum Kultury (Plac Moniuszki 2b).<\/p>\n<p><a href=\"http:\/\/garapo.o12.pl\/lvii-gielda-mineralow\/\" rel=\"attachment wp-att-12177\"><img data-recalc-dims=\"1\" loading=\"lazy\" decoding=\"async\" class=\"alignleft size-medium wp-image-12177\" src=\"https:\/\/i0.wp.com\/garapo.o12.pl\/wp-content\/uploads\/2016\/02\/LVII-Gielda-Mineralow-211x300.jpg?resize=211%2C300\" alt=\"LVII Gielda Mineralow\" width=\"211\" height=\"300\" \/><\/a><\/p>\n","protected":false},"excerpt":{"rendered":"<p>LVIII Gielda Mineralow \u015awi\u0119tokrzyskie Towarzystwo Przyjaci\u00f3\u0142 Nauk Geologicznych zaprasza na 58 Gie\u0142d\u0119 Minera\u0142\u00f3w, kt\u00f3ra odb\u0119dzie si\u0119 w dniach 27-28 lutego 2016 roku w Centrum Kultury (Plac Moniuszki 2b).<\/p>\n<p class=\"continue-reading-button\"> <a class=\"continue-reading-link\" href=\"https:\/\/satg.pl\/geolog\/archiwa\/lviii-gielda-mineralow\/\">Czytaj dalej<i class=\"crycon-right-dir\"><\/i><\/a><\/p>\n","protected":false},"author":1,"featured_media":12390,"comment_status":"open","ping_status":"open","sticky":false,"template":"","format":"standard","meta":{"ngg_post_thumbnail":0,"jetpack_post_was_ever_published":false,"_jetpack_newsletter_access":"","_jetpack_dont_email_post_to_subs":false,"_jetpack_newsletter_tier_id":0,"_jetpack_memberships_contains_paywalled_content":false,"_jetpack_memberships_contains_paid_content":false,"footnotes":"","jetpack_publicize_message":"","jetpack_publicize_feature_enabled":true,"jetpack_social_post_already_shared":true,"jetpack_social_options":{"image_generator_settings":{"template":"highway","default_image_id":0,"font":"","enabled":false},"version":2}},"categories":[1,5,9,10],"tags":[],"class_list":["post-12179","post","type-post","status-publish","format-standard","has-post-thumbnail","hentry","category-bez-kategorii","category-kielce","category-swietogory","category-swietokrzyskie"],"jetpack_publicize_connections":[],"jetpack_featured_media_url":"https:\/\/i0.wp.com\/satg.pl\/geolog\/wp-content\/uploads\/2016\/02\/2016-58-Gie-da-minera-%CB%87w-Kielce.jpg?fit=1756%2C2492&ssl=1","jetpack_sharing_enabled":true,"jetpack_shortlink":"https:\/\/wp.me\/p7jPbe-3ar","jetpack-related-posts":[{"id":20290,"url":"https:\/\/satg.pl\/geolog\/archiwa\/lxii-gielda-mineralow\/","url_meta":{"origin":12179,"position":0},"title":"LXII Gie\u0142da Minera\u0142\u00f3w","author":"Garapozales","date":"2018-02-02","format":false,"excerpt":"\u015awi\u0119tokrzyskie Towarzystwo Przyjaci\u00f3\u0142 Nauk Geologicznych zaprasza na 62 Gie\u0142d\u0119 Minera\u0142\u00f3w, kt\u00f3ra odb\u0119dzie si\u0119\u00a0 w Kieleckim Centrum Kultury 24 i 25 lutego 2018.","rel":"","context":"W \u201eKielce&quot;","block_context":{"text":"Kielce","link":"https:\/\/satg.pl\/geolog\/archiwa\/category\/kielce\/"},"img":{"alt_text":"","src":"https:\/\/i0.wp.com\/satg.pl\/geolog\/wp-content\/uploads\/2018\/02\/PLAKAT.jpg?fit=868%2C1200&ssl=1&resize=350%2C200","width":350,"height":200,"srcset":"https:\/\/i0.wp.com\/satg.pl\/geolog\/wp-content\/uploads\/2018\/02\/PLAKAT.jpg?fit=868%2C1200&ssl=1&resize=350%2C200 1x, https:\/\/i0.wp.com\/satg.pl\/geolog\/wp-content\/uploads\/2018\/02\/PLAKAT.jpg?fit=868%2C1200&ssl=1&resize=525%2C300 1.5x, https:\/\/i0.wp.com\/satg.pl\/geolog\/wp-content\/uploads\/2018\/02\/PLAKAT.jpg?fit=868%2C1200&ssl=1&resize=700%2C400 2x"},"classes":[]},{"id":2832,"url":"https:\/\/satg.pl\/geolog\/archiwa\/gielda-mineralow-w-kielcach\/","url_meta":{"origin":12179,"position":1},"title":"Gie\u0142da Minera\u0142\u00f3w w Kielcach","author":"Garapozales","date":"2014-11-27","format":false,"excerpt":"","rel":"","context":"W \u201eBez kategorii&quot;","block_context":{"text":"Bez kategorii","link":"https:\/\/satg.pl\/geolog\/archiwa\/category\/bez-kategorii\/"},"img":{"alt_text":"","src":"https:\/\/i0.wp.com\/satg.pl\/geolog\/wp-content\/uploads\/2014\/11\/Gie%C5%82da-XII2014.jpg?fit=706%2C960&ssl=1&resize=350%2C200","width":350,"height":200,"srcset":"https:\/\/i0.wp.com\/satg.pl\/geolog\/wp-content\/uploads\/2014\/11\/Gie%C5%82da-XII2014.jpg?fit=706%2C960&ssl=1&resize=350%2C200 1x, https:\/\/i0.wp.com\/satg.pl\/geolog\/wp-content\/uploads\/2014\/11\/Gie%C5%82da-XII2014.jpg?fit=706%2C960&ssl=1&resize=525%2C300 1.5x, https:\/\/i0.wp.com\/satg.pl\/geolog\/wp-content\/uploads\/2014\/11\/Gie%C5%82da-XII2014.jpg?fit=706%2C960&ssl=1&resize=700%2C400 2x"},"classes":[]},{"id":20119,"url":"https:\/\/satg.pl\/geolog\/archiwa\/gielda-mineralow-2\/","url_meta":{"origin":12179,"position":2},"title":"Gie\u0142da Minera\u0142\u00f3w","author":"Garapozales","date":"2017-11-08","format":false,"excerpt":"\u015awi\u0119tokrzyskie Towarzystwo Przyjaci\u00f3\u0142 Nauk Geologicznych zaprasza w dniach 25-26 listopada na LXI gie\u0142d\u0119 minera\u0142\u00f3w, skamienia\u0142o\u015bci i bi\u017cuterii. Zapraszamy r\u00f3wnie\u017c. \u00a0","rel":"","context":"W \u201eBez kategorii&quot;","block_context":{"text":"Bez kategorii","link":"https:\/\/satg.pl\/geolog\/archiwa\/category\/bez-kategorii\/"},"img":{"alt_text":"","src":"https:\/\/i0.wp.com\/satg.pl\/geolog\/wp-content\/uploads\/2017\/11\/Gielda2017.jpg?fit=856%2C1200&ssl=1&resize=350%2C200","width":350,"height":200,"srcset":"https:\/\/i0.wp.com\/satg.pl\/geolog\/wp-content\/uploads\/2017\/11\/Gielda2017.jpg?fit=856%2C1200&ssl=1&resize=350%2C200 1x, https:\/\/i0.wp.com\/satg.pl\/geolog\/wp-content\/uploads\/2017\/11\/Gielda2017.jpg?fit=856%2C1200&ssl=1&resize=525%2C300 1.5x, https:\/\/i0.wp.com\/satg.pl\/geolog\/wp-content\/uploads\/2017\/11\/Gielda2017.jpg?fit=856%2C1200&ssl=1&resize=700%2C400 2x"},"classes":[]},{"id":3417,"url":"https:\/\/satg.pl\/geolog\/archiwa\/gielda-mineralow-kielce\/","url_meta":{"origin":12179,"position":3},"title":"Gie\u0142da Minera\u0142\u00f3w &#8211; Kielce","author":"Garapozales","date":"2015-11-26","format":false,"excerpt":"","rel":"","context":"W \u201eKielce&quot;","block_context":{"text":"Kielce","link":"https:\/\/satg.pl\/geolog\/archiwa\/category\/kielce\/"},"img":{"alt_text":"","src":"https:\/\/i0.wp.com\/satg.pl\/geolog\/wp-content\/uploads\/2015\/11\/LVII-gie%C5%82da.jpg?fit=707%2C960&ssl=1&resize=350%2C200","width":350,"height":200,"srcset":"https:\/\/i0.wp.com\/satg.pl\/geolog\/wp-content\/uploads\/2015\/11\/LVII-gie%C5%82da.jpg?fit=707%2C960&ssl=1&resize=350%2C200 1x, https:\/\/i0.wp.com\/satg.pl\/geolog\/wp-content\/uploads\/2015\/11\/LVII-gie%C5%82da.jpg?fit=707%2C960&ssl=1&resize=525%2C300 1.5x, https:\/\/i0.wp.com\/satg.pl\/geolog\/wp-content\/uploads\/2015\/11\/LVII-gie%C5%82da.jpg?fit=707%2C960&ssl=1&resize=700%2C400 2x"},"classes":[]},{"id":19544,"url":"https:\/\/satg.pl\/geolog\/archiwa\/gielda-mineralow\/","url_meta":{"origin":12179,"position":4},"title":"Gie\u0142da Minera\u0142\u00f3w","author":"Garapozales","date":"2016-11-22","format":false,"excerpt":"\u015awi\u0119tokrzyskie Towarzystwo Przyjaci\u00f3\u0142 Nauk Geologicznych zaprasza na LIX Gie\u0142d\u0119 minera\u0142\u00f3w, skamienia\u0142o\u015bci i wyrob\u00f3w jubilerskich.","rel":"","context":"W \u201eBez kategorii&quot;","block_context":{"text":"Bez kategorii","link":"https:\/\/satg.pl\/geolog\/archiwa\/category\/bez-kategorii\/"},"img":{"alt_text":"","src":"https:\/\/i0.wp.com\/satg.pl\/geolog\/wp-content\/uploads\/2016\/11\/59-Gie%C5%82da-minera%C5%82%C3%B3w-Kielce.jpg?fit=854%2C1200&ssl=1&resize=350%2C200","width":350,"height":200,"srcset":"https:\/\/i0.wp.com\/satg.pl\/geolog\/wp-content\/uploads\/2016\/11\/59-Gie%C5%82da-minera%C5%82%C3%B3w-Kielce.jpg?fit=854%2C1200&ssl=1&resize=350%2C200 1x, https:\/\/i0.wp.com\/satg.pl\/geolog\/wp-content\/uploads\/2016\/11\/59-Gie%C5%82da-minera%C5%82%C3%B3w-Kielce.jpg?fit=854%2C1200&ssl=1&resize=525%2C300 1.5x, https:\/\/i0.wp.com\/satg.pl\/geolog\/wp-content\/uploads\/2016\/11\/59-Gie%C5%82da-minera%C5%82%C3%B3w-Kielce.jpg?fit=854%2C1200&ssl=1&resize=700%2C400 2x"},"classes":[]},{"id":12204,"url":"https:\/\/satg.pl\/geolog\/archiwa\/12204\/","url_meta":{"origin":12179,"position":5},"title":"Gie\u0142da Minera\u0142\u00f3w &#8211; to ju\u017c dzi\u015b","author":"Garapozales","date":"2016-02-27","format":false,"excerpt":"Od dzi\u015b do jutra w Centrum Kultury w Kielcach (Plac Moniuszki 2b) trwa 58 Gie\u0142da Minera\u0142\u00f3w zorganizowana przez \u015awi\u0119tokrzyskie Towarzystwo Przyjaci\u00f3\u0142 Nauk Geologicznych. Opr\u00f3cz pi\u0119kna z ca\u0142ego \u015bwiata zamkni\u0119tego w twardych ska\u0142ach i minera\u0142ach mo\u017cna podziwia\u0107 wyroby jubilerskie. A jest na co popatrze\u0107. My te\u017c zapraszamy. Poni\u017cej kilka uj\u0119\u0107 z\u2026","rel":"","context":"W \u201eBez kategorii&quot;","block_context":{"text":"Bez kategorii","link":"https:\/\/satg.pl\/geolog\/archiwa\/category\/bez-kategorii\/"},"img":{"alt_text":"","src":"https:\/\/i0.wp.com\/satg.pl\/geolog\/wp-content\/uploads\/2016\/02\/09_GieldaMineralow_2016_MBD.jpg?fit=1066%2C810&ssl=1&resize=350%2C200","width":350,"height":200,"srcset":"https:\/\/i0.wp.com\/satg.pl\/geolog\/wp-content\/uploads\/2016\/02\/09_GieldaMineralow_2016_MBD.jpg?fit=1066%2C810&ssl=1&resize=350%2C200 1x, https:\/\/i0.wp.com\/satg.pl\/geolog\/wp-content\/uploads\/2016\/02\/09_GieldaMineralow_2016_MBD.jpg?fit=1066%2C810&ssl=1&resize=525%2C300 1.5x, https:\/\/i0.wp.com\/satg.pl\/geolog\/wp-content\/uploads\/2016\/02\/09_GieldaMineralow_2016_MBD.jpg?fit=1066%2C810&ssl=1&resize=700%2C400 2x, https:\/\/i0.wp.com\/satg.pl\/geolog\/wp-content\/uploads\/2016\/02\/09_GieldaMineralow_2016_MBD.jpg?fit=1066%2C810&ssl=1&resize=1050%2C600 3x"},"classes":[]}],"jetpack_likes_enabled":true,"_links":{"self":[{"href":"https:\/\/satg.pl\/geolog\/wp-json\/wp\/v2\/posts\/12179","targetHints":{"allow":["GET"]}}],"collection":[{"href":"https:\/\/satg.pl\/geolog\/wp-json\/wp\/v2\/posts"}],"about":[{"href":"https:\/\/satg.pl\/geolog\/wp-json\/wp\/v2\/types\/post"}],"author":[{"embeddable":true,"href":"https:\/\/satg.pl\/geolog\/wp-json\/wp\/v2\/users\/1"}],"replies":[{"embeddable":true,"href":"https:\/\/satg.pl\/geolog\/wp-json\/wp\/v2\/comments?post=12179"}],"version-history":[{"count":1,"href":"https:\/\/satg.pl\/geolog\/wp-json\/wp\/v2\/posts\/12179\/revisions"}],"predecessor-version":[{"id":12388,"href":"https:\/\/satg.pl\/geolog\/wp-json\/wp\/v2\/posts\/12179\/revisions\/12388"}],"wp:featuredmedia":[{"embeddable":true,"href":"https:\/\/satg.pl\/geolog\/wp-json\/wp\/v2\/media\/12390"}],"wp:attachment":[{"href":"https:\/\/satg.pl\/geolog\/wp-json\/wp\/v2\/media?parent=12179"}],"wp:term":[{"taxonomy":"category","embeddable":true,"href":"https:\/\/satg.pl\/geolog\/wp-json\/wp\/v2\/categories?post=12179"},{"taxonomy":"post_tag","embeddable":true,"href":"https:\/\/satg.pl\/geolog\/wp-json\/wp\/v2\/tags?post=12179"}],"curies":[{"name":"wp","href":"https:\/\/api.w.org\/{rel}","templated":true}]}}