{"id":1082,"date":"2012-02-23T12:01:33","date_gmt":"2012-02-23T11:01:33","guid":{"rendered":"http:\/\/www.satg.pl\/wordpress\/?p=1082"},"modified":"2012-02-23T12:01:33","modified_gmt":"2012-02-23T11:01:33","slug":"kronika-trzcia-juz-jest","status":"publish","type":"post","link":"https:\/\/satg.pl\/geolog\/archiwa\/kronika-trzcia-juz-jest\/","title":{"rendered":"Kronika trzecia ju\u017c jest"},"content":{"rendered":"<p>W dziale &#8222;Kroniki&#8221; pojawi\u0142a si\u0119 kolejna kronika szkolna. Obejmuje lata 1974-1982. Kronik\u0119 zeskanowa\u0142 Dominik Szrek.<\/p>\n<p>Zapraszamy do lektury.<\/p>\n<p><a title=\"Kronika trzecia\" href=\"http:\/\/www.satg.pl\/wordpress\/kroniki\/kronika-trzecia\/\" target=\"_blank\">Kronika trzecia<\/a><\/p>\n","protected":false},"excerpt":{"rendered":"<p>W dziale &#8222;Kroniki&#8221; pojawi\u0142a si\u0119 kolejna kronika szkolna. Obejmuje lata 1974-1982. Kronik\u0119 zeskanowa\u0142 Dominik Szrek. Zapraszamy do lektury. Kronika trzecia<\/p>\n<p class=\"continue-reading-button\"> <a class=\"continue-reading-link\" href=\"https:\/\/satg.pl\/geolog\/archiwa\/kronika-trzcia-juz-jest\/\">Czytaj dalej<i class=\"crycon-right-dir\"><\/i><\/a><\/p>\n","protected":false},"author":1,"featured_media":0,"comment_status":"open","ping_status":"open","sticky":false,"template":"","format":"standard","meta":{"ngg_post_thumbnail":0,"jetpack_post_was_ever_published":false,"_jetpack_newsletter_access":"","_jetpack_dont_email_post_to_subs":false,"_jetpack_newsletter_tier_id":0,"_jetpack_memberships_contains_paywalled_content":false,"_jetpack_memberships_contains_paid_content":false,"footnotes":"","jetpack_publicize_message":"","jetpack_publicize_feature_enabled":true,"jetpack_social_post_already_shared":true,"jetpack_social_options":{"image_generator_settings":{"template":"highway","default_image_id":0,"font":"","enabled":false},"version":2}},"categories":[1,6],"tags":[],"class_list":["post-1082","post","type-post","status-publish","format-standard","hentry","category-bez-kategorii","category-kronika"],"jetpack_publicize_connections":[],"jetpack_featured_media_url":"","jetpack_sharing_enabled":true,"jetpack_shortlink":"https:\/\/wp.me\/p7jPbe-hs","jetpack-related-posts":[{"id":1467,"url":"https:\/\/satg.pl\/geolog\/archiwa\/kronika-czwarta\/","url_meta":{"origin":1082,"position":0},"title":"Kronika czwarta","author":"Garapozales","date":"2013-01-30","format":false,"excerpt":"Zapraszam do wspomnie\u0144 z czwart\u0105 ju\u017c kronik\u0105 szkoln\u0105 z lat 1982-1986.","rel":"","context":"W \u201ekronika&quot;","block_context":{"text":"kronika","link":"https:\/\/satg.pl\/geolog\/archiwa\/category\/kronika\/"},"img":{"alt_text":"","src":"https:\/\/i0.wp.com\/www.satg.pl\/wordpress\/wp-content\/uploads\/2011\/01\/4_000-225x300.jpg?resize=350%2C200","width":350,"height":200},"classes":[]},{"id":460,"url":"https:\/\/satg.pl\/geolog\/archiwa\/kroniki-szkolne\/","url_meta":{"origin":1082,"position":1},"title":"Kroniki szkolne","author":"Garapozales","date":"2011-01-11","format":false,"excerpt":"Pojawi\u0142a si\u0119 nowa podstrona, na kt\u00f3rej b\u0119dzie mo\u017cna wirtualnie przegl\u0105da\u0107 kroniki szkolne. W tej chwili na tej podstronie widnieje pierwsza i druga kronika obejmuj\u0105ca lata 1953-1973. Je\u015bli strona b\u0119dzie si\u0119 cieszy\u0107 zainteresowaniem powstan\u0105 podobne kroniki z lat p\u00f3\u017aniejszych, a tak\u017ce kroniki Gagacie. \u017beby przegl\u0105da\u0107 kroniki wystarczy myszk\u0105 \"chwyci\u0107\" za r\u00f3g\u2026","rel":"","context":"W \u201ekronika&quot;","block_context":{"text":"kronika","link":"https:\/\/satg.pl\/geolog\/archiwa\/category\/kronika\/"},"img":{"alt_text":"","src":"https:\/\/i0.wp.com\/satg.pl\/geolog\/wp-content\/uploads\/2011\/01\/Kroniki_szkolne.png?fit=495%2C219&ssl=1&resize=350%2C200","width":350,"height":200},"classes":[]},{"id":55,"url":"https:\/\/satg.pl\/geolog\/archiwa\/projekt-tablicy\/","url_meta":{"origin":1082,"position":2},"title":"Projekt tablicy","author":"Garapozales","date":"2010-06-02","format":false,"excerpt":"Projekt tablicy na g\u0142az narzutowy znajduj\u0105cy si\u0119 pod d\u0119bem przed starym budynkiem szko\u0142y (obecnie Wojew\u00f3dzka Biblioteka Publiczna) \u00a0","rel":"","context":"W \u201eKielce&quot;","block_context":{"text":"Kielce","link":"https:\/\/satg.pl\/geolog\/archiwa\/category\/kielce\/"},"img":{"alt_text":"","src":"https:\/\/i0.wp.com\/satg.pl\/geolog\/wp-content\/uploads\/2010\/06\/plyta-Kopia.jpg?fit=400%2C292&ssl=1&resize=350%2C200","width":350,"height":200},"classes":[]},{"id":59,"url":"https:\/\/satg.pl\/geolog\/archiwa\/osloniecie\/","url_meta":{"origin":1082,"position":3},"title":"Ods\u0142oni\u0119cie","author":"Garapozales","date":"2010-06-10","format":false,"excerpt":"24 czerwca odb\u0119dzie si\u0119 uroczyste ods\u0142oni\u0119cie tablicy, o kt\u00f3rej pisali\u015bmy wcze\u015bniej. Zapraszamy wszystkich Absolwent\u00f3w oraz sympatyk\u00f3w. Uczcijmy pami\u0119\u0107 naszego ukochanego dyr. Jana Kami\u0144skiego licznym przybyciem. Ods\u0142oni\u0119cie rozpocznie si\u0119 o godzinie 14:00 przy starym budynku Geologa (obecnie Wojew\u00f3dzka Biblioteka Publiczna) [gview file=\"http:\/\/satg.pl\/geolog\/wp-content\/uploads\/2010\/06\/tablica-prezydium.pdf\"]","rel":"","context":"W \u201eKielce&quot;","block_context":{"text":"Kielce","link":"https:\/\/satg.pl\/geolog\/archiwa\/category\/kielce\/"},"img":{"alt_text":"","src":"https:\/\/i0.wp.com\/satg.pl\/geolog\/wp-content\/uploads\/2010\/06\/plyta-Kopia.jpg?fit=400%2C292&ssl=1&resize=350%2C200","width":350,"height":200},"classes":[]},{"id":47,"url":"https:\/\/satg.pl\/geolog\/archiwa\/uzupelnienie-biuletynu\/","url_meta":{"origin":1082,"position":4},"title":"Uzupe\u0142nienie biuletynu","author":"Garapozales","date":"2010-03-30","format":false,"excerpt":"UZUPE\u0141NIENIE DO BIULETYNU STOWARZYSZENIA ABSOLWENT\u00d3W TECHNIKUM GEOLOGICZNEGO W KIELCACH z 2003 r. na 10 lutego 2010 r. \u00a0 \u00a0 Likwidacja Technikum Geologicznego w Kielcach w czerwcu 2005 r. (wtedy opu\u015bci\u0142 szko\u0142\u0119 ostatni absolwent) nie zniech\u0119ci\u0142a wychowank\u00f3w skupionych w Kole Absolwent\u00f3w do kontynuacji \u2026\u00a0 [gview file=\"http:\/\/satg.pl\/geolog\/wp-content\/uploads\/2016\/03\/biuletyn2010.pdf\"]","rel":"","context":"W \u201eKielce&quot;","block_context":{"text":"Kielce","link":"https:\/\/satg.pl\/geolog\/archiwa\/category\/kielce\/"},"img":{"alt_text":"G\u0142az narzutowy","src":"https:\/\/i0.wp.com\/garapo.o12.pl\/wp-content\/uploads\/2010\/03\/068_glaznarzutowyjanprzedtechnikumgeologicznymprzyul-300x225.jpg?resize=350%2C200","width":350,"height":200},"classes":[]},{"id":68,"url":"https:\/\/satg.pl\/geolog\/archiwa\/barborka-i-finalodsloniecia\/","url_meta":{"origin":1082,"position":5},"title":"Barb\u00f3rka i &#8222;fina\u0142&#8221;ods\u0142oni\u0119cia","author":"Garapozales","date":"2010-10-08","format":false,"excerpt":"Stowarzyszenie zaprasza 13 listopada 2010 roku na \u00a0uroczyste ods\u0142oni\u0119cie tablicy ku czci Jana Kami\u0144skiego, kt\u00f3re odb\u0119dzie si\u0119 o godzinie 17.00 oraz \u00a0na coroczn\u0105 Barb\u00f3rk\u0119. VI biesiada odb\u0119dzie si\u0119 w hotelu Kameralnym przy ul. Tarnowskiej 7 \u2013 start godzina 18.00. tablica-barborka","rel":"","context":"W \u201eBarb\u00f3rka&quot;","block_context":{"text":"Barb\u00f3rka","link":"https:\/\/satg.pl\/geolog\/archiwa\/category\/barborka\/"},"img":{"alt_text":"","src":"https:\/\/i0.wp.com\/satg.pl\/geolog\/wp-content\/uploads\/2010\/06\/plyta-Kopia.jpg?fit=400%2C292&ssl=1&resize=350%2C200","width":350,"height":200},"classes":[]}],"jetpack_likes_enabled":true,"_links":{"self":[{"href":"https:\/\/satg.pl\/geolog\/wp-json\/wp\/v2\/posts\/1082","targetHints":{"allow":["GET"]}}],"collection":[{"href":"https:\/\/satg.pl\/geolog\/wp-json\/wp\/v2\/posts"}],"about":[{"href":"https:\/\/satg.pl\/geolog\/wp-json\/wp\/v2\/types\/post"}],"author":[{"embeddable":true,"href":"https:\/\/satg.pl\/geolog\/wp-json\/wp\/v2\/users\/1"}],"replies":[{"embeddable":true,"href":"https:\/\/satg.pl\/geolog\/wp-json\/wp\/v2\/comments?post=1082"}],"version-history":[{"count":0,"href":"https:\/\/satg.pl\/geolog\/wp-json\/wp\/v2\/posts\/1082\/revisions"}],"wp:attachment":[{"href":"https:\/\/satg.pl\/geolog\/wp-json\/wp\/v2\/media?parent=1082"}],"wp:term":[{"taxonomy":"category","embeddable":true,"href":"https:\/\/satg.pl\/geolog\/wp-json\/wp\/v2\/categories?post=1082"},{"taxonomy":"post_tag","embeddable":true,"href":"https:\/\/satg.pl\/geolog\/wp-json\/wp\/v2\/tags?post=1082"}],"curies":[{"name":"wp","href":"https:\/\/api.w.org\/{rel}","templated":true}]}}