{"id":10249,"date":"2016-01-21T09:54:04","date_gmt":"2016-01-21T08:54:04","guid":{"rendered":"http:\/\/garapo.o12.pl\/?p=10249"},"modified":"2016-03-12T14:13:38","modified_gmt":"2016-03-12T13:13:38","slug":"jeszcze-kilka-slow-janie-kaminskim","status":"publish","type":"post","link":"https:\/\/satg.pl\/geolog\/archiwa\/jeszcze-kilka-slow-janie-kaminskim\/","title":{"rendered":"Jeszcze kilka s\u0142\u00f3w o Janie Kami\u0144skim"},"content":{"rendered":"<p>autor Jerzy J\u0119drychowski<\/p>\n<p>W dniu 5 grudnia 2015 w ko\u015bciele na Karcz\u00f3wce odby\u0142a si\u0119 uroczysta msza<\/p>\n<p>po\u015bwi\u0119cona pami\u0119ci pierwszego dyrektora Technikum Geologicznego w Kielcach \u2013<\/p>\n<p>Jana Rafa\u0142a Kami\u0144skiego. Ten wybitny pedagog, budowniczy a nade wszystko<\/p>\n<p>ogromnej zacno\u015bci cz\u0142owiek i przyjaciel m\u0142odzie\u017cy pozosta\u0142 w pami\u0119ci wielu pokole\u0144<\/p>\n<p>absolwent\u00f3w. By\u0142 budowniczym nie tylko naszej szko\u0142y \u2013 szko\u0142y kt\u00f3ra zapisa\u0142a si\u0119 w<\/p>\n<p>historii naszego miasta z\u0142otymi zg\u0142oskami, by\u0142 przede wszystkim budowniczym<\/p>\n<p>ogromnej geologicznej rodziny. Rodziny, kt\u00f3r\u0105 nauczy\u0142 mi\u0142o\u015bci, wzajemnego<\/p>\n<p>szacunku, poszanowania wszelkich pozytywnych warto\u015bci, kt\u00f3re mimo up\u0142ywu lat nie<\/p>\n<p>zagin\u0119\u0142y. W mszy, kt\u00f3rej gospodarzem by\u0142 Ksi\u0105dz Rektor Jan Oleszko wzi\u0105\u0142 udzia\u0142<\/p>\n<p>Jego Ekscelencja Ksi\u0105dz Biskup Marian Florczyk za\u015b\u00a0 kazanie wyg\u0142osi\u0142 kapelan braci<\/p>\n<p>geologicznej, absolwent naszej\u00a0 szko\u0142y, Ksi\u0105dz Proboszcz Jacek Wargocki. Po<\/p>\n<p>kazaniu zabra\u0142 r\u00f3wnie\u017c g\u0142os przedstawiciel pierwszego rocznika Technikum<\/p>\n<p>Geologicznego &#8211; W\u0142adys\u0142aw Kamusi\u0144ski. Bardzo mi\u0142ym akcentem by\u0142a obecno\u015b\u0107<\/p>\n<p>pocztu sztandarowego oraz grupy absolwent\u00f3w w strojach galowych. Wiele os\u00f3b<\/p>\n<p>przyjecha\u0142o na uroczyst\u0105 msz\u0119 z odleg\u0142ych zak\u0105tk\u00f3w naszego kraju. Po mszy,<\/p>\n<p>wszyscy jej uczestnicy przeszli w pobli\u017ce skrzy\u017cowania ulicy Jagiello\u0144skiej i<\/p>\n<p>Karcz\u00f3wkowskiej gdzie dokonano uroczystego ods\u0142oni\u0119cia tablicy pami\u0105tkowej na<\/p>\n<p>posadowionym tam wapiennym obelisku. Tablica zawiera informacje o Janie<\/p>\n<p>Kami\u0144skim, kt\u00f3ry od tego w\u0142a\u015bnie dnia, zosta\u0142 patronem ulicy biegn\u0105cej r\u00f3wnolegle<\/p>\n<p>do Karcz\u00f3wkowskiej w stron\u0119 klasztornego wzg\u00f3rza. Tablic\u0119 ods\u0142onili W\u0142adys\u0142aw<\/p>\n<p>Kamusi\u0144ski i Stanis\u0142aw Dziura a jej po\u015bwi\u0119cenia dokona\u0142 Ksi\u0105dz Biskup Marian<\/p>\n<p>Florczyk. Zar\u00f3wno podczas mszy jak i uroczysto\u015bci przy pami\u0105tkowej tablicy, obecni<\/p>\n<p>byli przedstawiciele kieleckich medi\u00f3w, dziennikarze, fotoreporterzy i pracownicy<\/p>\n<p>telewizji regionalnej. Jako uzupe\u0142nienie informacji o uroczysto\u015bciach zwi\u0105zanych z<\/p>\n<p>nadaniem jednej z kieleckich ulic imienia Jana Rafa\u0142a Kami\u0144skiego, nale\u017cy doda\u0107 \u017ce<\/p>\n<p>ju\u017c w Geoparku Kielce, dzia\u0142aj\u0105cy tam od 12 lat Klub Mi\u0142o\u015bnik\u00f3w Geologii nosi imi\u0119<\/p>\n<p>Jana Kami\u0144skiego co po\u015bwiadcza wmurowana tam w 2012 roku tablica z<\/p>\n<p>wizerunkiem Dyrektora. Zar\u00f3wno obelisk z tablic\u0105 jak i tablica z wizerunkiem,<\/p>\n<p>wmurowana w Geoparku jest ufundowana przez absolwent\u00f3w Technikum<\/p>\n<p>Geologicznego ze szczeg\u00f3lnym wskazaniem g\u0142\u00f3wnego wykonawcy tych<\/p>\n<p>przedsi\u0119wzi\u0119\u0107,\u00a0 Jerzego Tokarczyka z Suchedniowa. Wspominaj\u0105c Geopark Kielce<\/p>\n<p>nale\u017cy r\u00f3wnie\u017c poinformowa\u0107, \u017ce jest to miejsce przechowywania wielu pami\u0105tek\u00a0 po<\/p>\n<p>dyrektorze Kami\u0144skim jak te\u017c po technikum. S\u0105 tam ksi\u0119gi pami\u0105tkowe, historia<\/p>\n<p>szko\u0142y, dokumenty, listy, odznaczenia, wydawnictwa zwi\u0105zane ze szko\u0142\u0105, jest to<\/p>\n<p>r\u00f3wnie\u017c miejsce gdzie przechowywany jest sztandar. Obecnie wszystkimi tymi<\/p>\n<p>pami\u0105tkami opiekuje si\u0119 autor powy\u017cszej notatki &#8211; Jerzy J\u0119drychowski, absolwent<\/p>\n<p>rocznika 1970.<\/p>\n","protected":false},"excerpt":{"rendered":"<p>autor Jerzy J\u0119drychowski W dniu 5 grudnia 2015 w ko\u015bciele na Karcz\u00f3wce odby\u0142a si\u0119 uroczysta msza po\u015bwi\u0119cona pami\u0119ci pierwszego dyrektora Technikum Geologicznego w Kielcach \u2013 Jana Rafa\u0142a Kami\u0144skiego. Ten wybitny pedagog, budowniczy a nade wszystko ogromnej zacno\u015bci cz\u0142owiek i przyjaciel m\u0142odzie\u017cy pozosta\u0142 w pami\u0119ci wielu pokole\u0144 absolwent\u00f3w. By\u0142 budowniczym nie\u2026<\/p>\n<p class=\"continue-reading-button\"> <a class=\"continue-reading-link\" href=\"https:\/\/satg.pl\/geolog\/archiwa\/jeszcze-kilka-slow-janie-kaminskim\/\">Czytaj dalej<i class=\"crycon-right-dir\"><\/i><\/a><\/p>\n","protected":false},"author":1,"featured_media":12394,"comment_status":"open","ping_status":"open","sticky":false,"template":"","format":"standard","meta":{"ngg_post_thumbnail":0,"jetpack_post_was_ever_published":false,"_jetpack_newsletter_access":"","_jetpack_dont_email_post_to_subs":false,"_jetpack_newsletter_tier_id":0,"_jetpack_memberships_contains_paywalled_content":false,"_jetpack_memberships_contains_paid_content":false,"footnotes":"","jetpack_publicize_message":"","jetpack_publicize_feature_enabled":true,"jetpack_social_post_already_shared":true,"jetpack_social_options":{"image_generator_settings":{"template":"highway","default_image_id":0,"font":"","enabled":false},"version":2}},"categories":[4,5,9,10],"tags":[16,22],"class_list":["post-10249","post","type-post","status-publish","format-standard","has-post-thumbnail","hentry","category-jubileusz","category-kielce","category-swietogory","category-swietokrzyskie","tag-biuletyn","tag-kaminski"],"jetpack_publicize_connections":[],"jetpack_featured_media_url":"https:\/\/i0.wp.com\/satg.pl\/geolog\/wp-content\/uploads\/2016\/01\/Kami%C5%84ski-165x201.jpg?fit=165%2C201&ssl=1","jetpack_sharing_enabled":true,"jetpack_shortlink":"https:\/\/wp.me\/p7jPbe-2Fj","jetpack-related-posts":[{"id":8824,"url":"https:\/\/satg.pl\/geolog\/archiwa\/stasiu-wladkowi\/","url_meta":{"origin":10249,"position":0},"title":"Wspomnienie Stasia o W\u0142adku &#8230;","author":"Garapozales","date":"2016-01-11","format":false,"excerpt":"OSTATNIE PO\u017bEGNANIE naszego przyjaciela i absolwenta Technikum Geologicznego w Kielcach \u201eDziadka W\u0142adka\u201d \u015aP.W\u0141ADYS\u0141AWA KAMUSI\u0143SKIEGO - urodzonego 10.07.1941 r. w miejscowo\u015bci Umer k. Kielc, gm. Zagna\u0144sk - zmar\u0142ego 17.12.2015 r. w Krakowie prze\u017cywszy lat 74 Przebieg pracy zawodowej: 1962 r., uko\u0144czy\u0142 Technikum Geologiczne w Kielcach, kierunek wiertnictwo 1962 \u2013 1965 r.\u2026","rel":"","context":"W \u201eBez kategorii&quot;","block_context":{"text":"Bez kategorii","link":"https:\/\/satg.pl\/geolog\/archiwa\/category\/bez-kategorii\/"},"img":{"alt_text":"WKamusinski","src":"https:\/\/i0.wp.com\/satg.pl\/geolog\/wp-content\/uploads\/2016\/01\/WKamusinski-171x300.png?resize=350%2C200","width":350,"height":200},"classes":[]},{"id":1588,"url":"https:\/\/satg.pl\/geolog\/archiwa\/o-uczniach-ktorzy-kochali-swoja-szkole-czyli-fenomen-technikum-geologicznego-w-kielcach\/","url_meta":{"origin":10249,"position":1},"title":"O UCZNIACH, KT\u00d3RZY KOCHALI SWOJ\u0104 SZKO\u0141\u0118 CZYLI FENOMEN TECHNIKUM GEOLOGICZNEGO W KIELCACH","author":"Garapozales","date":"2013-05-21","format":false,"excerpt":"O UCZNIACH, KT\u00d3RZY KOCHALI SWOJ\u0104 SZKO\u0141\u0118, CZYLI FENOMEN TECHNIKUM GEOLOGICZNEGO W\u00a0KIELCACH NAPISANE PRZEZ: ZOFIA TERESA KRAMER (PAWLIK), matura 1983 D\u0142ugo my\u015bla\u0142am co powinnam napisa\u0107, aby przekaza\u0107 moje wspomnienia z pi\u0119ciu fantastycznych lat \u017cycia i nikogo nie pomin\u0105\u0107, dlatego nikogo nie wymieniam tu z imienia i nazwiska. Ci, kt\u00f3rzy byli i\u2026","rel":"","context":"W \u201eBez kategorii&quot;","block_context":{"text":"Bez kategorii","link":"https:\/\/satg.pl\/geolog\/archiwa\/category\/bez-kategorii\/"},"img":{"alt_text":"","src":"","width":0,"height":0},"classes":[]},{"id":2813,"url":"https:\/\/satg.pl\/geolog\/archiwa\/biesiada-w-tekscie\/","url_meta":{"origin":10249,"position":2},"title":"Biesiada w tek\u015bcie","author":"Garapozales","date":"2014-11-25","format":false,"excerpt":"Kr\u00f3tka historia Biesiady Barb\u00f3rkowej Na jubileuszow\u0105 X Biesiad\u0119 Barb\u00f3rkow\u0105 przybyli w zdumiewaj\u0105cej ilo\u015bci z ca\u0142ej Polski absolwenci \"Geologa\". Swoj\u0105 obecno\u015bci\u0105 zaszczyci\u0142o nas r\u00f3wnie\u017c licznie grono pedagogiczne. Przybyli Pani Dyrektor Jolanta Szajn i Dyrektor Tadeusz Mertyna, Profesorowie: Krystyna J\u00f3\u017awik, Barbara So\u0142owow, El\u017cbieta Religa, Barbara Nowak, Andrzej Mazur, J\u00f3zef Mrozicki. Przed rozpocz\u0119ciem\u2026","rel":"","context":"W \u201eBarb\u00f3rka&quot;","block_context":{"text":"Barb\u00f3rka","link":"https:\/\/satg.pl\/geolog\/archiwa\/category\/barborka\/"},"img":{"alt_text":"","src":"","width":0,"height":0},"classes":[]},{"id":324,"url":"https:\/\/satg.pl\/geolog\/archiwa\/barborka-2010\/","url_meta":{"origin":10249,"position":3},"title":"Barb\u00f3rka 2010 i ods\u0142oni\u0119cie tablicy","author":"Garapozales","date":"2010-11-21","format":false,"excerpt":"13 listopada odby\u0142a si\u0119 w restauracji hotelu Kameralnego w Kielcach kolejna \"szkolna\" Barb\u00f3rka. Zabawa, my\u015bl\u0119, \u017ce ka\u017cdy ma mi\u0142e wspomnienia, trwa\u0142a do bia\u0142ego rana. By\u0142y zabawy i ta\u0144ce i oczywi\u015bcie jak to przy karczmie piwo. W dziale Fotografie>Barb\u00f3rki s\u0105 do zobaczenia zdj\u0119cia. Przed Barb\u00f3rk\u0105 odby\u0142o si\u0119 uroczyste ods\u0142oni\u0119cie tablicy (pami\u0119ci\u2026","rel":"","context":"W \u201eBarb\u00f3rka&quot;","block_context":{"text":"Barb\u00f3rka","link":"https:\/\/satg.pl\/geolog\/archiwa\/category\/barborka\/"},"img":{"alt_text":"","src":"https:\/\/i0.wp.com\/satg.pl\/geolog\/wp-content\/uploads\/2010\/11\/barborka2010_023.jpg?fit=811%2C1200&ssl=1&resize=350%2C200","width":350,"height":200,"srcset":"https:\/\/i0.wp.com\/satg.pl\/geolog\/wp-content\/uploads\/2010\/11\/barborka2010_023.jpg?fit=811%2C1200&ssl=1&resize=350%2C200 1x, https:\/\/i0.wp.com\/satg.pl\/geolog\/wp-content\/uploads\/2010\/11\/barborka2010_023.jpg?fit=811%2C1200&ssl=1&resize=525%2C300 1.5x, https:\/\/i0.wp.com\/satg.pl\/geolog\/wp-content\/uploads\/2010\/11\/barborka2010_023.jpg?fit=811%2C1200&ssl=1&resize=700%2C400 2x"},"classes":[]},{"id":22595,"url":"https:\/\/satg.pl\/geolog\/archiwa\/200-lat-od-smierci-stanislawa-staszica\/","url_meta":{"origin":10249,"position":4},"title":"200 lat od \u015bmierci Stanis\u0142awa Staszica","author":"Garapozales","date":"2026-02-06","format":false,"excerpt":"Obchody 200 lat od \u015bmierci Stanis\u0142awa Staszica rozpocz\u0119te. Nasz sztandar by\u0142 obecny. Niewielka grupa przedstawicieli absolwent\u00f3w T.G wzi\u0119\u0142a udzia\u0142 w z\u0142o\u017ceniu kwiat\u00f3w pod obeliskiem Stanis\u0142aw Staszica w dwusetn\u0105 rocznic\u0119 \u015bmierci wielkiego Polaka i partona naszej szko\u0142y.","rel":"","context":"W \u201eBez kategorii&quot;","block_context":{"text":"Bez kategorii","link":"https:\/\/satg.pl\/geolog\/archiwa\/category\/bez-kategorii\/"},"img":{"alt_text":"","src":"https:\/\/i0.wp.com\/satg.pl\/geolog\/wp-content\/uploads\/2026\/02\/619258492_1230412375769354_4735497864794546037_n.jpg?resize=350%2C200&ssl=1","width":350,"height":200,"srcset":"https:\/\/i0.wp.com\/satg.pl\/geolog\/wp-content\/uploads\/2026\/02\/619258492_1230412375769354_4735497864794546037_n.jpg?resize=350%2C200&ssl=1 1x, https:\/\/i0.wp.com\/satg.pl\/geolog\/wp-content\/uploads\/2026\/02\/619258492_1230412375769354_4735497864794546037_n.jpg?resize=525%2C300&ssl=1 1.5x, https:\/\/i0.wp.com\/satg.pl\/geolog\/wp-content\/uploads\/2026\/02\/619258492_1230412375769354_4735497864794546037_n.jpg?resize=700%2C400&ssl=1 2x, https:\/\/i0.wp.com\/satg.pl\/geolog\/wp-content\/uploads\/2026\/02\/619258492_1230412375769354_4735497864794546037_n.jpg?resize=1050%2C600&ssl=1 3x, https:\/\/i0.wp.com\/satg.pl\/geolog\/wp-content\/uploads\/2026\/02\/619258492_1230412375769354_4735497864794546037_n.jpg?resize=1400%2C800&ssl=1 4x"},"classes":[]},{"id":20113,"url":"https:\/\/satg.pl\/geolog\/archiwa\/spotkanie-w-sercu-gor-swietokrzyskich\/","url_meta":{"origin":10249,"position":5},"title":"Spotkanie w sercu G\u00f3r \u015awi\u0119tokrzyskich","author":"Garapozales","date":"2017-10-10","format":false,"excerpt":"Rubinowy jubileusz absolwent\u00f3w Technikum Geologicznego w Kielcach Absolwenci Technikum Geologicznego rocznik 1972 \u2013 1977 po czterdziestu latach od egzaminu maturalnego spotkali si\u0119 w samym sercu G\u00f3r \u015awi\u0119tokrzyskich, czyli w Nowej S\u0142upi. Widoczny st\u0105d klasztor Oblat\u00f3w na \u015awi\u0119tym Krzy\u017cu oraz pasmo \u0141ysog\u00f3r by\u0142o t\u0142em zdj\u0119cia, do kt\u00f3rego rado\u015bnie ustawili si\u0119 absolwenci\u2026","rel":"","context":"W \u201eBez kategorii&quot;","block_context":{"text":"Bez kategorii","link":"https:\/\/satg.pl\/geolog\/archiwa\/category\/bez-kategorii\/"},"img":{"alt_text":"Grupowe zdj\u0119cie absolwent\u00f3w wraz z pani\u0105 prof. Teres\u0105 Taszek na tle \u015aw. Krzy\u017ca","src":"https:\/\/i0.wp.com\/satg.pl\/geolog\/wp-content\/uploads\/2017\/10\/Zjazd-Absolwent%C3%B3wTG-Kielce-2017_na-portal-1024x576.jpg?resize=350%2C200","width":350,"height":200,"srcset":"https:\/\/i0.wp.com\/satg.pl\/geolog\/wp-content\/uploads\/2017\/10\/Zjazd-Absolwent%C3%B3wTG-Kielce-2017_na-portal-1024x576.jpg?resize=350%2C200 1x, https:\/\/i0.wp.com\/satg.pl\/geolog\/wp-content\/uploads\/2017\/10\/Zjazd-Absolwent%C3%B3wTG-Kielce-2017_na-portal-1024x576.jpg?resize=525%2C300 1.5x, https:\/\/i0.wp.com\/satg.pl\/geolog\/wp-content\/uploads\/2017\/10\/Zjazd-Absolwent%C3%B3wTG-Kielce-2017_na-portal-1024x576.jpg?resize=700%2C400 2x"},"classes":[]}],"jetpack_likes_enabled":true,"_links":{"self":[{"href":"https:\/\/satg.pl\/geolog\/wp-json\/wp\/v2\/posts\/10249","targetHints":{"allow":["GET"]}}],"collection":[{"href":"https:\/\/satg.pl\/geolog\/wp-json\/wp\/v2\/posts"}],"about":[{"href":"https:\/\/satg.pl\/geolog\/wp-json\/wp\/v2\/types\/post"}],"author":[{"embeddable":true,"href":"https:\/\/satg.pl\/geolog\/wp-json\/wp\/v2\/users\/1"}],"replies":[{"embeddable":true,"href":"https:\/\/satg.pl\/geolog\/wp-json\/wp\/v2\/comments?post=10249"}],"version-history":[{"count":2,"href":"https:\/\/satg.pl\/geolog\/wp-json\/wp\/v2\/posts\/10249\/revisions"}],"predecessor-version":[{"id":18247,"href":"https:\/\/satg.pl\/geolog\/wp-json\/wp\/v2\/posts\/10249\/revisions\/18247"}],"wp:featuredmedia":[{"embeddable":true,"href":"https:\/\/satg.pl\/geolog\/wp-json\/wp\/v2\/media\/12394"}],"wp:attachment":[{"href":"https:\/\/satg.pl\/geolog\/wp-json\/wp\/v2\/media?parent=10249"}],"wp:term":[{"taxonomy":"category","embeddable":true,"href":"https:\/\/satg.pl\/geolog\/wp-json\/wp\/v2\/categories?post=10249"},{"taxonomy":"post_tag","embeddable":true,"href":"https:\/\/satg.pl\/geolog\/wp-json\/wp\/v2\/tags?post=10249"}],"curies":[{"name":"wp","href":"https:\/\/api.w.org\/{rel}","templated":true}]}}